{"id":249501,"date":"2016-07-04T10:27:21","date_gmt":"2016-07-04T10:27:21","guid":{"rendered":"http:\/\/diariodominicano.ddns.net\/?p=249501"},"modified":"2016-07-04T10:27:21","modified_gmt":"2016-07-04T10:27:21","slug":"culmina-en-venezuela-plan-de-racionamiento-electrico","status":"publish","type":"post","link":"https:\/\/diariodominicano.com\/?p=249501","title":{"rendered":"Culmina en Venezuela plan de racionamiento el\u00e9ctrico"},"content":{"rendered":"<p><body><\/p>\n<p><img decoding=\"async\" src=\"img3\/Venezulaluz4-7.jpg\" \/>  <\/p>\n<p><span class=\"text1noticias\">CARACAS, 4 jul (Xinhua) &#8212; El Plan de Administraci\u00f3n de Carga (PAC) implementando en Venezuela desde abril pasado, como parte de las acciones del gobierno venezolano para garantizar el ahorro energ\u00e9tico ante la sequ\u00eda que afecta al pa\u00eds, queda suspendido desde hoy lunes.<\/span><\/p>\n<p><span class=\"text1noticias\"> <\/span><\/p>\n<p><span class=\"text1noticias\">     Seg\u00fan manifest\u00f3 el pasado 1 de julio el presidente venezolano, Nicol\u00e1s Maduro, tras la suspensi\u00f3n del PAC el servicio el\u00e9ctrico \u00aboperar\u00e1 de manera normal las 24 horas\u00bb del d\u00eda.<\/span><\/p>\n<p><span class=\"text1noticias\"> <\/span><\/p>\n<p><span class=\"text1noticias\">     Con la medida de racionamiento, las zonas residenciales de 19 entidades del pa\u00eds sufrieron cortes el\u00e9ctricos, inicialmente de cuatro horas, y luego se aprob\u00f3 una \u00abflexibilizaci\u00f3n\u00bb que lo llev\u00f3 a tres horas por d\u00eda.<\/span><\/p>\n<p><span class=\"text1noticias\"> <\/span><\/p>\n<p><span class=\"text1noticias\">     La suspensi\u00f3n del PAC se da en el contexto de la \u00absignificativa\u00bb recuperaci\u00f3n sobre los niveles de agua del embalse de Guri en el sure\u00f1o estado de Bol\u00edvar, despu\u00e9s de un largo per\u00edodo de sequ\u00eda a consecuencia del fen\u00f3meno natural \u00abEl Ni\u00f1o\u00bb.<\/span><\/p>\n<p><span class=\"text1noticias\"> <\/span><\/p>\n<p><span class=\"text1noticias\">     Maduro asegur\u00f3 al respecto que \u00abestamos en condiciones para un servicio el\u00e9ctrico que funcione de manera natural\u00bb.<\/span><\/p>\n<p><span class=\"text1noticias\"> <\/span><\/p>\n<p><span class=\"text1noticias\">     El mandatario afirm\u00f3 que en el pa\u00eds tambi\u00e9n se lleva a cabo la operaci\u00f3n \u00abcambalache\u00bb, a  trav\u00e9s de la cual se implementa la sustituci\u00f3n de bombillos ahorradores, lo que aunado al cambio de aires acondicionados ha permitido reservar un total de 4.600 megavatios.<\/span><\/p>\n<p><span class=\"text1noticias\"> <\/span><\/p>\n<p><span class=\"text1noticias\">     En Venezuela, el 70 por ciento de la energ\u00eda proviene de las hidroel\u00e9ctricas, por lo que el d\u00e9ficit de precipitaciones que se mantiene en el pa\u00eds desde 2013 y que se acentu\u00f3 durante los primeros meses de 2016, tuvo un impacto directo sobre la capacidad de generaci\u00f3n del Sistema El\u00e9ctrico Nacional.<\/span><\/p>\n<p><span class=\"text1noticias\"> <\/span><\/p>\n<p><span class=\"text1noticias\">     Para contrarrestar los efectos negativos, la administraci\u00f3n venezolana tom\u00f3 otras medidas especiales, como el decreto de tres d\u00edas semanales no laborables (mi\u00e9rcoles, jueves y viernes) para el sector p\u00fablico.<\/span><\/p>\n<p><span class=\"text1noticias\"> <\/span><\/p>\n<p><span class=\"text1noticias\">     Entr\u00f3 tambi\u00e9n en vigencia desde el pasado 1 de mayo, el cambio de huso horario (adelanto de 30 minutos con relaci\u00f3n al meridiano de Greenwich) y se mantuvo el viernes como d\u00eda de descanso <\/span>escolar.<\/p>\n<h6> 2016-07-04 10:27:21 <\/h6>\n<p><!--\n<link rel=\"stylesheet\" href=\"css\/bootstrap.min.css\">\n\n\n<ul class=\"pagination\">\n\t    \n\t\n\n<li >\n\t<a href='?page_no=19145'>Previous<\/a>\n\t<\/li>\n\n\n       \n    \n\n<li><a href='?page_no=1'>1<\/a><\/li>\n\n\n\n<li><a href='?page_no=2'>2<\/a><\/li>\n\n\n\n<li><a>...<\/a><\/li>\n\n\n\n<li><a href='?page_no=19144'>19144<\/a><\/li>\n\n\n\n<li><a href='?page_no=19145'>19145<\/a><\/li>\n\n\n\n<li class='active'><a>19146<\/a><\/li>\n\n\n\n<li><a href='?page_no=19147'>19147<\/a><\/li>\n\n\n\n<li><a href='?page_no=19148'>19148<\/a><\/li>\n\n\n\n<li><a>...<\/a><\/li>\n\n\n\n<li><a href='?page_no=51012'>51012<\/a><\/li>\n\n\n\n<li><a href='?page_no=51013'>51013<\/a><\/li>\n\n    \n\t\n\n<li >\n\t<a href='?page_no=19147'>Next<\/a>\n\t<\/li>\n\n\n    \n\n<li><a href='?page_no=51013'>Last &rsaquo;&rsaquo;<\/a><\/li>\n\n<\/ul>\n\n\n--><br \/>\n<\/body><\/p>\n","protected":false},"excerpt":{"rendered":"<p>CARACAS, 4 jul (Xinhua) &#8212; El Plan de Administraci\u00f3n de Carga (PAC) implementando en Venezuela desde abril pasado, como parte de las acciones del gobierno venezolano para garantizar el ahorro energ\u00e9tico ante la sequ\u00eda que afecta al pa\u00eds, queda suspendido desde hoy lunes. Seg\u00fan manifest\u00f3 el pasado 1 de julio el presidente venezolano, Nicol\u00e1s Maduro, [&hellip;]<\/p>\n","protected":false},"author":3,"featured_media":0,"comment_status":"open","ping_status":"open","sticky":false,"template":"","format":"standard","meta":{"footnotes":""},"categories":[23],"tags":[],"class_list":["post-249501","post","type-post","status-publish","format-standard","hentry","category-internacional"],"_links":{"self":[{"href":"https:\/\/diariodominicano.com\/index.php?rest_route=\/wp\/v2\/posts\/249501","targetHints":{"allow":["GET"]}}],"collection":[{"href":"https:\/\/diariodominicano.com\/index.php?rest_route=\/wp\/v2\/posts"}],"about":[{"href":"https:\/\/diariodominicano.com\/index.php?rest_route=\/wp\/v2\/types\/post"}],"author":[{"embeddable":true,"href":"https:\/\/diariodominicano.com\/index.php?rest_route=\/wp\/v2\/users\/3"}],"replies":[{"embeddable":true,"href":"https:\/\/diariodominicano.com\/index.php?rest_route=%2Fwp%2Fv2%2Fcomments&post=249501"}],"version-history":[{"count":0,"href":"https:\/\/diariodominicano.com\/index.php?rest_route=\/wp\/v2\/posts\/249501\/revisions"}],"wp:attachment":[{"href":"https:\/\/diariodominicano.com\/index.php?rest_route=%2Fwp%2Fv2%2Fmedia&parent=249501"}],"wp:term":[{"taxonomy":"category","embeddable":true,"href":"https:\/\/diariodominicano.com\/index.php?rest_route=%2Fwp%2Fv2%2Fcategories&post=249501"},{"taxonomy":"post_tag","embeddable":true,"href":"https:\/\/diariodominicano.com\/index.php?rest_route=%2Fwp%2Fv2%2Ftags&post=249501"}],"curies":[{"name":"wp","href":"https:\/\/api.w.org\/{rel}","templated":true}]}}