{"id":249500,"date":"2016-07-04T11:47:26","date_gmt":"2016-07-04T11:47:26","guid":{"rendered":"http:\/\/diariodominicano.ddns.net\/?p=249500"},"modified":"2016-07-04T11:47:26","modified_gmt":"2016-07-04T11:47:26","slug":"israel-acusa-a-palestinos-inspirados-en-ei-ataque-en-tel-aviv","status":"publish","type":"post","link":"https:\/\/diariodominicano.com\/?p=249500","title":{"rendered":"Israel acusa a palestinos \u00abinspirados en EI\u00bb ataque en Tel Aviv"},"content":{"rendered":"<p><body><\/p>\n<p><span class=\"text1noticias\"> JERUSALEN, 4 jul (Xinhua) &#8212; Israel acus\u00f3 hoy a tres palestinos por su supuesta implicaci\u00f3n en un fatal ataque en Tel Aviv y los acus\u00f3 de planear un ataque al estilo del grupo Estado Isl\u00e1mico (EI).<\/span><\/p>\n<p><span class=\"text1noticias\"> <\/span><\/p>\n<p><span class=\"text1noticias\">     Dos de los acusados, Mouhamed Khalid Mahamrah y Khaled Mahamrah, primos de 21 a\u00f1os de edad y originarios de la ciudad cisjordana de Yatta cerca de Hebr\u00f3n, est\u00e1n acusados de perpetrar el ataque del 8 de junio en el Mercado Sarona, un popular centro de recreaci\u00f3n en Tel Aviv.<\/span><\/p>\n<p><span class=\"text1noticias\"> <\/span><\/p>\n<p><span class=\"text1noticias\">     Un tercer residente de Yatta, Yunis Aish Musa Zin, est\u00e1 acusado de planear el ataque junto con ellos pero no lo continu\u00f3 por \u00abrazones t\u00e9cnicas\u00bb, dice un comunicado del servicio de seguridad israel\u00ed Shin Bet.<\/span><\/p>\n<p><span class=\"text1noticias\"> <\/span><\/p>\n<p><span class=\"text1noticias\">     El Shin Bet mencion\u00f3 que Zin ayud\u00f3 a los atacantes a conseguir las armas para el ataque.<\/span><\/p>\n<p><span class=\"text1noticias\"> <\/span><\/p>\n<p><span class=\"text1noticias\">     Un portavoz militar indic\u00f3 en otro comunicado que las investigaciones revelaron que \u00ablos terroristas se inspiraron en el EI\u00bb.<\/span><\/p>\n<p><span class=\"text1noticias\"> <\/span><\/p>\n<p><span class=\"text1noticias\">     De acuerdo con Shin Bet, Mouhamed Khalid Mahamrah es simpatizante del EI, aunque ni \u00e9l ni su primo se han unido formalmente al grupo.<\/span><\/p>\n<p><span class=\"text1noticias\"> <\/span><\/p>\n<p><span class=\"text1noticias\">     El Shin Bet a\u00f1adi\u00f3 que los acusados originalmente planearon lanzar un ataque armado contra pasajeros en la estaci\u00f3n del tren de Tel Aviv. Sin embargo, el d\u00eda del ataque, decidieron cambiar su objetivo y \u00abal azar\u00bb eligieron el Mercado Sarona.<\/span><\/p>\n<p><span class=\"text1noticias\"> <\/span><\/p>\n<p><span class=\"text1noticias\">     Cuatro personas murieron en el tiroteo y 15 resultaron heridas.<\/span><\/p>\n<p><span class=\"text1noticias\"> <\/span><\/p>\n<p><span class=\"text1noticias\">     Un oficial de seguridad, citado por el peri\u00f3dico israel\u00ed \u00abHa&#8217;aretz\u00bb, dijo que la decisi\u00f3n de lanzar el ataque fue tomada tras el asesinato de la familia Dawabsha en un incendio provocado en la la aldea palestina de Duma.<\/span><\/p>\n<p><span class=\"text1noticias\"> <\/span><\/p>\n<p><span class=\"text1noticias\">     El ataque ocurri\u00f3 luego de nueve meses de una ola de violencia que ha provocado la muerte de por lo menos 214 palestinos y 34 israel\u00edes.<\/span><\/p>\n<p><span class=\"text1noticias\"> <\/span><\/p>\n<p><span class=\"text1noticias\">     Las autoridades de Israel se\u00f1alan que la mayor\u00eda de las v\u00edctimas palestinas murieron por apu\u00f1alamientos, tiroteos y atropelladas <\/span>por autos.<\/p>\n<h6> 2016-07-04 11:47:26 <\/h6>\n<p><!--\n<link rel=\"stylesheet\" href=\"css\/bootstrap.min.css\">\n\n\n<ul class=\"pagination\">\n\t    \n\t\n\n<li >\n\t<a href='?page_no=19144'>Previous<\/a>\n\t<\/li>\n\n\n       \n    \n\n<li><a href='?page_no=1'>1<\/a><\/li>\n\n\n\n<li><a href='?page_no=2'>2<\/a><\/li>\n\n\n\n<li><a>...<\/a><\/li>\n\n\n\n<li><a href='?page_no=19143'>19143<\/a><\/li>\n\n\n\n<li><a href='?page_no=19144'>19144<\/a><\/li>\n\n\n\n<li class='active'><a>19145<\/a><\/li>\n\n\n\n<li><a href='?page_no=19146'>19146<\/a><\/li>\n\n\n\n<li><a href='?page_no=19147'>19147<\/a><\/li>\n\n\n\n<li><a>...<\/a><\/li>\n\n\n\n<li><a href='?page_no=51012'>51012<\/a><\/li>\n\n\n\n<li><a href='?page_no=51013'>51013<\/a><\/li>\n\n    \n\t\n\n<li >\n\t<a href='?page_no=19146'>Next<\/a>\n\t<\/li>\n\n\n    \n\n<li><a href='?page_no=51013'>Last &rsaquo;&rsaquo;<\/a><\/li>\n\n<\/ul>\n\n\n--><br \/>\n<\/body><\/p>\n","protected":false},"excerpt":{"rendered":"<p>JERUSALEN, 4 jul (Xinhua) &#8212; Israel acus\u00f3 hoy a tres palestinos por su supuesta implicaci\u00f3n en un fatal ataque en Tel Aviv y los acus\u00f3 de planear un ataque al estilo del grupo Estado Isl\u00e1mico (EI). Dos de los acusados, Mouhamed Khalid Mahamrah y Khaled Mahamrah, primos de 21 a\u00f1os de edad y originarios de [&hellip;]<\/p>\n","protected":false},"author":3,"featured_media":0,"comment_status":"open","ping_status":"open","sticky":false,"template":"","format":"standard","meta":{"footnotes":""},"categories":[23],"tags":[],"class_list":["post-249500","post","type-post","status-publish","format-standard","hentry","category-internacional"],"_links":{"self":[{"href":"https:\/\/diariodominicano.com\/index.php?rest_route=\/wp\/v2\/posts\/249500","targetHints":{"allow":["GET"]}}],"collection":[{"href":"https:\/\/diariodominicano.com\/index.php?rest_route=\/wp\/v2\/posts"}],"about":[{"href":"https:\/\/diariodominicano.com\/index.php?rest_route=\/wp\/v2\/types\/post"}],"author":[{"embeddable":true,"href":"https:\/\/diariodominicano.com\/index.php?rest_route=\/wp\/v2\/users\/3"}],"replies":[{"embeddable":true,"href":"https:\/\/diariodominicano.com\/index.php?rest_route=%2Fwp%2Fv2%2Fcomments&post=249500"}],"version-history":[{"count":0,"href":"https:\/\/diariodominicano.com\/index.php?rest_route=\/wp\/v2\/posts\/249500\/revisions"}],"wp:attachment":[{"href":"https:\/\/diariodominicano.com\/index.php?rest_route=%2Fwp%2Fv2%2Fmedia&parent=249500"}],"wp:term":[{"taxonomy":"category","embeddable":true,"href":"https:\/\/diariodominicano.com\/index.php?rest_route=%2Fwp%2Fv2%2Fcategories&post=249500"},{"taxonomy":"post_tag","embeddable":true,"href":"https:\/\/diariodominicano.com\/index.php?rest_route=%2Fwp%2Fv2%2Ftags&post=249500"}],"curies":[{"name":"wp","href":"https:\/\/api.w.org\/{rel}","templated":true}]}}