{"id":249498,"date":"2016-07-04T14:36:30","date_gmt":"2016-07-04T14:36:30","guid":{"rendered":"http:\/\/diariodominicano.ddns.net\/?p=249498"},"modified":"2016-07-04T14:36:30","modified_gmt":"2016-07-04T14:36:30","slug":"confirman-ataque-suicida-en-consulado-de-ee-uu-en-arabia-saudita","status":"publish","type":"post","link":"https:\/\/diariodominicano.com\/?p=249498","title":{"rendered":"&#13;Confirman ataque suicida en consulado de EE.UU. en Arabia Saudita"},"content":{"rendered":"<p><body><\/p>\n<p><img decoding=\"async\" src=\"img3\/eeuu-consulado-asaudita2.jpg\" \/>  <\/p>\n<\/p>\n<p>Washington, 4 jul (PL) El Departamento de Estado de Estados Unidos confirm\u00f3 hoy el ataque suicida ocurrido en las inmediaciones del consulado norteamericano en la ciudad de Jiddah, Arabia Saudita, donde resultaron heridos dos guardias de seguridad.<\/p>\n<\/p>\n<p>Seg\u00fan reportes dados a conocer este lunes, un suicida hizo estallar su chaleco explosivo cerca de las 02:15 horas (hora local) cuando guardias de seguridad detectaron a un individuo que realizada movimientos sospechosos cerca del estacionamiento de un hospital pr\u00f3ximo al consulado.<\/p>\n<\/p>\n<p>El agresor falleci\u00f3 despu\u00e9s de hacer detonar un cintur\u00f3n cargado de explosivos, dos guardas de seguridad sufrieron lesiones menores, y varios veh\u00edculos estacionados en la zona sufrieron da\u00f1os.<\/p>\n<\/p>\n<p>Seg\u00fan expertos del Departamento de Estado, la acci\u00f3n suicida se ejecut\u00f3 en medio de las celebraciones por el 4 de julio, D\u00eda de la Independencia de Estados Unidos.<\/p>\n<\/p>\n<p>No es la primera vez que grupos extremistas armados atacan la oficina consular estadounidense en Jiddah, que fue blanco de un atentado en 2004 que dej\u00f3 nueve muertos.<\/p>\n<h6> 2016-07-04 14:36:30 <\/h6>\n<p><!--\n<link rel=\"stylesheet\" href=\"css\/bootstrap.min.css\">\n\n\n<ul class=\"pagination\">\n\t    \n\t\n\n<li >\n\t<a href='?page_no=19142'>Previous<\/a>\n\t<\/li>\n\n\n       \n    \n\n<li><a href='?page_no=1'>1<\/a><\/li>\n\n\n\n<li><a href='?page_no=2'>2<\/a><\/li>\n\n\n\n<li><a>...<\/a><\/li>\n\n\n\n<li><a href='?page_no=19141'>19141<\/a><\/li>\n\n\n\n<li><a href='?page_no=19142'>19142<\/a><\/li>\n\n\n\n<li class='active'><a>19143<\/a><\/li>\n\n\n\n<li><a href='?page_no=19144'>19144<\/a><\/li>\n\n\n\n<li><a href='?page_no=19145'>19145<\/a><\/li>\n\n\n\n<li><a>...<\/a><\/li>\n\n\n\n<li><a href='?page_no=51012'>51012<\/a><\/li>\n\n\n\n<li><a href='?page_no=51013'>51013<\/a><\/li>\n\n    \n\t\n\n<li >\n\t<a href='?page_no=19144'>Next<\/a>\n\t<\/li>\n\n\n    \n\n<li><a href='?page_no=51013'>Last &rsaquo;&rsaquo;<\/a><\/li>\n\n<\/ul>\n\n\n--><br \/>\n<\/body><\/p>\n","protected":false},"excerpt":{"rendered":"<p>Washington, 4 jul (PL) El Departamento de Estado de Estados Unidos confirm\u00f3 hoy el ataque suicida ocurrido en las inmediaciones del consulado norteamericano en la ciudad de Jiddah, Arabia Saudita, donde resultaron heridos dos guardias de seguridad. Seg\u00fan reportes dados a conocer este lunes, un suicida hizo estallar su chaleco explosivo cerca de las 02:15 [&hellip;]<\/p>\n","protected":false},"author":3,"featured_media":0,"comment_status":"open","ping_status":"open","sticky":false,"template":"","format":"standard","meta":{"footnotes":""},"categories":[23],"tags":[],"class_list":["post-249498","post","type-post","status-publish","format-standard","hentry","category-internacional"],"_links":{"self":[{"href":"https:\/\/diariodominicano.com\/index.php?rest_route=\/wp\/v2\/posts\/249498","targetHints":{"allow":["GET"]}}],"collection":[{"href":"https:\/\/diariodominicano.com\/index.php?rest_route=\/wp\/v2\/posts"}],"about":[{"href":"https:\/\/diariodominicano.com\/index.php?rest_route=\/wp\/v2\/types\/post"}],"author":[{"embeddable":true,"href":"https:\/\/diariodominicano.com\/index.php?rest_route=\/wp\/v2\/users\/3"}],"replies":[{"embeddable":true,"href":"https:\/\/diariodominicano.com\/index.php?rest_route=%2Fwp%2Fv2%2Fcomments&post=249498"}],"version-history":[{"count":0,"href":"https:\/\/diariodominicano.com\/index.php?rest_route=\/wp\/v2\/posts\/249498\/revisions"}],"wp:attachment":[{"href":"https:\/\/diariodominicano.com\/index.php?rest_route=%2Fwp%2Fv2%2Fmedia&parent=249498"}],"wp:term":[{"taxonomy":"category","embeddable":true,"href":"https:\/\/diariodominicano.com\/index.php?rest_route=%2Fwp%2Fv2%2Fcategories&post=249498"},{"taxonomy":"post_tag","embeddable":true,"href":"https:\/\/diariodominicano.com\/index.php?rest_route=%2Fwp%2Fv2%2Ftags&post=249498"}],"curies":[{"name":"wp","href":"https:\/\/api.w.org\/{rel}","templated":true}]}}