{"id":249497,"date":"2016-07-05T08:20:34","date_gmt":"2016-07-05T08:20:34","guid":{"rendered":"http:\/\/diariodominicano.ddns.net\/?p=249497"},"modified":"2016-07-05T08:20:34","modified_gmt":"2016-07-05T08:20:34","slug":"muere-nino-y-dos-hombres-heridos-en-incidente-en-hotel-de-puerto-rico","status":"publish","type":"post","link":"https:\/\/diariodominicano.com\/?p=249497","title":{"rendered":"Muere ni\u00f1o y dos hombres heridos en incidente en Hotel de Puerto Rico"},"content":{"rendered":"<p><body><\/p>\n<p><img decoding=\"async\" src=\"img3\/carine-hilton5-7.jpg\" \/>  <\/p>\n<p><span class=\"text1noticias\">Por Primerahora.com<\/span><\/p>\n<p><span class=\"text1noticias\">Puerto Rico, 5 de julio.- Un menor de edad muri\u00f3 tras recibir un impacto de bala en la cabeza mientras se encontraba en el \u00e1rea de la piscina del hotel Caribe Hilton, en el Condado.<\/span><\/p>\n<p><span class=\"text1noticias\"> <\/span><\/p>\n<p><span class=\"text1noticias\">El menor fue identificado por el inspector Julio Marcano, subdirector del Cuerpo de Investigaci\u00f3n Criminal (CIC) de San Juan, como Michael Romero de 10 a\u00f1os y era hijo de uno de los dos hombres que resultaron heridos en medio de la balacera.<\/span><\/p>\n<p><span class=\"text1noticias\"> <\/span><\/p>\n<p><span class=\"text1noticias\">El menor estaba hospeda junto a familiares en dos habitaciones que fueron alquiladas por uno de los dos hombres heridos.<\/span><\/p>\n<p><span class=\"text1noticias\"> <\/span><\/p>\n<p><span class=\"text1noticias\">El inspector precis\u00f3 en entrevista radial (WKAQ 580 ? Univision Radio) que el menor fue transportado por algunos de los presentes hasta el hospital San Jorge, en Santurce, donde se certific\u00f3 su muerte.<\/span><\/p>\n<p><span class=\"text1noticias\"> <\/span><\/p>\n<p><span class=\"text1noticias\">Por otro lado, el informe policiaco detalla que el padre del menor tiene 35 a\u00f1os. Este recibi\u00f3 un impacto de bala en el pecho. Mientras, el otro herido era de 29 y recibi\u00f3 el impacto en un brazo. La Polic\u00eda no detall\u00f3 la condici\u00f3n de las v\u00edctimas, quienes fueron trasladados al Centro M\u00e9dico de R\u00edo Piedras a recibir asistencia.<\/span><\/p>\n<p><span class=\"text1noticias\"> <\/span><\/p>\n<p><span class=\"text1noticias\">El m\u00f3vil de los hechos aun es investigado por el CIC. Sin embargo, el superintendente de la Polic\u00eda, Jos\u00e9 Luis Caldero, precis\u00f3 en NotiUno que el \u00abincidente ocurri\u00f3 entre las personas que estaban all\u00ed\u00bb.<\/span><\/p>\n<p><span class=\"text1noticias\">Detall\u00f3 que el hombre que alquil\u00f3 las habitaciones y que result\u00f3 baleado \u00abtiene un amplio r\u00e9cord criminal&#8230; por drogas y Ley de Armas\u00bb. No dijo si esa persona era el padre del menor. <\/span><\/p>\n<p><span class=\"text1noticias\"> <\/span><\/p>\n<p><span class=\"text1noticias\">La agente Xiomara Hern\u00e1ndez, de la Divisi\u00f3n de Homicidios del CIC de San Juan y el fiscal Luis S\u00e1nchez Pont se hicieron cargo de la investigaci\u00f3n.<\/span><\/p>\n<p><span class=\"text1noticias\"> <\/span><\/p>\n<p><span class=\"text1noticias\">Entretanto, uno de los testigos del incidente fue el exlegislador y analista pol\u00edtico, Ferdinand P\u00e9rez. Este comparti\u00f3 a trav\u00e9s de su cuenta de Twitter lo que observ\u00f3.<\/span><\/p>\n<p><span class=\"text1noticias\"> <\/span><\/p>\n<p><span class=\"text1noticias\">\u00abTerrible acabo de ver un ni\u00f1o baleado en la cabeza  por trifulca en hotel Caribe Hilton\u00bb, escribi\u00f3 el presentador del programa Jugando Pelota Dura de Sis<\/span>tema TV.<\/p>\n<h6> 2016-07-05 08:20:34 <\/h6>\n<p><!--\n<link rel=\"stylesheet\" href=\"css\/bootstrap.min.css\">\n\n\n<ul class=\"pagination\">\n\t    \n\t\n\n<li >\n\t<a href='?page_no=19141'>Previous<\/a>\n\t<\/li>\n\n\n       \n    \n\n<li><a href='?page_no=1'>1<\/a><\/li>\n\n\n\n<li><a href='?page_no=2'>2<\/a><\/li>\n\n\n\n<li><a>...<\/a><\/li>\n\n\n\n<li><a href='?page_no=19140'>19140<\/a><\/li>\n\n\n\n<li><a href='?page_no=19141'>19141<\/a><\/li>\n\n\n\n<li class='active'><a>19142<\/a><\/li>\n\n\n\n<li><a href='?page_no=19143'>19143<\/a><\/li>\n\n\n\n<li><a href='?page_no=19144'>19144<\/a><\/li>\n\n\n\n<li><a>...<\/a><\/li>\n\n\n\n<li><a href='?page_no=51012'>51012<\/a><\/li>\n\n\n\n<li><a href='?page_no=51013'>51013<\/a><\/li>\n\n    \n\t\n\n<li >\n\t<a href='?page_no=19143'>Next<\/a>\n\t<\/li>\n\n\n    \n\n<li><a href='?page_no=51013'>Last &rsaquo;&rsaquo;<\/a><\/li>\n\n<\/ul>\n\n\n--><br \/>\n<\/body><\/p>\n","protected":false},"excerpt":{"rendered":"<p>Por Primerahora.com Puerto Rico, 5 de julio.- Un menor de edad muri\u00f3 tras recibir un impacto de bala en la cabeza mientras se encontraba en el \u00e1rea de la piscina del hotel Caribe Hilton, en el Condado. El menor fue identificado por el inspector Julio Marcano, subdirector del Cuerpo de Investigaci\u00f3n Criminal (CIC) de San [&hellip;]<\/p>\n","protected":false},"author":3,"featured_media":0,"comment_status":"open","ping_status":"open","sticky":false,"template":"","format":"standard","meta":{"footnotes":""},"categories":[23],"tags":[],"class_list":["post-249497","post","type-post","status-publish","format-standard","hentry","category-internacional"],"_links":{"self":[{"href":"https:\/\/diariodominicano.com\/index.php?rest_route=\/wp\/v2\/posts\/249497","targetHints":{"allow":["GET"]}}],"collection":[{"href":"https:\/\/diariodominicano.com\/index.php?rest_route=\/wp\/v2\/posts"}],"about":[{"href":"https:\/\/diariodominicano.com\/index.php?rest_route=\/wp\/v2\/types\/post"}],"author":[{"embeddable":true,"href":"https:\/\/diariodominicano.com\/index.php?rest_route=\/wp\/v2\/users\/3"}],"replies":[{"embeddable":true,"href":"https:\/\/diariodominicano.com\/index.php?rest_route=%2Fwp%2Fv2%2Fcomments&post=249497"}],"version-history":[{"count":0,"href":"https:\/\/diariodominicano.com\/index.php?rest_route=\/wp\/v2\/posts\/249497\/revisions"}],"wp:attachment":[{"href":"https:\/\/diariodominicano.com\/index.php?rest_route=%2Fwp%2Fv2%2Fmedia&parent=249497"}],"wp:term":[{"taxonomy":"category","embeddable":true,"href":"https:\/\/diariodominicano.com\/index.php?rest_route=%2Fwp%2Fv2%2Fcategories&post=249497"},{"taxonomy":"post_tag","embeddable":true,"href":"https:\/\/diariodominicano.com\/index.php?rest_route=%2Fwp%2Fv2%2Ftags&post=249497"}],"curies":[{"name":"wp","href":"https:\/\/api.w.org\/{rel}","templated":true}]}}