{"id":249494,"date":"2016-07-05T09:15:10","date_gmt":"2016-07-05T09:15:10","guid":{"rendered":"http:\/\/diariodominicano.ddns.net\/?p=249494"},"modified":"2016-07-05T09:15:10","modified_gmt":"2016-07-05T09:15:10","slug":"continua-rescate-tras-incendio-mina-que-atrapo-a-13-personas","status":"publish","type":"post","link":"https:\/\/diariodominicano.com\/?p=249494","title":{"rendered":"Contin\u00faa rescate tras incendio mina que atrap\u00f3 a 13 personas"},"content":{"rendered":"<p><body><\/p>\n<p><img decoding=\"async\" src=\"img3\/minachina5-7.jpg\" \/>  <\/p>\n<p><span class=\"text1noticias\">   BENXI, Liaoning, 5 jul (Xinhua) &#8212; Los rescatistas aceleran la b\u00fasqueda de los 13 mineros atrapados por el incendio que se produjo bajo tierra en las primeras horas del lunes en la provincia nororiental china de Liaoning.<\/span><\/p>\n<p><span class=\"text1noticias\"> <\/span><\/p>\n<p><span class=\"text1noticias\">     Los mineros todav\u00eda podr\u00edan estar vivos ya que el pozo est\u00e1 conectado a otros cercanos, lo que garantiza la ventilaci\u00f3n, afirm\u00f3 Hao Chijun, director de la administraci\u00f3n de seguridad laboral de la ciudad de Benxi y organizador de la labor de rescate en el lugar.<\/span><\/p>\n<p><span class=\"text1noticias\"> <\/span><\/p>\n<p><span class=\"text1noticias\">     \u00abEstamos en una carrera contrarreloj\u00bb, asever\u00f3.<\/span><\/p>\n<p><span class=\"text1noticias\"> <\/span><\/p>\n<p><span class=\"text1noticias\">     La mina ubicada en el distrito de Xihu de la ciudad de Benxi se incendi\u00f3 alrededor de las 3:00 horas del lunes, atrapando a los mineros a unos 500 metros bajo tierra.<\/span><\/p>\n<p><span class=\"text1noticias\"> <\/span><\/p>\n<p><span class=\"text1noticias\">     Los rescatistas han llegado a unos 360 metros de profundidad, pero el gas t\u00f3xico producido por el incendio, las temperaturas que llegan a alcanzar los 60 grados cent\u00edgrados y una visibilidad baja han impedido el progreso del rescate, asegur\u00f3 Hao.<\/span><\/p>\n<p><span class=\"text1noticias\"> <\/span><\/p>\n<p><span class=\"text1noticias\">     Fuentes de la Administraci\u00f3n Estatal de Seguridad Laboral indicaron que el incendio fue causado por la explotaci\u00f3n ilegal y pidieron a las autoridades locales que eviten los accidentes secundarios.<\/span><\/p>\n<h6> 2016-07-05 09:15:10 <\/h6>\n<p><!--\n<link rel=\"stylesheet\" href=\"css\/bootstrap.min.css\">\n\n\n<ul class=\"pagination\">\n\t    \n\t\n\n<li >\n\t<a href='?page_no=19138'>Previous<\/a>\n\t<\/li>\n\n\n       \n    \n\n<li><a href='?page_no=1'>1<\/a><\/li>\n\n\n\n<li><a href='?page_no=2'>2<\/a><\/li>\n\n\n\n<li><a>...<\/a><\/li>\n\n\n\n<li><a href='?page_no=19137'>19137<\/a><\/li>\n\n\n\n<li><a href='?page_no=19138'>19138<\/a><\/li>\n\n\n\n<li class='active'><a>19139<\/a><\/li>\n\n\n\n<li><a href='?page_no=19140'>19140<\/a><\/li>\n\n\n\n<li><a href='?page_no=19141'>19141<\/a><\/li>\n\n\n\n<li><a>...<\/a><\/li>\n\n\n\n<li><a href='?page_no=51012'>51012<\/a><\/li>\n\n\n\n<li><a href='?page_no=51013'>51013<\/a><\/li>\n\n    \n\t\n\n<li >\n\t<a href='?page_no=19140'>Next<\/a>\n\t<\/li>\n\n\n    \n\n<li><a href='?page_no=51013'>Last &rsaquo;&rsaquo;<\/a><\/li>\n\n<\/ul>\n\n\n--><br \/>\n<\/body><\/p>\n","protected":false},"excerpt":{"rendered":"<p>BENXI, Liaoning, 5 jul (Xinhua) &#8212; Los rescatistas aceleran la b\u00fasqueda de los 13 mineros atrapados por el incendio que se produjo bajo tierra en las primeras horas del lunes en la provincia nororiental china de Liaoning. Los mineros todav\u00eda podr\u00edan estar vivos ya que el pozo est\u00e1 conectado a otros cercanos, lo que garantiza [&hellip;]<\/p>\n","protected":false},"author":3,"featured_media":0,"comment_status":"open","ping_status":"open","sticky":false,"template":"","format":"standard","meta":{"footnotes":""},"categories":[23],"tags":[],"class_list":["post-249494","post","type-post","status-publish","format-standard","hentry","category-internacional"],"_links":{"self":[{"href":"https:\/\/diariodominicano.com\/index.php?rest_route=\/wp\/v2\/posts\/249494","targetHints":{"allow":["GET"]}}],"collection":[{"href":"https:\/\/diariodominicano.com\/index.php?rest_route=\/wp\/v2\/posts"}],"about":[{"href":"https:\/\/diariodominicano.com\/index.php?rest_route=\/wp\/v2\/types\/post"}],"author":[{"embeddable":true,"href":"https:\/\/diariodominicano.com\/index.php?rest_route=\/wp\/v2\/users\/3"}],"replies":[{"embeddable":true,"href":"https:\/\/diariodominicano.com\/index.php?rest_route=%2Fwp%2Fv2%2Fcomments&post=249494"}],"version-history":[{"count":0,"href":"https:\/\/diariodominicano.com\/index.php?rest_route=\/wp\/v2\/posts\/249494\/revisions"}],"wp:attachment":[{"href":"https:\/\/diariodominicano.com\/index.php?rest_route=%2Fwp%2Fv2%2Fmedia&parent=249494"}],"wp:term":[{"taxonomy":"category","embeddable":true,"href":"https:\/\/diariodominicano.com\/index.php?rest_route=%2Fwp%2Fv2%2Fcategories&post=249494"},{"taxonomy":"post_tag","embeddable":true,"href":"https:\/\/diariodominicano.com\/index.php?rest_route=%2Fwp%2Fv2%2Ftags&post=249494"}],"curies":[{"name":"wp","href":"https:\/\/api.w.org\/{rel}","templated":true}]}}