{"id":249493,"date":"2016-07-05T09:26:53","date_gmt":"2016-07-05T09:26:53","guid":{"rendered":"http:\/\/diariodominicano.ddns.net\/?p=249493"},"modified":"2016-07-05T09:26:53","modified_gmt":"2016-07-05T09:26:53","slug":"peritos-comparecen-ante-comision-impeachment-contra-dilma","status":"publish","type":"post","link":"https:\/\/diariodominicano.com\/?p=249493","title":{"rendered":"Peritos comparecen ante comisi\u00f3n impeachment contra Dilma"},"content":{"rendered":"<p><body><\/p>\n<p><img decoding=\"async\" src=\"img3\/brasil5-7.jpg\" \/>  <\/p>\n<p><span class=\"text1noticias\">Brasilia, 5 jul (PL) Peritos de la defensa y la acusaci\u00f3n expondr\u00e1n sus pareceres hoy aqu\u00ed ante la Comisi\u00f3n Procesal del Senado Federal que lleva adelante el proceso de juicio pol\u00edtico contra la apartada presidenta de Brasil, Dilma Rousseff.<\/span><\/p>\n<p><span class=\"text1noticias\"> <\/span><\/p>\n<p><span class=\"text1noticias\">El jurista Ricardo Lodi Ribeiro y el economista Rodrigo Oct\u00e1vio Orair, convocados por el abogado defensor Jos\u00e9 Eduardo Cardozo, y la especialista en finanzas p\u00fablicas Selene Nunes, por la parte denunciante, ser\u00e1n quienes intervengan ante el colegiado, al cual entregaron la v\u00edspera sus pareceres.<\/span><\/p>\n<p><span class=\"text1noticias\"> <\/span><\/p>\n<p><span class=\"text1noticias\">Los peritos de la defensa, dijo la Agencia Senado, concluyeron que la acusaci\u00f3n presentada contra la jefa de Estado por presunta violaci\u00f3n de la Ley de Responsabilidad Fiscal carece de \u00absustrato legal, materialidad y autor\u00eda\u00bb, con lo cual no se configura el delito imputado.<\/span><\/p>\n<p><span class=\"text1noticias\"> <\/span><\/p>\n<p><span class=\"text1noticias\">Mientras, la pericia presentada por Nunes insiste en que Dilma viol\u00f3 la referida ley al emitir en 2015 dos decretos presupuestarios sin autorizaci\u00f3n del Congreso, lo cual estima incidi\u00f3 en el cumplimiento de la meta fiscal, y adem\u00e1s cataloga como operaciones de cr\u00e9dito los atrasos en los pagos del Tesoro Nacional a bancos p\u00fablicos.<\/span><\/p>\n<p><span class=\"text1noticias\"> <\/span><\/p>\n<p><span class=\"text1noticias\">El abogado defensor Jos\u00e9 Eduardo Cardozo manifest\u00f3 el jueves \u00faltimo su confianza en que Dilma resulte absuelta cuando sea juzgada por el plenario del Senado Federal.<\/span><\/p>\n<p><span class=\"text1noticias\"> <\/span><\/p>\n<p><span class=\"text1noticias\">No existe una denuncia ver\u00eddica, por tanto -en condiciones normales- el caso ser\u00eda de absoluci\u00f3n sumaria, subray\u00f3 el extitular de la Abogac\u00eda General de la Uni\u00f3n e insisti\u00f3 en que, en caso de producirse la condena, la existencia de un golpe parlamentario ser\u00eda confirmada.<\/span><\/p>\n<p><span class=\"text1noticias\"> <\/span><\/p>\n<p><span class=\"text1noticias\">A juicio de Cardozo, los resultados de la pericia realizada por tres t\u00e9cnicos de la C\u00e1mara alta dej\u00f3 en claro la inocencia de Rousseff al indicar que la edici\u00f3n de los decretos suplementarios no incid\u00eda en el incumplimiento de la meta fiscal y reconocer que ning\u00fan acto la vincula, directa o indirectamente, a las llamadas pedaladas fiscales.<\/span><\/p>\n<p><span class=\"text1noticias\"> <\/span><\/p>\n<p><span class=\"text1noticias\">De otro lado, admiti\u00f3 que este es un juicio jur\u00eddico-pol\u00edtico, pero enfatiz\u00f3 que en su criterio \u00abla gran mayor\u00eda de los senadores son personas que tienen la razonabilidad como par\u00e1metro de acci\u00f3n pol\u00edtica\u00bb.<\/span><\/p>\n<p><span class=\"text1noticias\"> <\/span><\/p>\n<p><span class=\"text1noticias\">En la \u00faltima audiencia de los testigos convocados por la defensa ante la Comisi\u00f3n Procesal de Impeachment del Senado, el 29 de junio, el letrado lament\u00f3 que algunos de los legisladores del colegiado no quisieron siquiera escuchar las exposiciones de los testigos, porque tienen un juicio formado de antemano.<\/span><\/p>\n<p><span class=\"text1noticias\"> <\/span><\/p>\n<p><span class=\"text1noticias\">Si se produjera un juzgamiento justo e imparcial, si las personas pensaran en aquello que establece la ley, efectivamente no hay como sustentar la culpabilidad de la Presidenta, expres\u00f3.<\/span><\/p>\n<p><span class=\"text1noticias\"> <\/span><\/p>\n<p><span class=\"text1noticias\">Ahora, si se llega a consumar aquello que se pretend\u00eda desde la apertura del proceso, su apartamiento pol\u00edtico (de Dilma), no basta con que tengamos la raz\u00f3n para poder revertir esa decisi\u00f3n, <\/span>reconoci\u00f3.<\/p>\n<h6> 2016-07-05 09:26:53 <\/h6>\n<p><!--\n<link rel=\"stylesheet\" href=\"css\/bootstrap.min.css\">\n\n\n<ul class=\"pagination\">\n\t    \n\t\n\n<li >\n\t<a href='?page_no=19137'>Previous<\/a>\n\t<\/li>\n\n\n       \n    \n\n<li><a href='?page_no=1'>1<\/a><\/li>\n\n\n\n<li><a href='?page_no=2'>2<\/a><\/li>\n\n\n\n<li><a>...<\/a><\/li>\n\n\n\n<li><a href='?page_no=19136'>19136<\/a><\/li>\n\n\n\n<li><a href='?page_no=19137'>19137<\/a><\/li>\n\n\n\n<li class='active'><a>19138<\/a><\/li>\n\n\n\n<li><a href='?page_no=19139'>19139<\/a><\/li>\n\n\n\n<li><a href='?page_no=19140'>19140<\/a><\/li>\n\n\n\n<li><a>...<\/a><\/li>\n\n\n\n<li><a href='?page_no=51012'>51012<\/a><\/li>\n\n\n\n<li><a href='?page_no=51013'>51013<\/a><\/li>\n\n    \n\t\n\n<li >\n\t<a href='?page_no=19139'>Next<\/a>\n\t<\/li>\n\n\n    \n\n<li><a href='?page_no=51013'>Last &rsaquo;&rsaquo;<\/a><\/li>\n\n<\/ul>\n\n\n--><br \/>\n<\/body><\/p>\n","protected":false},"excerpt":{"rendered":"<p>Brasilia, 5 jul (PL) Peritos de la defensa y la acusaci\u00f3n expondr\u00e1n sus pareceres hoy aqu\u00ed ante la Comisi\u00f3n Procesal del Senado Federal que lleva adelante el proceso de juicio pol\u00edtico contra la apartada presidenta de Brasil, Dilma Rousseff. El jurista Ricardo Lodi Ribeiro y el economista Rodrigo Oct\u00e1vio Orair, convocados por el abogado defensor [&hellip;]<\/p>\n","protected":false},"author":3,"featured_media":0,"comment_status":"open","ping_status":"open","sticky":false,"template":"","format":"standard","meta":{"footnotes":""},"categories":[23],"tags":[],"class_list":["post-249493","post","type-post","status-publish","format-standard","hentry","category-internacional"],"_links":{"self":[{"href":"https:\/\/diariodominicano.com\/index.php?rest_route=\/wp\/v2\/posts\/249493","targetHints":{"allow":["GET"]}}],"collection":[{"href":"https:\/\/diariodominicano.com\/index.php?rest_route=\/wp\/v2\/posts"}],"about":[{"href":"https:\/\/diariodominicano.com\/index.php?rest_route=\/wp\/v2\/types\/post"}],"author":[{"embeddable":true,"href":"https:\/\/diariodominicano.com\/index.php?rest_route=\/wp\/v2\/users\/3"}],"replies":[{"embeddable":true,"href":"https:\/\/diariodominicano.com\/index.php?rest_route=%2Fwp%2Fv2%2Fcomments&post=249493"}],"version-history":[{"count":0,"href":"https:\/\/diariodominicano.com\/index.php?rest_route=\/wp\/v2\/posts\/249493\/revisions"}],"wp:attachment":[{"href":"https:\/\/diariodominicano.com\/index.php?rest_route=%2Fwp%2Fv2%2Fmedia&parent=249493"}],"wp:term":[{"taxonomy":"category","embeddable":true,"href":"https:\/\/diariodominicano.com\/index.php?rest_route=%2Fwp%2Fv2%2Fcategories&post=249493"},{"taxonomy":"post_tag","embeddable":true,"href":"https:\/\/diariodominicano.com\/index.php?rest_route=%2Fwp%2Fv2%2Ftags&post=249493"}],"curies":[{"name":"wp","href":"https:\/\/api.w.org\/{rel}","templated":true}]}}