{"id":249492,"date":"2016-07-05T09:34:36","date_gmt":"2016-07-05T09:34:36","guid":{"rendered":"http:\/\/diariodominicano.ddns.net\/?p=249492"},"modified":"2016-07-05T09:34:36","modified_gmt":"2016-07-05T09:34:36","slug":"sentenciados-por-robo-seis-de-cada-10-presos-en-mexico","status":"publish","type":"post","link":"https:\/\/diariodominicano.com\/?p=249492","title":{"rendered":"Sentenciados por robo, seis de cada 10 presos en M\u00e9xico"},"content":{"rendered":"<p><body><\/p>\n<p><span class=\"text1noticias\">M\u00e9xico, 5 jul (PL) Seis de cada 10 internos cumplen hoy sentencias por robo en sus diversas modalidades en los 435 centros penitenciarios de M\u00e9xico, asegur\u00f3 H\u00e9ctor Grijalva, coordinador general de prevenci\u00f3n y readaptaci\u00f3n social de la Comisi\u00f3n Nacional de Seguridad.<\/span><\/p>\n<p><span class=\"text1noticias\"> <\/span><\/p>\n<p><span class=\"text1noticias\">Las c\u00e1rceles en el pa\u00eds albergan a 232 mil presos, 95 por ciento de ellos hombres, 48 mil de los cuales purgan condenas por delitos federales, en su mayor\u00eda cr\u00edmenes considerados contra la salud o delincuencia organizada, se\u00f1al\u00f3.<\/span><\/p>\n<p><span class=\"text1noticias\"> <\/span><\/p>\n<p><span class=\"text1noticias\">Poco m\u00e1s de la mitad, es decir 23 mil 500, est\u00e1n en penitenciar\u00edas estatales y el resto en los 21 centros federales de reinserci\u00f3n social o Ceferesos, a\u00f1adi\u00f3.<\/span><\/p>\n<p><span class=\"text1noticias\"> <\/span><\/p>\n<p><span class=\"text1noticias\">Grijalva, quien fue subsecretario del Sistema Penitenciario del estado de Baja California, apunt\u00f3 que el robo a transe\u00fantes, comercios y veh\u00edculos es cada vez m\u00e1s frecuente, al incrementarse el ingreso a prisi\u00f3n de hombres y mujeres que cometieron estos delitos.<\/span><\/p>\n<p><span class=\"text1noticias\"> <\/span><\/p>\n<p><span class=\"text1noticias\">Con casi 17 mil internos, subray\u00f3, Baja California es la cuarta entidad con mayor poblaci\u00f3n penitenciaria por delitos federales, con gran n\u00famero de reos por diferentes circunstancias migratorias y operativas del trasiego de drogas a Estados Unidos.<\/span><\/p>\n<p><span class=\"text1noticias\"> <\/span><\/p>\n<p><span class=\"text1noticias\">Al implantarse el sistema acusatorio, alrededor del 10 por ciento de los presos (30 mil) estar\u00edan en posibilidad de alcanzar su libertad, aunque es muy dif\u00edcil determinar cu\u00e1ntos sentenciados se acoger\u00e1n a los beneficios de la nueva legislaci\u00f3n, puntu<\/span>aliz\u00f3.<\/p>\n<h6> 2016-07-05 09:34:36 <\/h6>\n<p><!--\n<link rel=\"stylesheet\" href=\"css\/bootstrap.min.css\">\n\n\n<ul class=\"pagination\">\n\t    \n\t\n\n<li >\n\t<a href='?page_no=19136'>Previous<\/a>\n\t<\/li>\n\n\n       \n    \n\n<li><a href='?page_no=1'>1<\/a><\/li>\n\n\n\n<li><a href='?page_no=2'>2<\/a><\/li>\n\n\n\n<li><a>...<\/a><\/li>\n\n\n\n<li><a href='?page_no=19135'>19135<\/a><\/li>\n\n\n\n<li><a href='?page_no=19136'>19136<\/a><\/li>\n\n\n\n<li class='active'><a>19137<\/a><\/li>\n\n\n\n<li><a href='?page_no=19138'>19138<\/a><\/li>\n\n\n\n<li><a href='?page_no=19139'>19139<\/a><\/li>\n\n\n\n<li><a>...<\/a><\/li>\n\n\n\n<li><a href='?page_no=51012'>51012<\/a><\/li>\n\n\n\n<li><a href='?page_no=51013'>51013<\/a><\/li>\n\n    \n\t\n\n<li >\n\t<a href='?page_no=19138'>Next<\/a>\n\t<\/li>\n\n\n    \n\n<li><a href='?page_no=51013'>Last &rsaquo;&rsaquo;<\/a><\/li>\n\n<\/ul>\n\n\n--><br \/>\n<\/body><\/p>\n","protected":false},"excerpt":{"rendered":"<p>M\u00e9xico, 5 jul (PL) Seis de cada 10 internos cumplen hoy sentencias por robo en sus diversas modalidades en los 435 centros penitenciarios de M\u00e9xico, asegur\u00f3 H\u00e9ctor Grijalva, coordinador general de prevenci\u00f3n y readaptaci\u00f3n social de la Comisi\u00f3n Nacional de Seguridad. Las c\u00e1rceles en el pa\u00eds albergan a 232 mil presos, 95 por ciento de [&hellip;]<\/p>\n","protected":false},"author":3,"featured_media":0,"comment_status":"open","ping_status":"open","sticky":false,"template":"","format":"standard","meta":{"footnotes":""},"categories":[23],"tags":[],"class_list":["post-249492","post","type-post","status-publish","format-standard","hentry","category-internacional"],"_links":{"self":[{"href":"https:\/\/diariodominicano.com\/index.php?rest_route=\/wp\/v2\/posts\/249492","targetHints":{"allow":["GET"]}}],"collection":[{"href":"https:\/\/diariodominicano.com\/index.php?rest_route=\/wp\/v2\/posts"}],"about":[{"href":"https:\/\/diariodominicano.com\/index.php?rest_route=\/wp\/v2\/types\/post"}],"author":[{"embeddable":true,"href":"https:\/\/diariodominicano.com\/index.php?rest_route=\/wp\/v2\/users\/3"}],"replies":[{"embeddable":true,"href":"https:\/\/diariodominicano.com\/index.php?rest_route=%2Fwp%2Fv2%2Fcomments&post=249492"}],"version-history":[{"count":0,"href":"https:\/\/diariodominicano.com\/index.php?rest_route=\/wp\/v2\/posts\/249492\/revisions"}],"wp:attachment":[{"href":"https:\/\/diariodominicano.com\/index.php?rest_route=%2Fwp%2Fv2%2Fmedia&parent=249492"}],"wp:term":[{"taxonomy":"category","embeddable":true,"href":"https:\/\/diariodominicano.com\/index.php?rest_route=%2Fwp%2Fv2%2Fcategories&post=249492"},{"taxonomy":"post_tag","embeddable":true,"href":"https:\/\/diariodominicano.com\/index.php?rest_route=%2Fwp%2Fv2%2Ftags&post=249492"}],"curies":[{"name":"wp","href":"https:\/\/api.w.org\/{rel}","templated":true}]}}