{"id":249491,"date":"2016-07-05T09:40:22","date_gmt":"2016-07-05T09:40:22","guid":{"rendered":"http:\/\/diariodominicano.ddns.net\/?p=249491"},"modified":"2016-07-05T09:40:22","modified_gmt":"2016-07-05T09:40:22","slug":"indultan-en-camerun-a-controvertida-jurista","status":"publish","type":"post","link":"https:\/\/diariodominicano.com\/?p=249491","title":{"rendered":"Indultan en Camer\u00fan a controvertida jurista"},"content":{"rendered":"<p><body><\/p>\n<p><span class=\"text1noticias\">Yaund\u00e9, 5 jul (PL) El presidente de Camer\u00fan, Paul Biya, firm\u00f3 un indult\u00f3 que excarcela a la controvertida abogada francesa Lydienne Yen-Ayoum, quien cumpl\u00eda un cuarto de siglo de c\u00e1rcel por corrupci\u00f3n, public\u00f3 el diario Cameroon Tribune.<\/span><\/p>\n<p><span class=\"text1noticias\"> <\/span><\/p>\n<p><span class=\"text1noticias\">Yen-Ayoum fue sentenciada en 2008 por malversaci\u00f3n de un mill\u00f3n y medio de euros provenientes de fondos p\u00fablicos, pero siempre aleg\u00f3 inocencia y se consider\u00f3 una prisionera pol\u00edtica, record\u00f3 la fuente.<\/span><\/p>\n<p><span class=\"text1noticias\"> <\/span><\/p>\n<p><span class=\"text1noticias\">Tambi\u00e9n trabaj\u00f3 con el exministro de Finanzas de Camer\u00fan Policarpo Abah, que cumpli\u00f3 sentencia durante 24 meses por robo en cuentas bancarias de la entidad bajo su juridiscci\u00f3n.<\/span><\/p>\n<p><span class=\"text1noticias\"> <\/span><\/p>\n<p><span class=\"text1noticias\">Ante una apelaci\u00f3n de su equipo de defensa en 2015 el camerun\u00e9s Tribunal Supremo mantuvo la condena a la ahora indultada.<\/span><\/p>\n<h6> 2016-07-05 09:40:22 <\/h6>\n<p><!--\n<link rel=\"stylesheet\" href=\"css\/bootstrap.min.css\">\n\n\n<ul class=\"pagination\">\n\t    \n\t\n\n<li >\n\t<a href='?page_no=19135'>Previous<\/a>\n\t<\/li>\n\n\n       \n    \n\n<li><a href='?page_no=1'>1<\/a><\/li>\n\n\n\n<li><a href='?page_no=2'>2<\/a><\/li>\n\n\n\n<li><a>...<\/a><\/li>\n\n\n\n<li><a href='?page_no=19134'>19134<\/a><\/li>\n\n\n\n<li><a href='?page_no=19135'>19135<\/a><\/li>\n\n\n\n<li class='active'><a>19136<\/a><\/li>\n\n\n\n<li><a href='?page_no=19137'>19137<\/a><\/li>\n\n\n\n<li><a href='?page_no=19138'>19138<\/a><\/li>\n\n\n\n<li><a>...<\/a><\/li>\n\n\n\n<li><a href='?page_no=51012'>51012<\/a><\/li>\n\n\n\n<li><a href='?page_no=51013'>51013<\/a><\/li>\n\n    \n\t\n\n<li >\n\t<a href='?page_no=19137'>Next<\/a>\n\t<\/li>\n\n\n    \n\n<li><a href='?page_no=51013'>Last &rsaquo;&rsaquo;<\/a><\/li>\n\n<\/ul>\n\n\n--><br \/>\n<\/body><\/p>\n","protected":false},"excerpt":{"rendered":"<p>Yaund\u00e9, 5 jul (PL) El presidente de Camer\u00fan, Paul Biya, firm\u00f3 un indult\u00f3 que excarcela a la controvertida abogada francesa Lydienne Yen-Ayoum, quien cumpl\u00eda un cuarto de siglo de c\u00e1rcel por corrupci\u00f3n, public\u00f3 el diario Cameroon Tribune. Yen-Ayoum fue sentenciada en 2008 por malversaci\u00f3n de un mill\u00f3n y medio de euros provenientes de fondos p\u00fablicos, [&hellip;]<\/p>\n","protected":false},"author":3,"featured_media":0,"comment_status":"open","ping_status":"open","sticky":false,"template":"","format":"standard","meta":{"footnotes":""},"categories":[23],"tags":[],"class_list":["post-249491","post","type-post","status-publish","format-standard","hentry","category-internacional"],"_links":{"self":[{"href":"https:\/\/diariodominicano.com\/index.php?rest_route=\/wp\/v2\/posts\/249491","targetHints":{"allow":["GET"]}}],"collection":[{"href":"https:\/\/diariodominicano.com\/index.php?rest_route=\/wp\/v2\/posts"}],"about":[{"href":"https:\/\/diariodominicano.com\/index.php?rest_route=\/wp\/v2\/types\/post"}],"author":[{"embeddable":true,"href":"https:\/\/diariodominicano.com\/index.php?rest_route=\/wp\/v2\/users\/3"}],"replies":[{"embeddable":true,"href":"https:\/\/diariodominicano.com\/index.php?rest_route=%2Fwp%2Fv2%2Fcomments&post=249491"}],"version-history":[{"count":0,"href":"https:\/\/diariodominicano.com\/index.php?rest_route=\/wp\/v2\/posts\/249491\/revisions"}],"wp:attachment":[{"href":"https:\/\/diariodominicano.com\/index.php?rest_route=%2Fwp%2Fv2%2Fmedia&parent=249491"}],"wp:term":[{"taxonomy":"category","embeddable":true,"href":"https:\/\/diariodominicano.com\/index.php?rest_route=%2Fwp%2Fv2%2Fcategories&post=249491"},{"taxonomy":"post_tag","embeddable":true,"href":"https:\/\/diariodominicano.com\/index.php?rest_route=%2Fwp%2Fv2%2Ftags&post=249491"}],"curies":[{"name":"wp","href":"https:\/\/api.w.org\/{rel}","templated":true}]}}