{"id":249489,"date":"2016-07-05T09:54:33","date_gmt":"2016-07-05T09:54:33","guid":{"rendered":"http:\/\/diariodominicano.ddns.net\/?p=249489"},"modified":"2016-07-05T09:54:33","modified_gmt":"2016-07-05T09:54:33","slug":"decimosegunda-manifestacion-en-paris-contra-plan-laboral-del-gobierno","status":"publish","type":"post","link":"https:\/\/diariodominicano.com\/?p=249489","title":{"rendered":"Decimosegunda manifestaci\u00f3n en Par\u00eds contra plan laboral del gobierno"},"content":{"rendered":"<p><body><\/p>\n<p><img decoding=\"async\" src=\"img3\/marchaParis5-7.jpg\" \/>  <\/p>\n<p><span class=\"text1noticias\">Par\u00eds, 5 jul (PL) Una nueva jornada de movilizaci\u00f3n contra un proyecto de reforma laboral del gobierno franc\u00e9s se realiza hoy en esta capital, coincidiendo con el retorno del texto a la Asamblea Nacional.<\/span><\/p>\n<p><span class=\"text1noticias\"> <\/span><\/p>\n<p><span class=\"text1noticias\">Al llamado de los sindicatos, miles de inconformes marchar\u00e1n desde la Plaza de Italia hasta la Bastilla con el fin de expresar su rechazo a un plan que, aseguran, da al empresariado mayores poderes en materia de organizaci\u00f3n del tiempo de trabajo y de despidos.<\/span><\/p>\n<p><span class=\"text1noticias\"> <\/span><\/p>\n<p><span class=\"text1noticias\">El Senado aprob\u00f3 el 28 de junio una versi\u00f3n m\u00e1s endurecida del pol\u00e9mico plan.<\/span><\/p>\n<p><span class=\"text1noticias\"> <\/span><\/p>\n<p><span class=\"text1noticias\">Por 185 votos a favor y 156 en contra, esa c\u00e1mara del Parlamento adopt\u00f3 un texto en el que se suprime el l\u00edmite legal de las 35 horas semanales de trabajo, que pasa a 39 si hay acuerdo en cada empresa.<\/span><\/p>\n<p><span class=\"text1noticias\"> <\/span><\/p>\n<p><span class=\"text1noticias\">Por ello, desde este martes el documento volver\u00e1 a la Asamblea, que en este pa\u00eds tiene la \u00faltima palabra en materia legislativa.<\/span><\/p>\n<p><span class=\"text1noticias\"> <\/span><\/p>\n<p><span class=\"text1noticias\">Los diputados deben realizar nuevas modificaciones en un contexto marcado por la incertidumbre, ya que no se descarta que el primer ministro Manuel Valls vuelva a valerse del criticado art\u00edculo 49.3 de la Constituci\u00f3n que le permite saltarse el examen en la Asamblea y aprobarlo por decreto.<\/span><\/p>\n<p><span class=\"text1noticias\"> <\/span><\/p>\n<p><span class=\"text1noticias\">Uno de los aspectos m\u00e1s pol\u00e9micos del proyecto es la primac\u00eda de los acuerdos de empresa sobre los convenios colectivos, el cual se recoge en el art\u00edculo 2.<\/span><\/p>\n<p><span class=\"text1noticias\"> <\/span><\/p>\n<p><span class=\"text1noticias\">La votaci\u00f3n del 28 de junio coincidi\u00f3 con una jornada de manifestaciones en todo el pa\u00eds en rechazo al menciono plan.<\/span><\/p>\n<p><span class=\"text1noticias\"> <\/span><\/p>\n<p><span class=\"text1noticias\">Decenas de miles de personas volvieron a movilizarse en algunas de las principales ciudades.<\/span><\/p>\n<p><span class=\"text1noticias\"> <\/span><\/p>\n<p><span class=\"text1noticias\">En el caso de Par\u00eds, donde la marcha se realiz\u00f3 bajo un fuerte dispositivo de seguridad, hubo varias decenas de detenidos.<\/span><\/p>\n<p><span class=\"text1noticias\"> <\/span><\/p>\n<p><span class=\"text1noticias\">La prefectura de polic\u00eda atribuy\u00f3 los arrestos sobre todo al hecho de que se trataba de individuos que llevaban objetos que pod\u00edan ser utilizados como proyectiles durante la marcha.<\/span><\/p>\n<p><span class=\"text1noticias\"> <\/span><\/p>\n<p><span class=\"text1noticias\">Para el desfile fueron desplegados m\u00e1s de dos mil 500 polic\u00edas en un trayecto de 2,8 kil\u00f3metros.<\/span><\/p>\n<p><span class=\"text1noticias\"> <\/span><\/p>\n<p><span class=\"text1noticias\">Los sindicatos que se oponen al proyecto organizan para ma\u00f1ana un encuentro en Par\u00eds, anunci\u00f3 el l\u00edder de Fuerza Obrera, Jean-Claude Mailly.<\/span><\/p>\n<p><span class=\"text1noticias\"> <\/span><\/p>\n<p><span class=\"text1noticias\">Los siete l\u00edderes de organizaciones sindicales de trabajadores y de j\u00f3venes, que combaten el mencionado plan desde principios de marzo, tomar\u00e1n la palabra el mi\u00e9rcoles en el evento, precis\u00f3 Mailly durante una conferenci<\/span>a de prensa.<\/p>\n<h6> 2016-07-05 09:54:33 <\/h6>\n<p><!--\n<link rel=\"stylesheet\" href=\"css\/bootstrap.min.css\">\n\n\n<ul class=\"pagination\">\n\t    \n\t\n\n<li >\n\t<a href='?page_no=19133'>Previous<\/a>\n\t<\/li>\n\n\n       \n    \n\n<li><a href='?page_no=1'>1<\/a><\/li>\n\n\n\n<li><a href='?page_no=2'>2<\/a><\/li>\n\n\n\n<li><a>...<\/a><\/li>\n\n\n\n<li><a href='?page_no=19132'>19132<\/a><\/li>\n\n\n\n<li><a href='?page_no=19133'>19133<\/a><\/li>\n\n\n\n<li class='active'><a>19134<\/a><\/li>\n\n\n\n<li><a href='?page_no=19135'>19135<\/a><\/li>\n\n\n\n<li><a href='?page_no=19136'>19136<\/a><\/li>\n\n\n\n<li><a>...<\/a><\/li>\n\n\n\n<li><a href='?page_no=51012'>51012<\/a><\/li>\n\n\n\n<li><a href='?page_no=51013'>51013<\/a><\/li>\n\n    \n\t\n\n<li >\n\t<a href='?page_no=19135'>Next<\/a>\n\t<\/li>\n\n\n    \n\n<li><a href='?page_no=51013'>Last &rsaquo;&rsaquo;<\/a><\/li>\n\n<\/ul>\n\n\n--><br \/>\n<\/body><\/p>\n","protected":false},"excerpt":{"rendered":"<p>Par\u00eds, 5 jul (PL) Una nueva jornada de movilizaci\u00f3n contra un proyecto de reforma laboral del gobierno franc\u00e9s se realiza hoy en esta capital, coincidiendo con el retorno del texto a la Asamblea Nacional. Al llamado de los sindicatos, miles de inconformes marchar\u00e1n desde la Plaza de Italia hasta la Bastilla con el fin de [&hellip;]<\/p>\n","protected":false},"author":3,"featured_media":0,"comment_status":"open","ping_status":"open","sticky":false,"template":"","format":"standard","meta":{"footnotes":""},"categories":[23],"tags":[],"class_list":["post-249489","post","type-post","status-publish","format-standard","hentry","category-internacional"],"_links":{"self":[{"href":"https:\/\/diariodominicano.com\/index.php?rest_route=\/wp\/v2\/posts\/249489","targetHints":{"allow":["GET"]}}],"collection":[{"href":"https:\/\/diariodominicano.com\/index.php?rest_route=\/wp\/v2\/posts"}],"about":[{"href":"https:\/\/diariodominicano.com\/index.php?rest_route=\/wp\/v2\/types\/post"}],"author":[{"embeddable":true,"href":"https:\/\/diariodominicano.com\/index.php?rest_route=\/wp\/v2\/users\/3"}],"replies":[{"embeddable":true,"href":"https:\/\/diariodominicano.com\/index.php?rest_route=%2Fwp%2Fv2%2Fcomments&post=249489"}],"version-history":[{"count":0,"href":"https:\/\/diariodominicano.com\/index.php?rest_route=\/wp\/v2\/posts\/249489\/revisions"}],"wp:attachment":[{"href":"https:\/\/diariodominicano.com\/index.php?rest_route=%2Fwp%2Fv2%2Fmedia&parent=249489"}],"wp:term":[{"taxonomy":"category","embeddable":true,"href":"https:\/\/diariodominicano.com\/index.php?rest_route=%2Fwp%2Fv2%2Fcategories&post=249489"},{"taxonomy":"post_tag","embeddable":true,"href":"https:\/\/diariodominicano.com\/index.php?rest_route=%2Fwp%2Fv2%2Ftags&post=249489"}],"curies":[{"name":"wp","href":"https:\/\/api.w.org\/{rel}","templated":true}]}}