{"id":249487,"date":"2016-07-06T08:35:53","date_gmt":"2016-07-06T08:35:53","guid":{"rendered":"http:\/\/diariodominicano.ddns.net\/?p=249487"},"modified":"2016-07-06T08:35:53","modified_gmt":"2016-07-06T08:35:53","slug":"policias-de-las-americas-analizaran-combate-delitos-internacionales","status":"publish","type":"post","link":"https:\/\/diariodominicano.com\/?p=249487","title":{"rendered":"Polic\u00edas de las Am\u00e9ricas analizar\u00e1n combate delitos internacionales"},"content":{"rendered":"<p><body><\/p>\n<p><img decoding=\"async\" src=\"img3\/interpol6-7.jpg\" \/>  <\/p>\n<p><span class=\"text1noticias\">Panam\u00e1, 6 jul (PL) El enfrentamiento a la delincuencia transnacional es el objetivo de altos mandos de la Polic\u00eda del continente, que se reunir\u00e1n aqu\u00ed a partir de hoy en la XXIII Conferencia Regional de las Am\u00e9ricas de Interpol.<\/span><\/p>\n<p><span class=\"text1noticias\"> <\/span><\/p>\n<p><span class=\"text1noticias\">Los temas en la agenda incluyen tr\u00e1fico de drogas y de personas, terrorismo, ciberdelincuencia, as\u00ed como reforzar las alianzas entre la instituci\u00f3n mundial y las fuerzas del orden de los 46 pa\u00edses asistentes, informaron los anfitriones a la prensa.<\/span><\/p>\n<p><span class=\"text1noticias\"> <\/span><\/p>\n<p><span class=\"text1noticias\">La cita, que ser\u00e1 a puerta cerrada y se extender\u00e1 hasta el viernes, estuvo precedida por otra celebrada el pasado mayo en esta capital, que reuni\u00f3 a las subcomisiones T\u00e9cnicas Investigativas contra las Pandillas, Robos y Hurtos de Autos de la oficina de Interpol para Centroam\u00e9rica.<\/span><\/p>\n<p><span class=\"text1noticias\"> <\/span><\/p>\n<p><span class=\"text1noticias\">Actualmente la subregi\u00f3n enfrenta en\u00e9rgicamente al tr\u00e1fico de drogas, cuyo corredor tiene a Panam\u00e1 como primer escal\u00f3n; tambi\u00e9n combate la trata de personas, principalmente para semiesclavitud sexual y el tr\u00e1fico humano, delitos asociados al crimen organizado que opera en la zona.<\/span><\/p>\n<p><span class=\"text1noticias\"> <\/span><\/p>\n<p><span class=\"text1noticias\">En lo que va de a\u00f1o, los estamentos de seguridad paname\u00f1os informaron que unas 23 toneladas de estupefacientes fueron incautados a las bandas criminales, mientras la sociedad se estremeci\u00f3 con varios casos de ajustes de cuentas entre delincuentes quienes participan en las cadenas de narcotr\u00e1fico.<\/span><\/p>\n<p><span class=\"text1noticias\"> <\/span><\/p>\n<p><span class=\"text1noticias\">La operaci\u00f3n conjunta simult\u00e1nea Mesoam\u00e9rica desmantel\u00f3 a finales de junio pasado una red de tr\u00e1fico de migrantes en Panam\u00e1, Costa Rica, Guatemala, Honduras y El Salvador.<\/span><\/p>\n<p><span class=\"text1noticias\"> <\/span><\/p>\n<p><span class=\"text1noticias\">En esta capital fueron detenidos dos colombianos considerados cabecillas de la organizaci\u00f3n, quienes resid\u00edan en un lujoso edificio ubicado en una zona exclusiva, y utilizaban un discreto hospedaje en una barriada pobre, el cual fue allanado, seg\u00fan el Ministerio P\u00fablico (MP) paname\u00f1o.<\/span><\/p>\n<p><span class=\"text1noticias\"> <\/span><\/p>\n<p><span class=\"text1noticias\">El fiscal especializado contra la delincuencia organizada, Rafael Baloyes, inform\u00f3 a periodistas que tambi\u00e9n aprehendieron a cinco paname\u00f1os, mientras se investigan a otras siete personas presuntamente vinculadas a la red.<\/span><\/p>\n<p><span class=\"text1noticias\"> <\/span><\/p>\n<p><span class=\"text1noticias\">Los locales cumpl\u00edan funciones log\u00edsticas de transporte, alojamiento y alimentaci\u00f3n, mientras que vecinos de los lugares donde pernoctaban los migrantes ilegales, aseguraron a medios locales que los grupos compuestos en su mayor\u00eda de africanos y asi\u00e1ticos, transitaban por la zona sin interferencias de las autoridades.<\/span><\/p>\n<p><span class=\"text1noticias\"> <\/span><\/p>\n<p><span class=\"text1noticias\">\u00abEstas personas entraban a Panam\u00e1 por la provincia de Dari\u00e9n, proveniente de Colombia, donde ingresaban por mar o por tierra, y desde Panam\u00e1 comenzaba el recorrido hacia los Estados Unidos\u00bb, se\u00f1al\u00f3 el MP.<\/span><\/p>\n<p><span class=\"text1noticias\"> <\/span><\/p>\n<p><span class=\"text1noticias\">La operaci\u00f3n es consecuencia de una investigaci\u00f3n compleja desde el mes de enero, con seguimientos y vigilancias a la red, a quienes les ocuparon facturas, recibos, dispositivos tecnol\u00f3gicos y dinero en efectivo, inform\u00f3 la fuente.<\/span><\/p>\n<p><span class=\"text1noticias\"> <\/span><\/p>\n<p><span class=\"text1noticias\">Existen sospechas de que ese grupo se vinculaba a miembros del clan \u00dasuga, banda criminal colombiana ligada al tr\u00e1fico de drogas e indocumentados, y a la trata de personas, considerada la m\u00e1s grande y mejor organizada del pa\u00eds, la cual opera en la regi\u00f3n de Urab\u00e1 y el Pac\u00edfico d<\/span>e Colombia.<\/p>\n<h6> 2016-07-06 08:35:53 <\/h6>\n<p><!--\n<link rel=\"stylesheet\" href=\"css\/bootstrap.min.css\">\n\n\n<ul class=\"pagination\">\n\t    \n\t\n\n<li >\n\t<a href='?page_no=19131'>Previous<\/a>\n\t<\/li>\n\n\n       \n    \n\n<li><a href='?page_no=1'>1<\/a><\/li>\n\n\n\n<li><a href='?page_no=2'>2<\/a><\/li>\n\n\n\n<li><a>...<\/a><\/li>\n\n\n\n<li><a href='?page_no=19130'>19130<\/a><\/li>\n\n\n\n<li><a href='?page_no=19131'>19131<\/a><\/li>\n\n\n\n<li class='active'><a>19132<\/a><\/li>\n\n\n\n<li><a href='?page_no=19133'>19133<\/a><\/li>\n\n\n\n<li><a href='?page_no=19134'>19134<\/a><\/li>\n\n\n\n<li><a>...<\/a><\/li>\n\n\n\n<li><a href='?page_no=51012'>51012<\/a><\/li>\n\n\n\n<li><a href='?page_no=51013'>51013<\/a><\/li>\n\n    \n\t\n\n<li >\n\t<a href='?page_no=19133'>Next<\/a>\n\t<\/li>\n\n\n    \n\n<li><a href='?page_no=51013'>Last &rsaquo;&rsaquo;<\/a><\/li>\n\n<\/ul>\n\n\n--><br \/>\n<\/body><\/p>\n","protected":false},"excerpt":{"rendered":"<p>Panam\u00e1, 6 jul (PL) El enfrentamiento a la delincuencia transnacional es el objetivo de altos mandos de la Polic\u00eda del continente, que se reunir\u00e1n aqu\u00ed a partir de hoy en la XXIII Conferencia Regional de las Am\u00e9ricas de Interpol. Los temas en la agenda incluyen tr\u00e1fico de drogas y de personas, terrorismo, ciberdelincuencia, as\u00ed como [&hellip;]<\/p>\n","protected":false},"author":3,"featured_media":0,"comment_status":"open","ping_status":"open","sticky":false,"template":"","format":"standard","meta":{"footnotes":""},"categories":[23],"tags":[],"class_list":["post-249487","post","type-post","status-publish","format-standard","hentry","category-internacional"],"_links":{"self":[{"href":"https:\/\/diariodominicano.com\/index.php?rest_route=\/wp\/v2\/posts\/249487","targetHints":{"allow":["GET"]}}],"collection":[{"href":"https:\/\/diariodominicano.com\/index.php?rest_route=\/wp\/v2\/posts"}],"about":[{"href":"https:\/\/diariodominicano.com\/index.php?rest_route=\/wp\/v2\/types\/post"}],"author":[{"embeddable":true,"href":"https:\/\/diariodominicano.com\/index.php?rest_route=\/wp\/v2\/users\/3"}],"replies":[{"embeddable":true,"href":"https:\/\/diariodominicano.com\/index.php?rest_route=%2Fwp%2Fv2%2Fcomments&post=249487"}],"version-history":[{"count":0,"href":"https:\/\/diariodominicano.com\/index.php?rest_route=\/wp\/v2\/posts\/249487\/revisions"}],"wp:attachment":[{"href":"https:\/\/diariodominicano.com\/index.php?rest_route=%2Fwp%2Fv2%2Fmedia&parent=249487"}],"wp:term":[{"taxonomy":"category","embeddable":true,"href":"https:\/\/diariodominicano.com\/index.php?rest_route=%2Fwp%2Fv2%2Fcategories&post=249487"},{"taxonomy":"post_tag","embeddable":true,"href":"https:\/\/diariodominicano.com\/index.php?rest_route=%2Fwp%2Fv2%2Ftags&post=249487"}],"curies":[{"name":"wp","href":"https:\/\/api.w.org\/{rel}","templated":true}]}}