{"id":249486,"date":"2016-07-06T08:40:52","date_gmt":"2016-07-06T08:40:52","guid":{"rendered":"http:\/\/diariodominicano.ddns.net\/?p=249486"},"modified":"2016-07-06T08:40:52","modified_gmt":"2016-07-06T08:40:52","slug":"a-mas-de-30-llega-el-numero-de-victimas-atentado-en-siria","status":"publish","type":"post","link":"https:\/\/diariodominicano.com\/?p=249486","title":{"rendered":"A m\u00e1s de 30 llega el n\u00famero de v\u00edctimas atentado en Siria"},"content":{"rendered":"<p><body><\/p>\n<p><img decoding=\"async\" src=\"img3\/siria-heridos6-7.jpg\" \/>  <\/p>\n<p><span class=\"text1noticias\">Damasco, 6 jul (PL) A m\u00e1s de 30 subi\u00f3 el n\u00famero de v\u00edctimas por un atentado suicida en la ciudad de Hasaka, capital de la provincia siria de igual nombre, a unos 710 kil\u00f3metros al noreste de Damasco.<\/span><\/p>\n<p><span class=\"text1noticias\"> <\/span><\/p>\n<p><span class=\"text1noticias\">Seg\u00fan las informaciones, la cifra de heridos supera tambi\u00e9n la treintena y los grupos de autodefensa kurdos y el Ej\u00e9rcito sirio declararon el estado de emergencia y m\u00e1xima alerta en la regi\u00f3n.<\/span><\/p>\n<p><span class=\"text1noticias\"> <\/span><\/p>\n<p><span class=\"text1noticias\">Datos confirmados en el terreno indicaron que existen sospechas de otro posible atentado y las autoridades intentan localizar a un coche bomba de acuerdo con diversos testimonios.<\/span><\/p>\n<p><span class=\"text1noticias\"> <\/span><\/p>\n<p><span class=\"text1noticias\">Hasaka, provincia siria fronteriza con Turqu\u00eda e Irak, es escenario de enfrentamientos entre grupos terroristas y milicias kurdas aliadas a las Fuerzas Armadas siri<\/span>as.<\/p>\n<h6> 2016-07-06 08:40:52 <\/h6>\n<p><!--\n<link rel=\"stylesheet\" href=\"css\/bootstrap.min.css\">\n\n\n<ul class=\"pagination\">\n\t    \n\t\n\n<li >\n\t<a href='?page_no=19130'>Previous<\/a>\n\t<\/li>\n\n\n       \n    \n\n<li><a href='?page_no=1'>1<\/a><\/li>\n\n\n\n<li><a href='?page_no=2'>2<\/a><\/li>\n\n\n\n<li><a>...<\/a><\/li>\n\n\n\n<li><a href='?page_no=19129'>19129<\/a><\/li>\n\n\n\n<li><a href='?page_no=19130'>19130<\/a><\/li>\n\n\n\n<li class='active'><a>19131<\/a><\/li>\n\n\n\n<li><a href='?page_no=19132'>19132<\/a><\/li>\n\n\n\n<li><a href='?page_no=19133'>19133<\/a><\/li>\n\n\n\n<li><a>...<\/a><\/li>\n\n\n\n<li><a href='?page_no=51012'>51012<\/a><\/li>\n\n\n\n<li><a href='?page_no=51013'>51013<\/a><\/li>\n\n    \n\t\n\n<li >\n\t<a href='?page_no=19132'>Next<\/a>\n\t<\/li>\n\n\n    \n\n<li><a href='?page_no=51013'>Last &rsaquo;&rsaquo;<\/a><\/li>\n\n<\/ul>\n\n\n--><br \/>\n<\/body><\/p>\n","protected":false},"excerpt":{"rendered":"<p>Damasco, 6 jul (PL) A m\u00e1s de 30 subi\u00f3 el n\u00famero de v\u00edctimas por un atentado suicida en la ciudad de Hasaka, capital de la provincia siria de igual nombre, a unos 710 kil\u00f3metros al noreste de Damasco. Seg\u00fan las informaciones, la cifra de heridos supera tambi\u00e9n la treintena y los grupos de autodefensa kurdos [&hellip;]<\/p>\n","protected":false},"author":3,"featured_media":0,"comment_status":"open","ping_status":"open","sticky":false,"template":"","format":"standard","meta":{"footnotes":""},"categories":[23],"tags":[],"class_list":["post-249486","post","type-post","status-publish","format-standard","hentry","category-internacional"],"_links":{"self":[{"href":"https:\/\/diariodominicano.com\/index.php?rest_route=\/wp\/v2\/posts\/249486","targetHints":{"allow":["GET"]}}],"collection":[{"href":"https:\/\/diariodominicano.com\/index.php?rest_route=\/wp\/v2\/posts"}],"about":[{"href":"https:\/\/diariodominicano.com\/index.php?rest_route=\/wp\/v2\/types\/post"}],"author":[{"embeddable":true,"href":"https:\/\/diariodominicano.com\/index.php?rest_route=\/wp\/v2\/users\/3"}],"replies":[{"embeddable":true,"href":"https:\/\/diariodominicano.com\/index.php?rest_route=%2Fwp%2Fv2%2Fcomments&post=249486"}],"version-history":[{"count":0,"href":"https:\/\/diariodominicano.com\/index.php?rest_route=\/wp\/v2\/posts\/249486\/revisions"}],"wp:attachment":[{"href":"https:\/\/diariodominicano.com\/index.php?rest_route=%2Fwp%2Fv2%2Fmedia&parent=249486"}],"wp:term":[{"taxonomy":"category","embeddable":true,"href":"https:\/\/diariodominicano.com\/index.php?rest_route=%2Fwp%2Fv2%2Fcategories&post=249486"},{"taxonomy":"post_tag","embeddable":true,"href":"https:\/\/diariodominicano.com\/index.php?rest_route=%2Fwp%2Fv2%2Ftags&post=249486"}],"curies":[{"name":"wp","href":"https:\/\/api.w.org\/{rel}","templated":true}]}}