{"id":249484,"date":"2016-07-06T08:49:57","date_gmt":"2016-07-06T08:49:57","guid":{"rendered":"http:\/\/diariodominicano.ddns.net\/?p=249484"},"modified":"2016-07-06T08:49:57","modified_gmt":"2016-07-06T08:49:57","slug":"rajoy-retoma-negociacion-para-intentar-formar-gobierno","status":"publish","type":"post","link":"https:\/\/diariodominicano.com\/?p=249484","title":{"rendered":"Rajoy retoma negociaci\u00f3n para intentar formar gobierno"},"content":{"rendered":"<p><body><\/p>\n<p><img decoding=\"async\" src=\"img3\/rajoy6-7.jpg\" \/>  <\/p>\n<p>Madrid, 6 jul (PL) El presidente del Gobierno en funciones Mariano Rajoy proseguir\u00e1 hoy sus contactos con las fuerzas representadas en el parlamento para intentar formar un nuevo ejecutivo en Espa\u00f1a, tras las elecciones del 26 de junio.<\/p>\n<\/p>\n<p>El tambi\u00e9n l\u00edder del conservador Partido Popular (PP) recibir\u00e1 este mi\u00e9rcoles en el gubernamental Palacio de la Moncloa a los representantes del Partido Nacionalista Vasco (PNV) y de Esquerra Republicana de Catalu\u00f1a (ERC).<\/p>\n<\/p>\n<p>Rajoy se reuni\u00f3 la v\u00edspera con el secretario general de Coalici\u00f3n Canaria (CC), Jos\u00e9 Miguel Barrag\u00e1n, quien acept\u00f3 apoyar el acuerdo de m\u00ednimos propuesto por el PP para evitar unas terceras elecciones en este pa\u00eds.<\/p>\n<\/p>\n<p>Barrag\u00e1n revel\u00f3 que vio al gobernante interino optimista, pero realista, respecto a las posibilidades de lograr los apoyos necesarios para presentarse a la investidura a partir del 19 de julio, cuando se constituir\u00e1n las Cortes Generales (parlamento bicameral).<\/p>\n<\/p>\n<p>Durante una rueda de prensa en la Moncloa, el dirigente de CC asegur\u00f3 que aunque Rajoy no descarta todav\u00eda ninguna opci\u00f3n, incluida su deseada coalici\u00f3n con el Partido Socialista Obrero Espa\u00f1ol (PSOE), estar\u00eda dispuesto a gobernar en minor\u00eda.<\/p>\n<\/p>\n<p>Es decir, que buscar\u00eda al menos la abstenci\u00f3n del Partido Nacionalista Vasco (PNV), del centroderechista Ciudadanos y de Nueva Canarias para poder ser investido en una segunda votaci\u00f3n en el Congreso de los Diputados.<\/p>\n<\/p>\n<p>A diferencia de la primera votaci\u00f3n, donde requerir\u00eda la mayor\u00eda absoluta, establecida en 176 de los 350 miembros de la C\u00e1mara baja, en ese segundo intento apenas le bastar\u00eda obtener m\u00e1s votos a favor que en contra.<\/p>\n<\/p>\n<p>En las elecciones generales del 26 de junio -una repetici\u00f3n de las realizadas el 20 de diciembre ante su inconcluso desenlace-, el PP volvi\u00f3 a ser la fuerza m\u00e1s votada con el 33,03 por ciento de los sufragios y 137 esca\u00f1os en el Congreso.<\/p>\n<\/p>\n<p>Pese a mejorar sus resultados de diciembre, cuando conquist\u00f3 123 bancas, la derecha encarnada por los populares deber\u00e1 ahora buscar los apoyos necesarios para garantizar su permanencia en la Moncloa.<\/p>\n<\/p>\n<p>Para asegurarse otros cuatro a\u00f1os en el poder, el mandatario saliente necesitar\u00eda que otros l\u00edderes acepten abstenerse en las mociones de confianza para permitir un ejecutivo de minor\u00eda.<\/p>\n<\/p>\n<p>De momento, la situaci\u00f3n se encuentra bloqueada ante la negativa del PSOE -segundo m\u00e1s votado con 85 bancas- a respaldar, por acci\u00f3n u omisi\u00f3n, la continuidad de los conservadores.<\/p>\n<\/p>\n<p>El Comit\u00e9 Federal de los socialistas, m\u00e1ximo \u00f3rgano de direcci\u00f3n entre congresos, se reunir\u00e1 el pr\u00f3ximo s\u00e1bado para fijar una posici\u00f3n al respecto.<\/p>\n<\/p>\n<p>Ante el rechazo del PSOE, Rajoy buscar\u00e1 el respaldo a su investidura de Ciudadanos, con 32 esca\u00f1os, y del PNV, ERC y CC, que cuentan, respectivamente, con cinco, nueve y un asiento en el Congreso.<\/p>\n<h6> 2016-07-06 08:49:57 <\/h6>\n<p><!--\n<link rel=\"stylesheet\" href=\"css\/bootstrap.min.css\">\n\n\n<ul class=\"pagination\">\n\t    \n\t\n\n<li >\n\t<a href='?page_no=19128'>Previous<\/a>\n\t<\/li>\n\n\n       \n    \n\n<li><a href='?page_no=1'>1<\/a><\/li>\n\n\n\n<li><a href='?page_no=2'>2<\/a><\/li>\n\n\n\n<li><a>...<\/a><\/li>\n\n\n\n<li><a href='?page_no=19127'>19127<\/a><\/li>\n\n\n\n<li><a href='?page_no=19128'>19128<\/a><\/li>\n\n\n\n<li class='active'><a>19129<\/a><\/li>\n\n\n\n<li><a href='?page_no=19130'>19130<\/a><\/li>\n\n\n\n<li><a href='?page_no=19131'>19131<\/a><\/li>\n\n\n\n<li><a>...<\/a><\/li>\n\n\n\n<li><a href='?page_no=51012'>51012<\/a><\/li>\n\n\n\n<li><a href='?page_no=51013'>51013<\/a><\/li>\n\n    \n\t\n\n<li >\n\t<a href='?page_no=19130'>Next<\/a>\n\t<\/li>\n\n\n    \n\n<li><a href='?page_no=51013'>Last &rsaquo;&rsaquo;<\/a><\/li>\n\n<\/ul>\n\n\n--><br \/>\n<\/body><\/p>\n","protected":false},"excerpt":{"rendered":"<p>Madrid, 6 jul (PL) El presidente del Gobierno en funciones Mariano Rajoy proseguir\u00e1 hoy sus contactos con las fuerzas representadas en el parlamento para intentar formar un nuevo ejecutivo en Espa\u00f1a, tras las elecciones del 26 de junio. El tambi\u00e9n l\u00edder del conservador Partido Popular (PP) recibir\u00e1 este mi\u00e9rcoles en el gubernamental Palacio de la [&hellip;]<\/p>\n","protected":false},"author":3,"featured_media":0,"comment_status":"open","ping_status":"open","sticky":false,"template":"","format":"standard","meta":{"footnotes":""},"categories":[23],"tags":[],"class_list":["post-249484","post","type-post","status-publish","format-standard","hentry","category-internacional"],"_links":{"self":[{"href":"https:\/\/diariodominicano.com\/index.php?rest_route=\/wp\/v2\/posts\/249484","targetHints":{"allow":["GET"]}}],"collection":[{"href":"https:\/\/diariodominicano.com\/index.php?rest_route=\/wp\/v2\/posts"}],"about":[{"href":"https:\/\/diariodominicano.com\/index.php?rest_route=\/wp\/v2\/types\/post"}],"author":[{"embeddable":true,"href":"https:\/\/diariodominicano.com\/index.php?rest_route=\/wp\/v2\/users\/3"}],"replies":[{"embeddable":true,"href":"https:\/\/diariodominicano.com\/index.php?rest_route=%2Fwp%2Fv2%2Fcomments&post=249484"}],"version-history":[{"count":0,"href":"https:\/\/diariodominicano.com\/index.php?rest_route=\/wp\/v2\/posts\/249484\/revisions"}],"wp:attachment":[{"href":"https:\/\/diariodominicano.com\/index.php?rest_route=%2Fwp%2Fv2%2Fmedia&parent=249484"}],"wp:term":[{"taxonomy":"category","embeddable":true,"href":"https:\/\/diariodominicano.com\/index.php?rest_route=%2Fwp%2Fv2%2Fcategories&post=249484"},{"taxonomy":"post_tag","embeddable":true,"href":"https:\/\/diariodominicano.com\/index.php?rest_route=%2Fwp%2Fv2%2Ftags&post=249484"}],"curies":[{"name":"wp","href":"https:\/\/api.w.org\/{rel}","templated":true}]}}