{"id":249482,"date":"2016-07-06T09:49:24","date_gmt":"2016-07-06T09:49:24","guid":{"rendered":"http:\/\/diariodominicano.ddns.net\/?p=249482"},"modified":"2016-07-06T09:49:24","modified_gmt":"2016-07-06T09:49:24","slug":"abogado-presenta-defensa-dilma-rousseff-ante-comision-procesal","status":"publish","type":"post","link":"https:\/\/diariodominicano.com\/?p=249482","title":{"rendered":"Abogado presenta defensa Dilma Rousseff ante Comisi\u00f3n Procesal"},"content":{"rendered":"<p><body><\/p>\n<p><img decoding=\"async\" src=\"img3\/jose-eduardo-cardozo6-7.jpg\" \/>  <\/p>\n<p><span class=\"text1noticias\">Brasilia, 6 jul (PL) El ex titular de la Abogac\u00eda General de la Uni\u00f3n Jos\u00e9 Eduardo Cardozo presentar\u00e1 hoy la defensa de la apartada presidenta de Brasil, Dilma Rousseff, ante la Comisi\u00f3n Procesal de Impeachment del Senado Federal.<\/span><\/p>\n<p><span class=\"text1noticias\"> <\/span><\/p>\n<p><span class=\"text1noticias\">La propia mandataria anunci\u00f3 la v\u00edspera que no comparecer\u00eda este mi\u00e9rcoles ante el colegiado, encargado de llevar adelante el proceso de juicio pol\u00edtico por presunto crimen de responsabilidad.<\/span><\/p>\n<p><span class=\"text1noticias\"> <\/span><\/p>\n<p><span class=\"text1noticias\">En un mensaje circulado por Twitter, Rousseff dio a conocer que har\u00eda la defensa por escrito y que la misma ser\u00eda le\u00edda por su abogado Cardozo. Anticip\u00f3 adem\u00e1s que junto a su equipo de trabajo est\u00e1n evaluando su presencia ante el plenario del Senado en otro momento del proceso.<\/span><\/p>\n<p><span class=\"text1noticias\"> <\/span><\/p>\n<p><span class=\"text1noticias\">Rousseff reiter\u00f3 asimismo que todos los d\u00edas lucha por retomar su mandato -del cual fue apartada temporalmente el pasado 12 de mayo para ser enjuiciada por presunta violaci\u00f3n de la Ley de Responsabilidad Fiscal- y tambi\u00e9n por rescatar la democracia en el pa\u00eds.<\/span><\/p>\n<p><span class=\"text1noticias\"> <\/span><\/p>\n<p><span class=\"text1noticias\">Este martes, Dilma sostuvo un encuentro con integrantes del Frente Brasil de Juristas por la Democracia, a quienes manifest\u00f3 estar abierta a todas las propuestas que apunten a derrotar el golpe parlamentario en curso en el pa\u00eds.<\/span><\/p>\n<p><span class=\"text1noticias\"> <\/span><\/p>\n<p><span class=\"text1noticias\">Cualquier iniciativa democr\u00e1tica es leg\u00edtima, ya sea para realizar un plebiscito, elecciones generales o una elecci\u00f3n presidencial, indic\u00f3.<\/span><\/p>\n<p><span class=\"text1noticias\"> <\/span><\/p>\n<p><span class=\"text1noticias\">La propuesta de realizar un plebiscito sobre la posible convocatoria a elecciones anticipadas puede marcar la diferencia en la votaci\u00f3n del impeachment contra Dilma en el pleno del Senado Federal, expres\u00f3 por su parte en declaraciones a la TV Vermelho la legisladora del Partido Comunista de Brasil (PCdoB) Vanessa Grazziotin.<\/span><\/p>\n<p><span class=\"text1noticias\"> <\/span><\/p>\n<p><span class=\"text1noticias\">La adhesi\u00f3n a esta iniciativa, dijo, ha crecido mucho en esta Casa, pues los parlamentarios perciben que con el actual gobierno encabezado por el presidente interino Michel Temer la misma no podr\u00e1 prosperar, ya que este lleg\u00f3 con la intenci\u00f3n de extender su mandato temporal hasta 2018.<\/span><\/p>\n<p><span class=\"text1noticias\"> <\/span><\/p>\n<p><span class=\"text1noticias\">Tambi\u00e9n la poderosa Central \u00danica de los Trabajadores (CUT) fij\u00f3 ayer su posici\u00f3n al respecto y esclareci\u00f3 que no apoya la convocatoria al plebiscito.<\/span><\/p>\n<p><span class=\"text1noticias\"> <\/span><\/p>\n<p><span class=\"text1noticias\">Al mismo tiempo, aclar\u00f3, \u00abla CUT considera que las iniciativas de los senadores o de la propia presidenta Dilma son parte de sus prerrogativas, que respetamos si esto contribuye para encontrar una salida democr\u00e1tica en la lucha contra el golpe\u00bb.<\/span><\/p>\n<p><span class=\"text1noticias\"> <\/span><\/p>\n<p><span class=\"text1noticias\">La central obrera denunci\u00f3 adem\u00e1s la ilegitimidad de Temer, la espuria composici\u00f3n del Congreso Nacional y reiter\u00f3 que el mayor problema del pa\u00eds es su propio sistema pol\u00edtico, el cual debe ser reformado profundamente a trav\u00e9s de la convocatoria de una Constituyente exclusiva y<\/span> soberana.<\/p>\n<h6> 2016-07-06 09:49:24 <\/h6>\n<p><!--\n<link rel=\"stylesheet\" href=\"css\/bootstrap.min.css\">\n\n\n<ul class=\"pagination\">\n\t    \n\t\n\n<li >\n\t<a href='?page_no=19126'>Previous<\/a>\n\t<\/li>\n\n\n       \n    \n\n<li><a href='?page_no=1'>1<\/a><\/li>\n\n\n\n<li><a href='?page_no=2'>2<\/a><\/li>\n\n\n\n<li><a>...<\/a><\/li>\n\n\n\n<li><a href='?page_no=19125'>19125<\/a><\/li>\n\n\n\n<li><a href='?page_no=19126'>19126<\/a><\/li>\n\n\n\n<li class='active'><a>19127<\/a><\/li>\n\n\n\n<li><a href='?page_no=19128'>19128<\/a><\/li>\n\n\n\n<li><a href='?page_no=19129'>19129<\/a><\/li>\n\n\n\n<li><a>...<\/a><\/li>\n\n\n\n<li><a href='?page_no=51012'>51012<\/a><\/li>\n\n\n\n<li><a href='?page_no=51013'>51013<\/a><\/li>\n\n    \n\t\n\n<li >\n\t<a href='?page_no=19128'>Next<\/a>\n\t<\/li>\n\n\n    \n\n<li><a href='?page_no=51013'>Last &rsaquo;&rsaquo;<\/a><\/li>\n\n<\/ul>\n\n\n--><br \/>\n<\/body><\/p>\n","protected":false},"excerpt":{"rendered":"<p>Brasilia, 6 jul (PL) El ex titular de la Abogac\u00eda General de la Uni\u00f3n Jos\u00e9 Eduardo Cardozo presentar\u00e1 hoy la defensa de la apartada presidenta de Brasil, Dilma Rousseff, ante la Comisi\u00f3n Procesal de Impeachment del Senado Federal. La propia mandataria anunci\u00f3 la v\u00edspera que no comparecer\u00eda este mi\u00e9rcoles ante el colegiado, encargado de llevar [&hellip;]<\/p>\n","protected":false},"author":3,"featured_media":0,"comment_status":"open","ping_status":"open","sticky":false,"template":"","format":"standard","meta":{"footnotes":""},"categories":[23],"tags":[],"class_list":["post-249482","post","type-post","status-publish","format-standard","hentry","category-internacional"],"_links":{"self":[{"href":"https:\/\/diariodominicano.com\/index.php?rest_route=\/wp\/v2\/posts\/249482","targetHints":{"allow":["GET"]}}],"collection":[{"href":"https:\/\/diariodominicano.com\/index.php?rest_route=\/wp\/v2\/posts"}],"about":[{"href":"https:\/\/diariodominicano.com\/index.php?rest_route=\/wp\/v2\/types\/post"}],"author":[{"embeddable":true,"href":"https:\/\/diariodominicano.com\/index.php?rest_route=\/wp\/v2\/users\/3"}],"replies":[{"embeddable":true,"href":"https:\/\/diariodominicano.com\/index.php?rest_route=%2Fwp%2Fv2%2Fcomments&post=249482"}],"version-history":[{"count":0,"href":"https:\/\/diariodominicano.com\/index.php?rest_route=\/wp\/v2\/posts\/249482\/revisions"}],"wp:attachment":[{"href":"https:\/\/diariodominicano.com\/index.php?rest_route=%2Fwp%2Fv2%2Fmedia&parent=249482"}],"wp:term":[{"taxonomy":"category","embeddable":true,"href":"https:\/\/diariodominicano.com\/index.php?rest_route=%2Fwp%2Fv2%2Fcategories&post=249482"},{"taxonomy":"post_tag","embeddable":true,"href":"https:\/\/diariodominicano.com\/index.php?rest_route=%2Fwp%2Fv2%2Ftags&post=249482"}],"curies":[{"name":"wp","href":"https:\/\/api.w.org\/{rel}","templated":true}]}}