{"id":249480,"date":"2016-07-06T11:19:15","date_gmt":"2016-07-06T11:19:15","guid":{"rendered":"http:\/\/diariodominicano.ddns.net\/?p=249480"},"modified":"2016-07-06T11:19:15","modified_gmt":"2016-07-06T11:19:15","slug":"papa-francisco-considera-los-pobres-son-el-tesoro-de-la-iglesia","status":"publish","type":"post","link":"https:\/\/diariodominicano.com\/?p=249480","title":{"rendered":"Papa Francisco considera \u00ablos pobres son el tesoro de la iglesia\u00bb"},"content":{"rendered":"<p><body><\/p>\n<p><img decoding=\"async\" src=\"img3\/papaFco.6-7.jpg\" \/>  <\/p>\n<p><span class=\"text1noticias\">VATICANO, 06 Jul. 16 \/ 04:04 am (ACI).- Este mi\u00e9rcoles, el Papa Francisco no celebr\u00f3 la tradicional audiencia puesto que se retomar\u00e1 en agosto despu\u00e9s de unas semanas de descanso; pero s\u00ed mantuvo un conmovedor encuentro con 200 pobres, discapacitados y enfermos en el Aula Pablo VI, a quienes les asegur\u00f3 que son el tesoro de la Iglesia.<\/span><\/p>\n<p><span class=\"text1noticias\"> <\/span><\/p>\n<p><span class=\"text1noticias\">\u00abLa Iglesia ha querido compartir vuestra condici\u00f3n, y se ha hecho, por amor, uno de ustedes, despreciado de los hombres, olvidado, uno que no cuenta nada\u00bb, les dijo.<\/span><\/p>\n<p><span class=\"text1noticias\"> <\/span><\/p>\n<p><span class=\"text1noticias\">Los enfermos llegaron procedentes de Francia junto al Cardenal Philippe Barbarin, Arzobispo de Lyon. Pertenecen al Movimiento Cuarto Mundo, que tiene como principal objetivo ayudar a estar personas y fue inspirado por el sacerdote Joseph Wresinski, de quien el Pont\u00edfice habl\u00f3 en su discurso.<\/span><\/p>\n<p><span class=\"text1noticias\"> <\/span><\/p>\n<p><span class=\"text1noticias\">Al comienzo, algunos de los asistentes contaron su testimonio y pidieron a Francisco que la Iglesia abra las puertas a los pobres.<\/span><\/p>\n<p><span class=\"text1noticias\"> <\/span><\/p>\n<p><span class=\"text1noticias\">El Papa se\u00f1al\u00f3 que la presencia de todos ellos \u00abes un hermoso testimonio de fraternidad evang\u00e9lica\u00bb y asegur\u00f3 que est\u00e1n \u00aben el coraz\u00f3n de la Iglesia, porque Jes\u00fas, en su vida, ha dado siempre prioridad a personas que eran como ustedes, que viv\u00edan en situaciones l\u00edmite\u00bb.<\/span><\/p>\n<p><span class=\"text1noticias\"> <\/span><\/p>\n<p><span class=\"text1noticias\">\u00abCual sea que es vuestra condici\u00f3n, vuestra historia, el peso que llev\u00e1is es el de la capacidad de acoger. \u00c9l acoge a cada uno. En \u00c9l somos hermanos, y querr\u00eda que ustedes sientan c\u00f3mo son bienvenidos aqu\u00ed, vuestra esperanza es importante para m\u00ed y tambi\u00e9n es importante que est\u00e9n aqu\u00ed, en su casa\u00bb.<\/span><\/p>\n<p><span class=\"text1noticias\"> <\/span><\/p>\n<p><span class=\"text1noticias\">\u00abLa Iglesia, que ama y prefiere eso que Jes\u00fas ha amado y preferido, no puede estar tranquila hasta que no haya reunido a todos aquellos que experimentan el rechazo, la exclusi\u00f3n y que no cuentan nada\u00bb.<\/span><\/p>\n<p><span class=\"text1noticias\"> <\/span><\/p>\n<p><span class=\"text1noticias\">Francisco tambi\u00e9n tuvo palabras hacia aquellos que ayudan a estas personas y las acompa\u00f1an: \u00abes la vida compartida con los pobres que nos transforma y nos convierte\u00bb.<\/span><\/p>\n<p><span class=\"text1noticias\"> <\/span><\/p>\n<p><span class=\"text1noticias\">\u00abNo solo ustedes van al encuentro ?continu\u00f3?, no solo caminan ustedes con ellos, esforz\u00e1ndose por comprender su sufrimiento, entrar en su desesperaci\u00f3n\u00bb, sino que \u00absuscitan en torno a ellos una comunidad, restituyendo en ellos una existencia, una identidad, una dignidad\u00bb.<\/span><\/p>\n<p><span class=\"text1noticias\"> <\/span><\/p>\n<p><span class=\"text1noticias\">\u00abMe viene a la mente qu\u00e9 es lo que pensaba la gente cuando vio a Mar\u00eda, Jos\u00e9 y Jes\u00fas por las calles huyendo en Egipto. Ellos eran pobres, estaban afligidos por la persecuci\u00f3n, pero all\u00ed estaba Dios\u00bb, expres\u00f3.<\/span><\/p>\n<p><span class=\"text1noticias\"> <\/span><\/p>\n<p><span class=\"text1noticias\">Francisco los anim\u00f3 a \u00abconservar el coraje y, en medio de la angustia, conservar la alegr\u00eda de la esperanza\u00bb. \u00abEst\u00e9n seguros de que la prueba y el sufrimiento no durar\u00e1n siempre, porque nosotros creemos en un Dios que repara todas las injusticias, que consuela todas las penas y que sabe recompensar a cuantos tienen confianza en \u00c9l\u00bb.<\/span><\/p>\n<p><span class=\"text1noticias\"> <\/span><\/p>\n<p><span class=\"text1noticias\">\u00abEl tesoro de la Iglesia son los pobres, dice el di\u00e1cono romano San Lorenzo\u00bb, afirm\u00f3 el Papa de manera improvisada. Es \u00abuna misi\u00f3n que solo ustedes, desde su pobreza, ser\u00e1n capaces de llevar a t\u00e9rmino\u00bb.<\/span><\/p>\n<p><span class=\"text1noticias\"> <\/span><\/p>\n<p><span class=\"text1noticias\">\u00abJes\u00fas algunas veces ha sido muy severo y ha rega\u00f1ado severamente a personas que no acogen el mensaje del Padre. Y as\u00ed como \u00c9l ha dicho esa palabra ?beatos los pobres, los enfermos, aquellos que lloran, aquellos que son odiados y perseguidos? ha dicho otra, que dicha por \u00c9l da miedo. Ha dicho ?Ay?. Y lo ha dicho a los ricos, a los sabios, a aquellos que ahora r\u00eden, a aquellos que les gusta ser adorados, a los hip\u00f3critas\u00bb.<\/span><\/p>\n<p><span class=\"text1noticias\"> <\/span><\/p>\n<p><span class=\"text1noticias\">\u00abOs doy la misi\u00f3n de orar por ellos, para que el Se\u00f1or les cambie el coraz\u00f3n. Os pido orar por los culpables de vuestra pobreza para que se conviertan\u00bb, a\u00f1adi\u00f3.<\/span><\/p>\n<p><span class=\"text1noticias\"> <\/span><\/p>\n<p><span class=\"text1noticias\">\u00abRecen por tantos ricos que visten de p\u00farpura el rostro y hacen fiesta con grandes banquetes sin recordar que en su puerta hay muchos L\u00e1zaros deseosos de alimentarse de las sobras de su mesa. Oren tambi\u00e9n por los sacerdotes, por los levitas que viendo en su camino un medio muerto pasan mirando hacia otro lado porque no tienen compasi\u00f3n\u00bb.<\/span><\/p>\n<p><span class=\"text1noticias\"> <\/span><\/p>\n<p><span class=\"text1noticias\">\u00abA todas estas personas y tambi\u00e9n a otros que est\u00e1n unidas con vuestra pobreza y con tantos dolores, sonre\u00edd desde el coraz\u00f3n, desead su bien y pedid al Se\u00f1or que se conviertan. Os aseguro que si ustedes hacen esto habr\u00e1 una gran alegr\u00eda en la Iglesia, en vuestro coraz\u00f3n y tambi\u00e9n en la <\/span>amada Francia\u00bb.<\/p>\n<h6> 2016-07-06 11:19:15 <\/h6>\n<p><!--\n<link rel=\"stylesheet\" href=\"css\/bootstrap.min.css\">\n\n\n<ul class=\"pagination\">\n\t    \n\t\n\n<li >\n\t<a href='?page_no=19124'>Previous<\/a>\n\t<\/li>\n\n\n       \n    \n\n<li><a href='?page_no=1'>1<\/a><\/li>\n\n\n\n<li><a href='?page_no=2'>2<\/a><\/li>\n\n\n\n<li><a>...<\/a><\/li>\n\n\n\n<li><a href='?page_no=19123'>19123<\/a><\/li>\n\n\n\n<li><a href='?page_no=19124'>19124<\/a><\/li>\n\n\n\n<li class='active'><a>19125<\/a><\/li>\n\n\n\n<li><a href='?page_no=19126'>19126<\/a><\/li>\n\n\n\n<li><a href='?page_no=19127'>19127<\/a><\/li>\n\n\n\n<li><a>...<\/a><\/li>\n\n\n\n<li><a href='?page_no=51012'>51012<\/a><\/li>\n\n\n\n<li><a href='?page_no=51013'>51013<\/a><\/li>\n\n    \n\t\n\n<li >\n\t<a href='?page_no=19126'>Next<\/a>\n\t<\/li>\n\n\n    \n\n<li><a href='?page_no=51013'>Last &rsaquo;&rsaquo;<\/a><\/li>\n\n<\/ul>\n\n\n--><br \/>\n<\/body><\/p>\n","protected":false},"excerpt":{"rendered":"<p>VATICANO, 06 Jul. 16 \/ 04:04 am (ACI).- Este mi\u00e9rcoles, el Papa Francisco no celebr\u00f3 la tradicional audiencia puesto que se retomar\u00e1 en agosto despu\u00e9s de unas semanas de descanso; pero s\u00ed mantuvo un conmovedor encuentro con 200 pobres, discapacitados y enfermos en el Aula Pablo VI, a quienes les asegur\u00f3 que son el tesoro [&hellip;]<\/p>\n","protected":false},"author":3,"featured_media":0,"comment_status":"open","ping_status":"open","sticky":false,"template":"","format":"standard","meta":{"footnotes":""},"categories":[23],"tags":[],"class_list":["post-249480","post","type-post","status-publish","format-standard","hentry","category-internacional"],"_links":{"self":[{"href":"https:\/\/diariodominicano.com\/index.php?rest_route=\/wp\/v2\/posts\/249480","targetHints":{"allow":["GET"]}}],"collection":[{"href":"https:\/\/diariodominicano.com\/index.php?rest_route=\/wp\/v2\/posts"}],"about":[{"href":"https:\/\/diariodominicano.com\/index.php?rest_route=\/wp\/v2\/types\/post"}],"author":[{"embeddable":true,"href":"https:\/\/diariodominicano.com\/index.php?rest_route=\/wp\/v2\/users\/3"}],"replies":[{"embeddable":true,"href":"https:\/\/diariodominicano.com\/index.php?rest_route=%2Fwp%2Fv2%2Fcomments&post=249480"}],"version-history":[{"count":0,"href":"https:\/\/diariodominicano.com\/index.php?rest_route=\/wp\/v2\/posts\/249480\/revisions"}],"wp:attachment":[{"href":"https:\/\/diariodominicano.com\/index.php?rest_route=%2Fwp%2Fv2%2Fmedia&parent=249480"}],"wp:term":[{"taxonomy":"category","embeddable":true,"href":"https:\/\/diariodominicano.com\/index.php?rest_route=%2Fwp%2Fv2%2Fcategories&post=249480"},{"taxonomy":"post_tag","embeddable":true,"href":"https:\/\/diariodominicano.com\/index.php?rest_route=%2Fwp%2Fv2%2Ftags&post=249480"}],"curies":[{"name":"wp","href":"https:\/\/api.w.org\/{rel}","templated":true}]}}