{"id":249478,"date":"2016-07-06T12:50:13","date_gmt":"2016-07-06T12:50:13","guid":{"rendered":"http:\/\/diariodominicano.ddns.net\/?p=249478"},"modified":"2016-07-06T12:50:13","modified_gmt":"2016-07-06T12:50:13","slug":"obama-mantendra-a-8-400-soldados-de-eeuu-en-afganistan","status":"publish","type":"post","link":"https:\/\/diariodominicano.com\/?p=249478","title":{"rendered":"Obama mantendr\u00e1 a 8.400 soldados de EEUU en Afganist\u00e1n"},"content":{"rendered":"<p><body><\/p>\n<p><img decoding=\"async\" src=\"img3\/obama6-7.jpg\" \/>  <\/p>\n<p><span class=\"text1noticias\">     WASHINGTON, 6 jul (Xinhua) &#8212; El presidente de Estados Unidos, Barack Obama, anunci\u00f3 hoy que mantendr\u00e1 a cerca de 8.400 soldados estadounidenses en Afganist\u00e1n hasta el final de su administraci\u00f3n en el 2017, lo que implica una desaceleraci\u00f3n de la planeada reducci\u00f3n de la presencia militar estadounidense en el pa\u00eds asi\u00e1tico.<\/span><\/p>\n<p><span class=\"text1noticias\"> <\/span><\/p>\n<p><span class=\"text1noticias\">     Obama dijo que la situaci\u00f3n de seguridad en Afganist\u00e1n sigue siendo \u00abprecaria\u00bb y que las fuerzas de seguridad del pa\u00eds a\u00fan \u00abno son tan fuertes como debieran ser\u00bb.<\/span><\/p>\n<p><span class=\"text1noticias\"> <\/span><\/p>\n<p><span class=\"text1noticias\">     Su plan original era reducir las tropas estadounidenses en Afganist\u00e1n a 5.500 para fines de este a\u00f1o.<\/span><\/p>\n<p><span class=\"text1noticias\"> <\/span><\/p>\n<p><span class=\"text1noticias\">     \u00abMi decisi\u00f3n de hoy tambi\u00e9n env\u00eda un mensaje al Talib\u00e1n y a todos aquellos que se han opuesto al progreso de Afganist\u00e1n\u00bb, dijo el presidente en un mensaje en la Casa Blanca transmitido por televisi\u00f3n. \u00abUstedes han estado sosteniendo una guerra contra el pueblo afgano durante muchos a\u00f1os. No han podido prevalecer\u00bb, dijo.<\/span><\/p>\n<p><span class=\"text1noticias\"> <\/span><\/p>\n<p><span class=\"text1noticias\">     Obama declar\u00f3 que las tropas se enfocar\u00e1n en misiones limitadas de apoyo a las fuerzas afganas y de persecuci\u00f3n de terroristas.<\/span><\/p>\n<p><span class=\"text1noticias\"> <\/span><\/p>\n<p><span class=\"text1noticias\">     \u00abEl mantenimiento de nuestras fuerzas en este nivel espec\u00edfico, con base en nuestra evaluaci\u00f3n de las condiciones de seguridad y de la fortaleza de las fuerzas afganas, nos permitir\u00e1 continuar proporcionando apoyo a la medida para ayudar a las fuerzas afganas a seguir mejorando\u00bb, afirm\u00f3.<\/span><\/p>\n<p><span class=\"text1noticias\"> <\/span><\/p>\n<p><span class=\"text1noticias\">     Obama dijo que la nueva decisi\u00f3n se basa en las recomendaciones de los l\u00edderes militares estadounidenses y despu\u00e9s de amplias consultas con su equipo de seguridad nacional, as\u00ed como con el Congreso, el gobierno afgano y socios internacionales.<\/span><\/p>\n<p><span class=\"text1noticias\"> <\/span><\/p>\n<p><span class=\"text1noticias\">     La decisi\u00f3n de hoy posiciona mejor a su sucesor para tomar decisiones futuras sobre la presencia estadounidense en Afganist\u00e1n, agreg\u00f3.<\/span><\/p>\n<p><span class=\"text1noticias\"> <\/span><\/p>\n<p><span class=\"text1noticias\">     \u00abLa decisi\u00f3n que estoy tomando hoy garantiza que mi sucesor tenga una base s\u00f3lida para el progreso continuo en Afganist\u00e1n, as\u00ed como la flexibilidad para enfrentar la amenaza del terrorismo conforme evolucione\u00bb,<\/span> indic\u00f3.<\/p>\n<h6> 2016-07-06 12:50:13 <\/h6>\n<p><!--\n<link rel=\"stylesheet\" href=\"css\/bootstrap.min.css\">\n\n\n<ul class=\"pagination\">\n\t    \n\t\n\n<li >\n\t<a href='?page_no=19122'>Previous<\/a>\n\t<\/li>\n\n\n       \n    \n\n<li><a href='?page_no=1'>1<\/a><\/li>\n\n\n\n<li><a href='?page_no=2'>2<\/a><\/li>\n\n\n\n<li><a>...<\/a><\/li>\n\n\n\n<li><a href='?page_no=19121'>19121<\/a><\/li>\n\n\n\n<li><a href='?page_no=19122'>19122<\/a><\/li>\n\n\n\n<li class='active'><a>19123<\/a><\/li>\n\n\n\n<li><a href='?page_no=19124'>19124<\/a><\/li>\n\n\n\n<li><a href='?page_no=19125'>19125<\/a><\/li>\n\n\n\n<li><a>...<\/a><\/li>\n\n\n\n<li><a href='?page_no=51012'>51012<\/a><\/li>\n\n\n\n<li><a href='?page_no=51013'>51013<\/a><\/li>\n\n    \n\t\n\n<li >\n\t<a href='?page_no=19124'>Next<\/a>\n\t<\/li>\n\n\n    \n\n<li><a href='?page_no=51013'>Last &rsaquo;&rsaquo;<\/a><\/li>\n\n<\/ul>\n\n\n--><br \/>\n<\/body><\/p>\n","protected":false},"excerpt":{"rendered":"<p>WASHINGTON, 6 jul (Xinhua) &#8212; El presidente de Estados Unidos, Barack Obama, anunci\u00f3 hoy que mantendr\u00e1 a cerca de 8.400 soldados estadounidenses en Afganist\u00e1n hasta el final de su administraci\u00f3n en el 2017, lo que implica una desaceleraci\u00f3n de la planeada reducci\u00f3n de la presencia militar estadounidense en el pa\u00eds asi\u00e1tico. Obama dijo que la [&hellip;]<\/p>\n","protected":false},"author":3,"featured_media":0,"comment_status":"open","ping_status":"open","sticky":false,"template":"","format":"standard","meta":{"footnotes":""},"categories":[23],"tags":[],"class_list":["post-249478","post","type-post","status-publish","format-standard","hentry","category-internacional"],"_links":{"self":[{"href":"https:\/\/diariodominicano.com\/index.php?rest_route=\/wp\/v2\/posts\/249478","targetHints":{"allow":["GET"]}}],"collection":[{"href":"https:\/\/diariodominicano.com\/index.php?rest_route=\/wp\/v2\/posts"}],"about":[{"href":"https:\/\/diariodominicano.com\/index.php?rest_route=\/wp\/v2\/types\/post"}],"author":[{"embeddable":true,"href":"https:\/\/diariodominicano.com\/index.php?rest_route=\/wp\/v2\/users\/3"}],"replies":[{"embeddable":true,"href":"https:\/\/diariodominicano.com\/index.php?rest_route=%2Fwp%2Fv2%2Fcomments&post=249478"}],"version-history":[{"count":0,"href":"https:\/\/diariodominicano.com\/index.php?rest_route=\/wp\/v2\/posts\/249478\/revisions"}],"wp:attachment":[{"href":"https:\/\/diariodominicano.com\/index.php?rest_route=%2Fwp%2Fv2%2Fmedia&parent=249478"}],"wp:term":[{"taxonomy":"category","embeddable":true,"href":"https:\/\/diariodominicano.com\/index.php?rest_route=%2Fwp%2Fv2%2Fcategories&post=249478"},{"taxonomy":"post_tag","embeddable":true,"href":"https:\/\/diariodominicano.com\/index.php?rest_route=%2Fwp%2Fv2%2Ftags&post=249478"}],"curies":[{"name":"wp","href":"https:\/\/api.w.org\/{rel}","templated":true}]}}