{"id":249476,"date":"2016-07-07T08:09:33","date_gmt":"2016-07-07T08:09:33","guid":{"rendered":"http:\/\/diariodominicano.ddns.net\/?p=249476"},"modified":"2016-07-07T08:09:33","modified_gmt":"2016-07-07T08:09:33","slug":"apoyan-prorroga-mandato-presidente-interino-jocelerme-privert","status":"publish","type":"post","link":"https:\/\/diariodominicano.com\/?p=249476","title":{"rendered":"Apoyan pr\u00f3rroga mandato presidente interino Jocelerme Privert"},"content":{"rendered":"<p><body><\/p>\n<p><img decoding=\"async\" src=\"img3\/jocelerme-privert7-7.jpg\" \/>  <\/p>\n<p><span class=\"text1noticias\">Puerto Pr\u00edncipe, 7 jul (PL) Dos candidatos presidenciales se pronunciaron hoy porque el Congreso haitiano apruebe una pr\u00f3rroga de mandato para el presidente interino Jocelerme Privert.<\/span><\/p>\n<p><span class=\"text1noticias\"> <\/span><\/p>\n<p><span class=\"text1noticias\">En ese sentido se pronunci\u00f3 el candidato presidencial de la plataforma radical Pitit Dessalines, Moise Jean Charles, quien considera que un reemplazo del presidente atrasar\u00eda la celebraci\u00f3n de las elecciones.<\/span><\/p>\n<p><span class=\"text1noticias\"> <\/span><\/p>\n<p><span class=\"text1noticias\">No se trata de un apoyo incondicional, pero es necesario prorrogar el mandato de Privert para lograr en el menor tiempo posible la celebraci\u00f3n del proceso electoral, indic\u00f3 el pol\u00edtico a Radio Metropole.<\/span><\/p>\n<p><span class=\"text1noticias\"> <\/span><\/p>\n<p><span class=\"text1noticias\">El Consejo Electoral Provisional (CEP) ha fijado el 9 de octubre como fecha para realizar la primera ronda de la presidencial y legislativa pero si reemplazan a Privert ese calendario se atrasar\u00e1, argument\u00f3.<\/span><\/p>\n<p><span class=\"text1noticias\"> <\/span><\/p>\n<p><span class=\"text1noticias\">Considero que la inmovilidad del Parlamento para decidir la extensi\u00f3n del mandato de Privert no es un problema institucional, sino pol\u00edtico, y aclar\u00f3 que es una maniobra de la oposici\u00f3n para frustrar las elecciones.<\/span><\/p>\n<p><span class=\"text1noticias\"> <\/span><\/p>\n<p><span class=\"text1noticias\">En tanto Jude C\u00e9lestin, candidato a la presidencia por la Liga Alternativa por el Progreso y la Emancipaci\u00f3n Haitiana (Lapeh), consider\u00f3 necesario definir si Privert se queda o se va.<\/span><\/p>\n<p><span class=\"text1noticias\"> <\/span><\/p>\n<p><span class=\"text1noticias\">Consider\u00f3 que Privert es una garant\u00eda de que habr\u00e1 elecciones y los diputados y senadores deben tomar una posici\u00f3n clara y comprometerse con las elecciones para garantizar la estabilidad del pa\u00eds.<\/span><\/p>\n<p><span class=\"text1noticias\"> <\/span><\/p>\n<p><span class=\"text1noticias\">En tanto en el Parlamento todav\u00eda no existe un acuerdo en torno al tema entre los bloques enfrentados en el Senado y la C\u00e1mara de Diputados, aunque la mayor\u00eda est\u00e1 a favor de extender el mandato de Privert.<\/span><\/p>\n<p><span class=\"text1noticias\"> <\/span><\/p>\n<p><span class=\"text1noticias\">Los opositores a Privert, que responden a intereses del Partido Haiti Tet Kaleh del ex presidente Michel Martelly, se han atrincherado en la exigencia de elecciones indirectas para nombrar un nuevo presidente.<\/span><\/p>\n<p><span class=\"text1noticias\"> <\/span><\/p>\n<p><span class=\"text1noticias\">Tambi\u00e9n se discute sobre una hoja de ruta que deber\u00e1 seguir Privert o cualquier otro mandatario que sea indirectamente electo para salir de la crisis pol\u00edtica que vive el pa\u00eds.<\/span><\/p>\n<p><span class=\"text1noticias\"> <\/span><\/p>\n<p><span class=\"text1noticias\">Seg\u00fan fuentes parlamentarias, se espera un acuerdo en el menor tiempo y la celebraci\u00f3n de la Asamblea Nacional antes de finales de esta semana para tomar en conjunto la<\/span> decisi\u00f3n.<\/p>\n<h6> 2016-07-07 08:09:33 <\/h6>\n<p><!--\n<link rel=\"stylesheet\" href=\"css\/bootstrap.min.css\">\n\n\n<ul class=\"pagination\">\n\t    \n\t\n\n<li >\n\t<a href='?page_no=19120'>Previous<\/a>\n\t<\/li>\n\n\n       \n    \n\n<li><a href='?page_no=1'>1<\/a><\/li>\n\n\n\n<li><a href='?page_no=2'>2<\/a><\/li>\n\n\n\n<li><a>...<\/a><\/li>\n\n\n\n<li><a href='?page_no=19119'>19119<\/a><\/li>\n\n\n\n<li><a href='?page_no=19120'>19120<\/a><\/li>\n\n\n\n<li class='active'><a>19121<\/a><\/li>\n\n\n\n<li><a href='?page_no=19122'>19122<\/a><\/li>\n\n\n\n<li><a href='?page_no=19123'>19123<\/a><\/li>\n\n\n\n<li><a>...<\/a><\/li>\n\n\n\n<li><a href='?page_no=51012'>51012<\/a><\/li>\n\n\n\n<li><a href='?page_no=51013'>51013<\/a><\/li>\n\n    \n\t\n\n<li >\n\t<a href='?page_no=19122'>Next<\/a>\n\t<\/li>\n\n\n    \n\n<li><a href='?page_no=51013'>Last &rsaquo;&rsaquo;<\/a><\/li>\n\n<\/ul>\n\n\n--><br \/>\n<\/body><\/p>\n","protected":false},"excerpt":{"rendered":"<p>Puerto Pr\u00edncipe, 7 jul (PL) Dos candidatos presidenciales se pronunciaron hoy porque el Congreso haitiano apruebe una pr\u00f3rroga de mandato para el presidente interino Jocelerme Privert. En ese sentido se pronunci\u00f3 el candidato presidencial de la plataforma radical Pitit Dessalines, Moise Jean Charles, quien considera que un reemplazo del presidente atrasar\u00eda la celebraci\u00f3n de las [&hellip;]<\/p>\n","protected":false},"author":3,"featured_media":0,"comment_status":"open","ping_status":"open","sticky":false,"template":"","format":"standard","meta":{"footnotes":""},"categories":[23],"tags":[],"class_list":["post-249476","post","type-post","status-publish","format-standard","hentry","category-internacional"],"_links":{"self":[{"href":"https:\/\/diariodominicano.com\/index.php?rest_route=\/wp\/v2\/posts\/249476","targetHints":{"allow":["GET"]}}],"collection":[{"href":"https:\/\/diariodominicano.com\/index.php?rest_route=\/wp\/v2\/posts"}],"about":[{"href":"https:\/\/diariodominicano.com\/index.php?rest_route=\/wp\/v2\/types\/post"}],"author":[{"embeddable":true,"href":"https:\/\/diariodominicano.com\/index.php?rest_route=\/wp\/v2\/users\/3"}],"replies":[{"embeddable":true,"href":"https:\/\/diariodominicano.com\/index.php?rest_route=%2Fwp%2Fv2%2Fcomments&post=249476"}],"version-history":[{"count":0,"href":"https:\/\/diariodominicano.com\/index.php?rest_route=\/wp\/v2\/posts\/249476\/revisions"}],"wp:attachment":[{"href":"https:\/\/diariodominicano.com\/index.php?rest_route=%2Fwp%2Fv2%2Fmedia&parent=249476"}],"wp:term":[{"taxonomy":"category","embeddable":true,"href":"https:\/\/diariodominicano.com\/index.php?rest_route=%2Fwp%2Fv2%2Fcategories&post=249476"},{"taxonomy":"post_tag","embeddable":true,"href":"https:\/\/diariodominicano.com\/index.php?rest_route=%2Fwp%2Fv2%2Ftags&post=249476"}],"curies":[{"name":"wp","href":"https:\/\/api.w.org\/{rel}","templated":true}]}}