{"id":249474,"date":"2016-07-07T09:33:52","date_gmt":"2016-07-07T09:33:52","guid":{"rendered":"http:\/\/diariodominicano.ddns.net\/?p=249474"},"modified":"2016-07-07T09:33:52","modified_gmt":"2016-07-07T09:33:52","slug":"impeachment-contra-dilma-rousseff-abre-compas-de-espera","status":"publish","type":"post","link":"https:\/\/diariodominicano.com\/?p=249474","title":{"rendered":"Impeachment contra Dilma Rousseff abre comp\u00e1s de espera"},"content":{"rendered":"<p><body><\/p>\n<p><img decoding=\"async\" src=\"img3\/dilma7-7.jpg\" \/>  <\/p>\n<p><span class=\"text1noticias\">Brasilia, 7 jul (PL) La apertura hoy del plazo para que acusaci\u00f3n y defensa presenten sus alegatos finales por escrito abre un comp\u00e1s de espera en el proceso de juicio pol\u00edtico contra la separada presidenta de Brasil, Dilma Rousseff.<\/span><\/p>\n<p><span class=\"text1noticias\"> <\/span><\/p>\n<p><span class=\"text1noticias\">Los denunciantes tendr\u00e1n hasta el pr\u00f3ximo d\u00eda 12 para entregar sus argumentos, mientras la representaci\u00f3n de la mandataria podr\u00e1 hacerlo hasta el 27 de julio.<\/span><\/p>\n<p><span class=\"text1noticias\"> <\/span><\/p>\n<p><span class=\"text1noticias\">Estos fundamentos servir\u00e1n como base al relator de la Comisi\u00f3n Procesal de Impeachment del Senado Federal, Antonio Anastasia, para elaborar un nuevo parecer que ser\u00e1 presentado al colegiado el 2 de agosto y 48 horas despu\u00e9s sometido a votaci\u00f3n.<\/span><\/p>\n<p><span class=\"text1noticias\"> <\/span><\/p>\n<p><span class=\"text1noticias\">Si, como ocurri\u00f3 antes, el relatorio fuera favorable a proseguir el juicio pol\u00edtico contra Dilma y \u00e9ste resultara aprobado por la Comisi\u00f3n Procesal, ser\u00e1 entonces remitido al pleno de la C\u00e1mara alta donde, seg\u00fan confirm\u00f3 anoche su titular Ren\u00e1n Calheiros, podr\u00e1 ser votado el martes 9.<\/span><\/p>\n<p><span class=\"text1noticias\"> <\/span><\/p>\n<p><span class=\"text1noticias\">De recibir el respaldo de la mayor\u00eda simple de los senadores (41 votos de 81), entonces corresponder\u00e1 al presidente del Supremo Tribunal Federal (STF), Ricardo Lewandowski, convocar al juzgamiento definitivo de Dilma, que, de acuerdo con el propio Calheiros, ocurrir\u00eda solo a partir del 25 de agosto.<\/span><\/p>\n<p><span class=\"text1noticias\"> <\/span><\/p>\n<p><span class=\"text1noticias\">Para que la Presidenta constitucional sea definitivamente apartada de su cargo se requerir\u00e1 del voto de la mayor\u00eda calificada del pleno senatorial (54). En tal caso, el mandatario en funciones, Michel Temer, permanecer\u00e1 en el puesto hasta el 1 de enero de 2019.<\/span><\/p>\n<p><span class=\"text1noticias\"> <\/span><\/p>\n<p><span class=\"text1noticias\">Si, por el contrario, m\u00e1s de 27 senadores votaran por restituir el mandato a Dilma, \u00e9sta reasumir\u00eda la jefatura del Estado una vez sea publicada la sentencia absolutoria.<\/span><\/p>\n<p><span class=\"text1noticias\"> <\/span><\/p>\n<p><span class=\"text1noticias\">Dilma Rousseff enfrenta un juicio pol\u00edtico acusada de presunta violaci\u00f3n de la Ley de Responsabilidad Fiscal, algo que rechaz\u00f3 en una declaraci\u00f3n por escrito presentada ayer ante la Comisi\u00f3n Procesal.<\/span><\/p>\n<p><span class=\"text1noticias\"> <\/span><\/p>\n<p><span class=\"text1noticias\">En el documento, de m\u00e1s de 30 p\u00e1ginas, Rousseff ratific\u00f3 que, en nombre de los 54 millones de votos con los que gan\u00f3 las elecciones presidenciales de 2014 y del pueblo todo, luchar\u00e1 con todos los instrumentos legales a su alcance para ejercer su mandato hasta el fin.<\/span><\/p>\n<p><span class=\"text1noticias\"> <\/span><\/p>\n<p><span class=\"text1noticias\">Quienes me conocen saben que probablemente incurr\u00ed en errores y equ\u00edvocos de naturaleza personal y pol\u00edtica, pero jam\u00e1s en la deshonestidad, la traici\u00f3n o la cobard\u00eda, subray\u00f3 antes de insistir en que tampoco traicion\u00f3 sus creencias, sus convicciones o a sus compa\u00f1eros en las horas m\u00e1s dif\u00edciles.<\/span><\/p>\n<p><span class=\"text1noticias\"> <\/span><\/p>\n<p><span class=\"text1noticias\">Refiri\u00e9ndose al proceso de impeachment, record\u00f3 que desde la primera manifestaci\u00f3n en estos autos su abogado defensor dej\u00f3 claro que este proceso fue abierto y viene siendo promovido con manifiesto e inequ\u00edvoco desv\u00edo de poder.<\/span><\/p>\n<p><span class=\"text1noticias\"> <\/span><\/p>\n<p><span class=\"text1noticias\">Dijo adem\u00e1s ser blanco \u00abde esta farsa porque, como Presidenta, nunca me rend\u00ed al chantaje\u00bb ni acept\u00e9 hacer concesiones y conciliaciones tras bastidores, tan conocidas en la pol\u00edtica tradicional de Brasil.<\/span><\/p>\n<p><span class=\"text1noticias\"> <\/span><\/p>\n<p><span class=\"text1noticias\">Catalog\u00f3 la denuncia presentada contra ella por la emisi\u00f3n de tres decretos de suplementaci\u00f3n y las llamadas \u00abpedaladas fiscales\u00bb como fuera de lugar, inaceptable y profundamente injusta, y afirm\u00f3 que nunca, en ning\u00fan pa\u00eds democr\u00e1tico, el mandato leg\u00edtimo de un presidente fue interrumpido por actos de rutina de gesti\u00f3n pre<\/span>supuestaria.<\/p>\n<h6> 2016-07-07 09:33:52 <\/h6>\n<p><!--\n<link rel=\"stylesheet\" href=\"css\/bootstrap.min.css\">\n\n\n<ul class=\"pagination\">\n\t    \n\t\n\n<li >\n\t<a href='?page_no=19118'>Previous<\/a>\n\t<\/li>\n\n\n       \n    \n\n<li><a href='?page_no=1'>1<\/a><\/li>\n\n\n\n<li><a href='?page_no=2'>2<\/a><\/li>\n\n\n\n<li><a>...<\/a><\/li>\n\n\n\n<li><a href='?page_no=19117'>19117<\/a><\/li>\n\n\n\n<li><a href='?page_no=19118'>19118<\/a><\/li>\n\n\n\n<li class='active'><a>19119<\/a><\/li>\n\n\n\n<li><a href='?page_no=19120'>19120<\/a><\/li>\n\n\n\n<li><a href='?page_no=19121'>19121<\/a><\/li>\n\n\n\n<li><a>...<\/a><\/li>\n\n\n\n<li><a href='?page_no=51012'>51012<\/a><\/li>\n\n\n\n<li><a href='?page_no=51013'>51013<\/a><\/li>\n\n    \n\t\n\n<li >\n\t<a href='?page_no=19120'>Next<\/a>\n\t<\/li>\n\n\n    \n\n<li><a href='?page_no=51013'>Last &rsaquo;&rsaquo;<\/a><\/li>\n\n<\/ul>\n\n\n--><br \/>\n<\/body><\/p>\n","protected":false},"excerpt":{"rendered":"<p>Brasilia, 7 jul (PL) La apertura hoy del plazo para que acusaci\u00f3n y defensa presenten sus alegatos finales por escrito abre un comp\u00e1s de espera en el proceso de juicio pol\u00edtico contra la separada presidenta de Brasil, Dilma Rousseff. Los denunciantes tendr\u00e1n hasta el pr\u00f3ximo d\u00eda 12 para entregar sus argumentos, mientras la representaci\u00f3n de [&hellip;]<\/p>\n","protected":false},"author":3,"featured_media":0,"comment_status":"open","ping_status":"open","sticky":false,"template":"","format":"standard","meta":{"footnotes":""},"categories":[23],"tags":[],"class_list":["post-249474","post","type-post","status-publish","format-standard","hentry","category-internacional"],"_links":{"self":[{"href":"https:\/\/diariodominicano.com\/index.php?rest_route=\/wp\/v2\/posts\/249474","targetHints":{"allow":["GET"]}}],"collection":[{"href":"https:\/\/diariodominicano.com\/index.php?rest_route=\/wp\/v2\/posts"}],"about":[{"href":"https:\/\/diariodominicano.com\/index.php?rest_route=\/wp\/v2\/types\/post"}],"author":[{"embeddable":true,"href":"https:\/\/diariodominicano.com\/index.php?rest_route=\/wp\/v2\/users\/3"}],"replies":[{"embeddable":true,"href":"https:\/\/diariodominicano.com\/index.php?rest_route=%2Fwp%2Fv2%2Fcomments&post=249474"}],"version-history":[{"count":0,"href":"https:\/\/diariodominicano.com\/index.php?rest_route=\/wp\/v2\/posts\/249474\/revisions"}],"wp:attachment":[{"href":"https:\/\/diariodominicano.com\/index.php?rest_route=%2Fwp%2Fv2%2Fmedia&parent=249474"}],"wp:term":[{"taxonomy":"category","embeddable":true,"href":"https:\/\/diariodominicano.com\/index.php?rest_route=%2Fwp%2Fv2%2Fcategories&post=249474"},{"taxonomy":"post_tag","embeddable":true,"href":"https:\/\/diariodominicano.com\/index.php?rest_route=%2Fwp%2Fv2%2Ftags&post=249474"}],"curies":[{"name":"wp","href":"https:\/\/api.w.org\/{rel}","templated":true}]}}