{"id":249472,"date":"2016-07-07T09:59:45","date_gmt":"2016-07-07T09:59:45","guid":{"rendered":"http:\/\/diariodominicano.ddns.net\/?p=249472"},"modified":"2016-07-07T09:59:45","modified_gmt":"2016-07-07T09:59:45","slug":"casi-22-mil-casos-de-dengue-reportados-en-sri-lanka","status":"publish","type":"post","link":"https:\/\/diariodominicano.com\/?p=249472","title":{"rendered":"Casi 22 mil casos de dengue reportados en Sri Lanka"},"content":{"rendered":"<p><body><\/p>\n<p><img decoding=\"async\" src=\"img3\/dengue7-7.jpg\" \/>  <\/p>\n<p><span class=\"text1noticias\">Colombo, 7 jul (PL) Las autoridades sanitarias de Sri Lanka reportaron 21 mil 881 casos de dengue en el pa\u00eds en lo que va de a\u00f1o, una situaci\u00f3n que oblig\u00f3 a lanzar una campa\u00f1a nacional para enfrentar la epidemia, anunciaron hoy fuentes del sector.<\/span><\/p>\n<p><span class=\"text1noticias\"> <\/span><\/p>\n<p><span class=\"text1noticias\">La Unidad de Epidemiolog\u00eda del Ministerio de Salud destaca en su p\u00e1gina web que en enero fueron infectadas seis mil 674 personas, en febrero, cuatro mil 439, y junio, tres mil 157.<\/span><\/p>\n<p><span class=\"text1noticias\"> <\/span><\/p>\n<p><span class=\"text1noticias\">Al menos 31 personas fallecieron por causa de esa enfermedad en los primeros seis meses del a\u00f1o.<\/span><\/p>\n<p><span class=\"text1noticias\"> <\/span><\/p>\n<p><span class=\"text1noticias\">El pasado mes las autoridades iniciaron una campa\u00f1a nacional contra el dengue.<\/span><\/p>\n<p><span class=\"text1noticias\"> <\/span><\/p>\n<p><span class=\"text1noticias\">Viviendas, negocios, escuelas, edificios gubernamentales y terrenos bald\u00edos son inspeccionados por funcionarios de salud, apoyados por polic\u00edas, con el fin de erradicar los criaderos del mosquito Aedes aegypti, agente transmisor de la enfermedad.<\/span><\/p>\n<p><span class=\"text1noticias\"> <\/span><\/p>\n<p><span class=\"text1noticias\">La ofensiva estar\u00e1 centrada en la Provincia del Oeste, que incluye a esta capital, y donde se reporta el 47,6 por ciento del total de casos identificados.<\/span><\/p>\n<p><span class=\"text1noticias\"> <\/span><\/p>\n<p><span class=\"text1noticias\">Seg\u00fan datos oficiales, solo en Colombo se detectaron seis mil 900, casi un tercio del total.<\/span><\/p>\n<p><span class=\"text1noticias\"> <\/span><\/p>\n<p><span class=\"text1noticias\">La Organizaci\u00f3n Mundial de la Salud estima que cada a\u00f1o entre 50 y 100 millones de personas son afectadas por el dengue en el p<\/span>laneta.<\/p>\n<h6> 2016-07-07 09:59:45 <\/h6>\n<p><!--\n<link rel=\"stylesheet\" href=\"css\/bootstrap.min.css\">\n\n\n<ul class=\"pagination\">\n\t    \n\t\n\n<li >\n\t<a href='?page_no=19116'>Previous<\/a>\n\t<\/li>\n\n\n       \n    \n\n<li><a href='?page_no=1'>1<\/a><\/li>\n\n\n\n<li><a href='?page_no=2'>2<\/a><\/li>\n\n\n\n<li><a>...<\/a><\/li>\n\n\n\n<li><a href='?page_no=19115'>19115<\/a><\/li>\n\n\n\n<li><a href='?page_no=19116'>19116<\/a><\/li>\n\n\n\n<li class='active'><a>19117<\/a><\/li>\n\n\n\n<li><a href='?page_no=19118'>19118<\/a><\/li>\n\n\n\n<li><a href='?page_no=19119'>19119<\/a><\/li>\n\n\n\n<li><a>...<\/a><\/li>\n\n\n\n<li><a href='?page_no=51012'>51012<\/a><\/li>\n\n\n\n<li><a href='?page_no=51013'>51013<\/a><\/li>\n\n    \n\t\n\n<li >\n\t<a href='?page_no=19118'>Next<\/a>\n\t<\/li>\n\n\n    \n\n<li><a href='?page_no=51013'>Last &rsaquo;&rsaquo;<\/a><\/li>\n\n<\/ul>\n\n\n--><br \/>\n<\/body><\/p>\n","protected":false},"excerpt":{"rendered":"<p>Colombo, 7 jul (PL) Las autoridades sanitarias de Sri Lanka reportaron 21 mil 881 casos de dengue en el pa\u00eds en lo que va de a\u00f1o, una situaci\u00f3n que oblig\u00f3 a lanzar una campa\u00f1a nacional para enfrentar la epidemia, anunciaron hoy fuentes del sector. La Unidad de Epidemiolog\u00eda del Ministerio de Salud destaca en su [&hellip;]<\/p>\n","protected":false},"author":3,"featured_media":0,"comment_status":"open","ping_status":"open","sticky":false,"template":"","format":"standard","meta":{"footnotes":""},"categories":[23],"tags":[],"class_list":["post-249472","post","type-post","status-publish","format-standard","hentry","category-internacional"],"_links":{"self":[{"href":"https:\/\/diariodominicano.com\/index.php?rest_route=\/wp\/v2\/posts\/249472","targetHints":{"allow":["GET"]}}],"collection":[{"href":"https:\/\/diariodominicano.com\/index.php?rest_route=\/wp\/v2\/posts"}],"about":[{"href":"https:\/\/diariodominicano.com\/index.php?rest_route=\/wp\/v2\/types\/post"}],"author":[{"embeddable":true,"href":"https:\/\/diariodominicano.com\/index.php?rest_route=\/wp\/v2\/users\/3"}],"replies":[{"embeddable":true,"href":"https:\/\/diariodominicano.com\/index.php?rest_route=%2Fwp%2Fv2%2Fcomments&post=249472"}],"version-history":[{"count":0,"href":"https:\/\/diariodominicano.com\/index.php?rest_route=\/wp\/v2\/posts\/249472\/revisions"}],"wp:attachment":[{"href":"https:\/\/diariodominicano.com\/index.php?rest_route=%2Fwp%2Fv2%2Fmedia&parent=249472"}],"wp:term":[{"taxonomy":"category","embeddable":true,"href":"https:\/\/diariodominicano.com\/index.php?rest_route=%2Fwp%2Fv2%2Fcategories&post=249472"},{"taxonomy":"post_tag","embeddable":true,"href":"https:\/\/diariodominicano.com\/index.php?rest_route=%2Fwp%2Fv2%2Ftags&post=249472"}],"curies":[{"name":"wp","href":"https:\/\/api.w.org\/{rel}","templated":true}]}}