{"id":249464,"date":"2016-07-08T08:22:10","date_gmt":"2016-07-08T08:22:10","guid":{"rendered":"http:\/\/diariodominicano.ddns.net\/?p=249464"},"modified":"2016-07-08T08:22:10","modified_gmt":"2016-07-08T08:22:10","slug":"espana-envia-telegrama-a-obama-por-matanza-de-dallas","status":"publish","type":"post","link":"https:\/\/diariodominicano.com\/?p=249464","title":{"rendered":"Espa\u00f1a env\u00eda telegrama a Obama por matanza de Dallas"},"content":{"rendered":"<p><body><\/p>\n<p><img decoding=\"async\" src=\"img3\/Houtondalas8-7.jpg\" \/>  <\/p>\n<p><span class=\"text1noticias\">MADRID, 8 jul (Xinhua) &#8212; El rey Felipe VI envi\u00f3 hoy un telegrama de p\u00e9same y solidaridad al presidente de Estados Unidos, Barack Obama, tras la matanza de cinco polic\u00edas en Dallas,Texas,EEUU.<\/span><\/p>\n<p><span class=\"text1noticias\"> <\/span><\/p>\n<p><span class=\"text1noticias\">     \u00abAl conocer la noticia del violento e inhumano ataque en Dallas en el que 4 polic\u00edas han fallecido y 7 han resultado heridos, deseo trasladaros toda la cercan\u00eda, solidaridad y apoyo en nombre del Gobierno y del pueblo espa\u00f1ol, as\u00ed como expresar la condena m\u00e1s firme frente a la violencia de quienes atentan contra los principios y valores fundamentales que sustentan nuestra convivencia y nuestras democracias\u00bb, dijo Felipe VI.<\/span><\/p>\n<p><span class=\"text1noticias\"> <\/span><\/p>\n<p><span class=\"text1noticias\">     \u00abJunto a la Reina, quiero tambi\u00e9n expresar mi m\u00e1s sentido p\u00e9same a las familias de los fallecidos y nuestro deseo de una pronta recuperaci\u00f3n de los heridos\u00bb, dijo el monarca, seg\u00fan inform\u00f3 la Casa del Rey.<\/span><\/p>\n<p><span class=\"text1noticias\"> <\/span><\/p>\n<p><span class=\"text1noticias\">     Barack Obama, que se encuentra en Varsovia, Polonia, en su encuentro de la OTAN, har\u00e1 a partir de ma\u00f1ana s\u00e1bado una visita a Espa\u00f1a, en la que tiene previsto visitar Sevilla el domingo, mientras que el lunes asistir\u00e1 a un almuerzo en el Palacio Real de Madrid con los Reyes, los l\u00edderes de los partidos pol\u00edticos y numerosas autoridades.<\/span><\/p>\n<p><span class=\"text1noticias\"> <\/span><\/p>\n<p><span class=\"text1noticias\">     De momento, se mantiene la visita de Obama a Espa\u00f1a, aunque en la ma\u00f1ana de hoy viernes, algunos medios se\u00f1alaron que podr\u00eda suspenderla a ra\u00edz de la matanza de los cinco polic\u00edas en Dall<\/span>as. <\/p>\n<h6> 2016-07-08 08:22:10 <\/h6>\n<p><!--\n<link rel=\"stylesheet\" href=\"css\/bootstrap.min.css\">\n\n\n<ul class=\"pagination\">\n\t    \n\t\n\n<li >\n\t<a href='?page_no=19108'>Previous<\/a>\n\t<\/li>\n\n\n       \n    \n\n<li><a href='?page_no=1'>1<\/a><\/li>\n\n\n\n<li><a href='?page_no=2'>2<\/a><\/li>\n\n\n\n<li><a>...<\/a><\/li>\n\n\n\n<li><a href='?page_no=19107'>19107<\/a><\/li>\n\n\n\n<li><a href='?page_no=19108'>19108<\/a><\/li>\n\n\n\n<li class='active'><a>19109<\/a><\/li>\n\n\n\n<li><a href='?page_no=19110'>19110<\/a><\/li>\n\n\n\n<li><a href='?page_no=19111'>19111<\/a><\/li>\n\n\n\n<li><a>...<\/a><\/li>\n\n\n\n<li><a href='?page_no=51012'>51012<\/a><\/li>\n\n\n\n<li><a href='?page_no=51013'>51013<\/a><\/li>\n\n    \n\t\n\n<li >\n\t<a href='?page_no=19110'>Next<\/a>\n\t<\/li>\n\n\n    \n\n<li><a href='?page_no=51013'>Last &rsaquo;&rsaquo;<\/a><\/li>\n\n<\/ul>\n\n\n--><br \/>\n<\/body><\/p>\n","protected":false},"excerpt":{"rendered":"<p>MADRID, 8 jul (Xinhua) &#8212; El rey Felipe VI envi\u00f3 hoy un telegrama de p\u00e9same y solidaridad al presidente de Estados Unidos, Barack Obama, tras la matanza de cinco polic\u00edas en Dallas,Texas,EEUU. \u00abAl conocer la noticia del violento e inhumano ataque en Dallas en el que 4 polic\u00edas han fallecido y 7 han resultado heridos, [&hellip;]<\/p>\n","protected":false},"author":3,"featured_media":0,"comment_status":"open","ping_status":"open","sticky":false,"template":"","format":"standard","meta":{"footnotes":""},"categories":[23],"tags":[],"class_list":["post-249464","post","type-post","status-publish","format-standard","hentry","category-internacional"],"_links":{"self":[{"href":"https:\/\/diariodominicano.com\/index.php?rest_route=\/wp\/v2\/posts\/249464","targetHints":{"allow":["GET"]}}],"collection":[{"href":"https:\/\/diariodominicano.com\/index.php?rest_route=\/wp\/v2\/posts"}],"about":[{"href":"https:\/\/diariodominicano.com\/index.php?rest_route=\/wp\/v2\/types\/post"}],"author":[{"embeddable":true,"href":"https:\/\/diariodominicano.com\/index.php?rest_route=\/wp\/v2\/users\/3"}],"replies":[{"embeddable":true,"href":"https:\/\/diariodominicano.com\/index.php?rest_route=%2Fwp%2Fv2%2Fcomments&post=249464"}],"version-history":[{"count":0,"href":"https:\/\/diariodominicano.com\/index.php?rest_route=\/wp\/v2\/posts\/249464\/revisions"}],"wp:attachment":[{"href":"https:\/\/diariodominicano.com\/index.php?rest_route=%2Fwp%2Fv2%2Fmedia&parent=249464"}],"wp:term":[{"taxonomy":"category","embeddable":true,"href":"https:\/\/diariodominicano.com\/index.php?rest_route=%2Fwp%2Fv2%2Fcategories&post=249464"},{"taxonomy":"post_tag","embeddable":true,"href":"https:\/\/diariodominicano.com\/index.php?rest_route=%2Fwp%2Fv2%2Ftags&post=249464"}],"curies":[{"name":"wp","href":"https:\/\/api.w.org\/{rel}","templated":true}]}}