{"id":249463,"date":"2016-07-08T08:34:21","date_gmt":"2016-07-08T08:34:21","guid":{"rendered":"http:\/\/diariodominicano.ddns.net\/?p=249463"},"modified":"2016-07-08T08:34:21","modified_gmt":"2016-07-08T08:34:21","slug":"rpdc-exige-a-eeuu-retirar-sanciones-por-abusos-de-derechos-humanos","status":"publish","type":"post","link":"https:\/\/diariodominicano.com\/?p=249463","title":{"rendered":"RPDC exige a EEUU retirar sanciones por abusos de derechos humanos"},"content":{"rendered":"<p><body><\/p>\n<p><span class=\"text1noticias\">PYONGYANG, 8 jul (Xinhua) &#8212; El Ministerio de Asuntos Exteriores de la Rep\u00fablica Popular Democr\u00e1tica de Corea (RPDC) exigi\u00f3 el jueves a Estados Unidos que retire las sanciones reci\u00e9n anunciadas contra el pa\u00eds asi\u00e1tico por supuestas violaciones de los derechos humanos y las calific\u00f3 de \u00abdeclaraci\u00f3n abierta de guerra contra la RPDC\u00bb.<\/span><\/p>\n<p><span class=\"text1noticias\"> <\/span><\/p>\n<p><span class=\"text1noticias\">     EEUU ha traspasado la l\u00ednea y lo que ha hecho esta vez es \u00abun crimen que nunca podr\u00e1 ser perdonado\u00bb, indic\u00f3 el Ministerio de Asuntos Exteriores en un comunicado publicado por la agencia oficial de noticias, KCNA.<\/span><\/p>\n<p><span class=\"text1noticias\"> <\/span><\/p>\n<p><span class=\"text1noticias\">     La RPDC urgi\u00f3 la retirada inmediata e incondicionalmente de las sanciones, que \u00abda\u00f1an la dignidad del liderazgo supremo de la RPDC\u00bb. En caso contrario, precis\u00f3, Pyongyang cortar\u00e1 todos los canales de contacto diplom\u00e1tico con Washington.<\/span><\/p>\n<p><span class=\"text1noticias\"> <\/span><\/p>\n<p><span class=\"text1noticias\">     Adem\u00e1s, la RPDC adoptar\u00e1 \u00ablas medidas m\u00e1s duras para destruir con firmeza la hostilidad\u00bb de EEUU.<\/span><\/p>\n<p><span class=\"text1noticias\"> <\/span><\/p>\n<p><span class=\"text1noticias\">     El Departamento del Tesoro estadounidense impuso el mi\u00e9rcoles sanciones contra el m\u00e1ximo l\u00edder de la RPDC, Kim Jong Un, y otros altos funcionarios por presuntos abusos de los derechos humanos. Tambi\u00e9n sancion\u00f3 a otros 10 individuos y cinco entidades del pa\u00eds asi\u00e1tico por sus v\u00ednculos con esas presuntas violacion<\/span>es. <\/p>\n<h6> 2016-07-08 08:34:21 <\/h6>\n<p><!--\n<link rel=\"stylesheet\" href=\"css\/bootstrap.min.css\">\n\n\n<ul class=\"pagination\">\n\t    \n\t\n\n<li >\n\t<a href='?page_no=19107'>Previous<\/a>\n\t<\/li>\n\n\n       \n    \n\n<li><a href='?page_no=1'>1<\/a><\/li>\n\n\n\n<li><a href='?page_no=2'>2<\/a><\/li>\n\n\n\n<li><a>...<\/a><\/li>\n\n\n\n<li><a href='?page_no=19106'>19106<\/a><\/li>\n\n\n\n<li><a href='?page_no=19107'>19107<\/a><\/li>\n\n\n\n<li class='active'><a>19108<\/a><\/li>\n\n\n\n<li><a href='?page_no=19109'>19109<\/a><\/li>\n\n\n\n<li><a href='?page_no=19110'>19110<\/a><\/li>\n\n\n\n<li><a>...<\/a><\/li>\n\n\n\n<li><a href='?page_no=51012'>51012<\/a><\/li>\n\n\n\n<li><a href='?page_no=51013'>51013<\/a><\/li>\n\n    \n\t\n\n<li >\n\t<a href='?page_no=19109'>Next<\/a>\n\t<\/li>\n\n\n    \n\n<li><a href='?page_no=51013'>Last &rsaquo;&rsaquo;<\/a><\/li>\n\n<\/ul>\n\n\n--><br \/>\n<\/body><\/p>\n","protected":false},"excerpt":{"rendered":"<p>PYONGYANG, 8 jul (Xinhua) &#8212; El Ministerio de Asuntos Exteriores de la Rep\u00fablica Popular Democr\u00e1tica de Corea (RPDC) exigi\u00f3 el jueves a Estados Unidos que retire las sanciones reci\u00e9n anunciadas contra el pa\u00eds asi\u00e1tico por supuestas violaciones de los derechos humanos y las calific\u00f3 de \u00abdeclaraci\u00f3n abierta de guerra contra la RPDC\u00bb. EEUU ha traspasado [&hellip;]<\/p>\n","protected":false},"author":3,"featured_media":0,"comment_status":"open","ping_status":"open","sticky":false,"template":"","format":"standard","meta":{"footnotes":""},"categories":[23],"tags":[],"class_list":["post-249463","post","type-post","status-publish","format-standard","hentry","category-internacional"],"_links":{"self":[{"href":"https:\/\/diariodominicano.com\/index.php?rest_route=\/wp\/v2\/posts\/249463","targetHints":{"allow":["GET"]}}],"collection":[{"href":"https:\/\/diariodominicano.com\/index.php?rest_route=\/wp\/v2\/posts"}],"about":[{"href":"https:\/\/diariodominicano.com\/index.php?rest_route=\/wp\/v2\/types\/post"}],"author":[{"embeddable":true,"href":"https:\/\/diariodominicano.com\/index.php?rest_route=\/wp\/v2\/users\/3"}],"replies":[{"embeddable":true,"href":"https:\/\/diariodominicano.com\/index.php?rest_route=%2Fwp%2Fv2%2Fcomments&post=249463"}],"version-history":[{"count":0,"href":"https:\/\/diariodominicano.com\/index.php?rest_route=\/wp\/v2\/posts\/249463\/revisions"}],"wp:attachment":[{"href":"https:\/\/diariodominicano.com\/index.php?rest_route=%2Fwp%2Fv2%2Fmedia&parent=249463"}],"wp:term":[{"taxonomy":"category","embeddable":true,"href":"https:\/\/diariodominicano.com\/index.php?rest_route=%2Fwp%2Fv2%2Fcategories&post=249463"},{"taxonomy":"post_tag","embeddable":true,"href":"https:\/\/diariodominicano.com\/index.php?rest_route=%2Fwp%2Fv2%2Ftags&post=249463"}],"curies":[{"name":"wp","href":"https:\/\/api.w.org\/{rel}","templated":true}]}}