{"id":249461,"date":"2016-07-08T10:29:16","date_gmt":"2016-07-08T10:29:16","guid":{"rendered":"http:\/\/diariodominicano.ddns.net\/?p=249461"},"modified":"2016-07-08T10:29:16","modified_gmt":"2016-07-08T10:29:16","slug":"iraq-identifica-mas-muertos-en-atentados-en-bagdad-suman-292","status":"publish","type":"post","link":"https:\/\/diariodominicano.com\/?p=249461","title":{"rendered":"Iraq identifica m\u00e1s muertos en atentados en Bagdad, suman 292"},"content":{"rendered":"<p><body><\/p>\n<p><img decoding=\"async\" src=\"img3\/iraq-atentado8-7.jpg\" \/>  <\/p>\n<p><span class=\"text1noticias\">Bagdad, 8 jul (PL) Autoridades forenses de Iraq aseguraron hoy que prosiguen la identificaci\u00f3n de los fallecidos en los atentados del pasado domingo en esta capital, uno de los m\u00e1s mort\u00edferos al aumentar a 292 la cifra de decesos.<\/span><\/p>\n<p><span class=\"text1noticias\"> <\/span><\/p>\n<p><span class=\"text1noticias\">Especialistas en medicina forense contin\u00faan trabajando en determinar la identidad de muchos cuerpos recuperados entre los escombros de varios edificios del \u00e1rea comercial de Al-Karrada, donde un extremista suicida del Estado Isl\u00e1mico (EI) deton\u00f3 un cami\u00f3n frigor\u00edfico frente a una helader\u00eda.<\/span><\/p>\n<p><span class=\"text1noticias\"> <\/span><\/p>\n<p><span class=\"text1noticias\">Seg\u00fan la ministra iraqu\u00ed de Salud, Adila Hamoud, todav\u00eda falta por determinar la identidad de 177 personas que perdieron la vida en ese ataque, mientras otros 115 cad\u00e1veres ya fueron entregados a las familias para que les den sepultura.<\/span><\/p>\n<p><span class=\"text1noticias\"> <\/span><\/p>\n<p><span class=\"text1noticias\">El ataque, que coincidi\u00f3 con otro perpetrado por el Daesh, acr\u00f3nimo \u00e1rabe de EI, en otro barrio chiita de Bagdad, provoc\u00f3 tambi\u00e9n unos 200 heridos, algunos de ellos de gravedad, agreg\u00f3 la titular.<\/span><\/p>\n<p><span class=\"text1noticias\"> <\/span><\/p>\n<p><span class=\"text1noticias\">La agresi\u00f3n de la madrugada del domingo sorprendi\u00f3 a numerosas familias que frecuentaban con ni\u00f1os y j\u00f3venes el centro comercial que ten\u00eda restaurantes y \u00e1reas recreativas, tras romper el ayuno de los \u00faltimos d\u00edas del mes sagrado musulm\u00e1n del Ramad\u00e1n y las v\u00edsperas del Eid El-Fitr, que concluye hoy.<\/span><\/p>\n<p><span class=\"text1noticias\"> <\/span><\/p>\n<p><span class=\"text1noticias\">El Eid El-Fitr, conocido en varios pa\u00edses \u00e1rabes como Peque\u00f1o Bairam, es una celebraci\u00f3n de tres d\u00edas que marca el final del Ramad\u00e1n y permite confraternizar en suculentos banquetes entre familiares y amigos, adem\u00e1s de obsequiar ropas y juguetes nuevos a los ni\u00f1os.<\/span><\/p>\n<p><span class=\"text1noticias\"> <\/span><\/p>\n<p><span class=\"text1noticias\">La ya considerada como acci\u00f3n terrorista m\u00e1s letal ejecutada por el EI en lo que va de 2016 desat\u00f3 fuertes cr\u00edticas al gobierno del primer ministro Haider Al-Abadi, al acusarlo de fallar en brindar la suficiente protecci\u00f3n y seguridad a la ciudadan\u00eda.<\/span><\/p>\n<p><span class=\"text1noticias\"> <\/span><\/p>\n<p><span class=\"text1noticias\">Los chiitas, que son mayor\u00eda en Iraq, son blanco de los ataques de la organizaci\u00f3n takfirista (terrorista isl\u00e1mico sunita) que los consideran ap\u00f3statas o infieles y, por lo mismo, merecedores de morir.<\/span><\/p>\n<p><span class=\"text1noticias\"> <\/span><\/p>\n<p><span class=\"text1noticias\">A la par del luto y la tristeza en el pa\u00eds, que ensombrecieron jornadas que deb\u00edan ser de j\u00fabilo y fiestas, fuerzas de seguridad y militares ratificaron la continuaci\u00f3n de las operaciones militares antiterroristas en torno a la ciudad de Mosul, el principal basti\u00f3n del Daesh en suelo iraqu\u00ed.<\/span><\/p>\n<p><span class=\"text1noticias\"> <\/span><\/p>\n<p><span class=\"text1noticias\">Unidades gubernamentales apoyadas por voluntarios chiitas y sunitas, combatientes kurdos y la aviaci\u00f3n de la coalici\u00f3n internacional encabezada por Estados Unidos expulsaron hace poco m\u00e1s de una semana al EI de la ciudad de Fallujah, en la provincia occidental de Al-Anbar.<\/span><\/p>\n<p><span class=\"text1noticias\"> <\/span><\/p>\n<p><span class=\"text1noticias\">La prioridad ahora, indicaron las autoridades en medio de la conmoci\u00f3n por los atentados, es perseguir a los extremistas y derrotarlos en Mosul, la segunda urbe del pa\u00eds y capital d<\/span>e N\u00ednive.<\/p>\n<h6> 2016-07-08 10:29:16 <\/h6>\n<p><!--\n<link rel=\"stylesheet\" href=\"css\/bootstrap.min.css\">\n\n\n<ul class=\"pagination\">\n\t    \n\t\n\n<li >\n\t<a href='?page_no=19105'>Previous<\/a>\n\t<\/li>\n\n\n       \n    \n\n<li><a href='?page_no=1'>1<\/a><\/li>\n\n\n\n<li><a href='?page_no=2'>2<\/a><\/li>\n\n\n\n<li><a>...<\/a><\/li>\n\n\n\n<li><a href='?page_no=19104'>19104<\/a><\/li>\n\n\n\n<li><a href='?page_no=19105'>19105<\/a><\/li>\n\n\n\n<li class='active'><a>19106<\/a><\/li>\n\n\n\n<li><a href='?page_no=19107'>19107<\/a><\/li>\n\n\n\n<li><a href='?page_no=19108'>19108<\/a><\/li>\n\n\n\n<li><a>...<\/a><\/li>\n\n\n\n<li><a href='?page_no=51012'>51012<\/a><\/li>\n\n\n\n<li><a href='?page_no=51013'>51013<\/a><\/li>\n\n    \n\t\n\n<li >\n\t<a href='?page_no=19107'>Next<\/a>\n\t<\/li>\n\n\n    \n\n<li><a href='?page_no=51013'>Last &rsaquo;&rsaquo;<\/a><\/li>\n\n<\/ul>\n\n\n--><br \/>\n<\/body><\/p>\n","protected":false},"excerpt":{"rendered":"<p>Bagdad, 8 jul (PL) Autoridades forenses de Iraq aseguraron hoy que prosiguen la identificaci\u00f3n de los fallecidos en los atentados del pasado domingo en esta capital, uno de los m\u00e1s mort\u00edferos al aumentar a 292 la cifra de decesos. Especialistas en medicina forense contin\u00faan trabajando en determinar la identidad de muchos cuerpos recuperados entre los [&hellip;]<\/p>\n","protected":false},"author":3,"featured_media":0,"comment_status":"open","ping_status":"open","sticky":false,"template":"","format":"standard","meta":{"footnotes":""},"categories":[23],"tags":[],"class_list":["post-249461","post","type-post","status-publish","format-standard","hentry","category-internacional"],"_links":{"self":[{"href":"https:\/\/diariodominicano.com\/index.php?rest_route=\/wp\/v2\/posts\/249461","targetHints":{"allow":["GET"]}}],"collection":[{"href":"https:\/\/diariodominicano.com\/index.php?rest_route=\/wp\/v2\/posts"}],"about":[{"href":"https:\/\/diariodominicano.com\/index.php?rest_route=\/wp\/v2\/types\/post"}],"author":[{"embeddable":true,"href":"https:\/\/diariodominicano.com\/index.php?rest_route=\/wp\/v2\/users\/3"}],"replies":[{"embeddable":true,"href":"https:\/\/diariodominicano.com\/index.php?rest_route=%2Fwp%2Fv2%2Fcomments&post=249461"}],"version-history":[{"count":0,"href":"https:\/\/diariodominicano.com\/index.php?rest_route=\/wp\/v2\/posts\/249461\/revisions"}],"wp:attachment":[{"href":"https:\/\/diariodominicano.com\/index.php?rest_route=%2Fwp%2Fv2%2Fmedia&parent=249461"}],"wp:term":[{"taxonomy":"category","embeddable":true,"href":"https:\/\/diariodominicano.com\/index.php?rest_route=%2Fwp%2Fv2%2Fcategories&post=249461"},{"taxonomy":"post_tag","embeddable":true,"href":"https:\/\/diariodominicano.com\/index.php?rest_route=%2Fwp%2Fv2%2Ftags&post=249461"}],"curies":[{"name":"wp","href":"https:\/\/api.w.org\/{rel}","templated":true}]}}