{"id":249460,"date":"2016-07-08T10:35:10","date_gmt":"2016-07-08T10:35:10","guid":{"rendered":"http:\/\/diariodominicano.ddns.net\/?p=249460"},"modified":"2016-07-08T10:35:10","modified_gmt":"2016-07-08T10:35:10","slug":"equipo-de-policia-federal-mexicana-buscara-a-los-43-normalistas","status":"publish","type":"post","link":"https:\/\/diariodominicano.com\/?p=249460","title":{"rendered":"Equipo de Polic\u00eda Federal mexicana buscar\u00e1 a los 43 normalistas"},"content":{"rendered":"<p><body><\/p>\n<p><img decoding=\"async\" src=\"img3\/mexico_igualaestudiantes.jpg\" \/>  <\/p>\n<p><span class=\"text1noticias\">M\u00e9xico, 8 jul (PL) Un equipo especial de la Polic\u00eda Federal mexicana tendr\u00e1 a su cargo la b\u00fasqueda de los 43 normalistas de Ayotzinapa, trascendi\u00f3 hoy de una reuni\u00f3n entre el Gobierno y familiares de los estudiantes desaparecidos en septiembre de 2014.<\/span><\/p>\n<p><span class=\"text1noticias\"> <\/span><\/p>\n<p><span class=\"text1noticias\">En el encuentro del secretario de Gobernaci\u00f3n, Miguel \u00c1ngel Osorio, con los padres de familia de los 43 desaparecidos en Iguala, Guerrero, se acordaron reuniones peri\u00f3dicas para evaluar los avances de la investigaci\u00f3n, y tratar de llegar a la verdad sobre ese crimen.<\/span><\/p>\n<p><span class=\"text1noticias\"> <\/span><\/p>\n<p><span class=\"text1noticias\">Las partes acordaron tambi\u00e9n la creaci\u00f3n de un equipo especial de la Polic\u00eda Federal que tendr\u00e1 como \u00fanica tarea la localizaci\u00f3n de los j\u00f3venes normalistas desaparecido<\/span>s.<\/p>\n<h6> 2016-07-08 10:35:10 <\/h6>\n<p><!--\n<link rel=\"stylesheet\" href=\"css\/bootstrap.min.css\">\n\n\n<ul class=\"pagination\">\n\t    \n\t\n\n<li >\n\t<a href='?page_no=19104'>Previous<\/a>\n\t<\/li>\n\n\n       \n    \n\n<li><a href='?page_no=1'>1<\/a><\/li>\n\n\n\n<li><a href='?page_no=2'>2<\/a><\/li>\n\n\n\n<li><a>...<\/a><\/li>\n\n\n\n<li><a href='?page_no=19103'>19103<\/a><\/li>\n\n\n\n<li><a href='?page_no=19104'>19104<\/a><\/li>\n\n\n\n<li class='active'><a>19105<\/a><\/li>\n\n\n\n<li><a href='?page_no=19106'>19106<\/a><\/li>\n\n\n\n<li><a href='?page_no=19107'>19107<\/a><\/li>\n\n\n\n<li><a>...<\/a><\/li>\n\n\n\n<li><a href='?page_no=51012'>51012<\/a><\/li>\n\n\n\n<li><a href='?page_no=51013'>51013<\/a><\/li>\n\n    \n\t\n\n<li >\n\t<a href='?page_no=19106'>Next<\/a>\n\t<\/li>\n\n\n    \n\n<li><a href='?page_no=51013'>Last &rsaquo;&rsaquo;<\/a><\/li>\n\n<\/ul>\n\n\n--><br \/>\n<\/body><\/p>\n","protected":false},"excerpt":{"rendered":"<p>M\u00e9xico, 8 jul (PL) Un equipo especial de la Polic\u00eda Federal mexicana tendr\u00e1 a su cargo la b\u00fasqueda de los 43 normalistas de Ayotzinapa, trascendi\u00f3 hoy de una reuni\u00f3n entre el Gobierno y familiares de los estudiantes desaparecidos en septiembre de 2014. En el encuentro del secretario de Gobernaci\u00f3n, Miguel \u00c1ngel Osorio, con los padres [&hellip;]<\/p>\n","protected":false},"author":3,"featured_media":0,"comment_status":"open","ping_status":"open","sticky":false,"template":"","format":"standard","meta":{"footnotes":""},"categories":[23],"tags":[],"class_list":["post-249460","post","type-post","status-publish","format-standard","hentry","category-internacional"],"_links":{"self":[{"href":"https:\/\/diariodominicano.com\/index.php?rest_route=\/wp\/v2\/posts\/249460","targetHints":{"allow":["GET"]}}],"collection":[{"href":"https:\/\/diariodominicano.com\/index.php?rest_route=\/wp\/v2\/posts"}],"about":[{"href":"https:\/\/diariodominicano.com\/index.php?rest_route=\/wp\/v2\/types\/post"}],"author":[{"embeddable":true,"href":"https:\/\/diariodominicano.com\/index.php?rest_route=\/wp\/v2\/users\/3"}],"replies":[{"embeddable":true,"href":"https:\/\/diariodominicano.com\/index.php?rest_route=%2Fwp%2Fv2%2Fcomments&post=249460"}],"version-history":[{"count":0,"href":"https:\/\/diariodominicano.com\/index.php?rest_route=\/wp\/v2\/posts\/249460\/revisions"}],"wp:attachment":[{"href":"https:\/\/diariodominicano.com\/index.php?rest_route=%2Fwp%2Fv2%2Fmedia&parent=249460"}],"wp:term":[{"taxonomy":"category","embeddable":true,"href":"https:\/\/diariodominicano.com\/index.php?rest_route=%2Fwp%2Fv2%2Fcategories&post=249460"},{"taxonomy":"post_tag","embeddable":true,"href":"https:\/\/diariodominicano.com\/index.php?rest_route=%2Fwp%2Fv2%2Ftags&post=249460"}],"curies":[{"name":"wp","href":"https:\/\/api.w.org\/{rel}","templated":true}]}}