{"id":249459,"date":"2016-07-08T10:39:51","date_gmt":"2016-07-08T10:39:51","guid":{"rendered":"http:\/\/diariodominicano.ddns.net\/?p=249459"},"modified":"2016-07-08T10:39:51","modified_gmt":"2016-07-08T10:39:51","slug":"diputados-cubanos-aprueban-actualizacion-de-lineamientos-hasta-2021","status":"publish","type":"post","link":"https:\/\/diariodominicano.com\/?p=249459","title":{"rendered":"Diputados cubanos aprueban actualizaci\u00f3n de lineamientos hasta 2021"},"content":{"rendered":"<p><body><\/p>\n<p><img decoding=\"async\" src=\"img3\/cuba-asambleanac-plenario5.jpg\" \/>  <\/p>\n<p><span class=\"text1noticias\">La Habana, 8 jul (PL) Los diputados cubanos aprobaron y respaldaron hoy en sesi\u00f3n plenaria la actualizaci\u00f3n de los Lineamientos de la Pol\u00edtica Econ\u00f3mica y Social del Partido y la Revoluci\u00f3n para el periodo 2016-2021.<\/span><\/p>\n<p><span class=\"text1noticias\"> <\/span><\/p>\n<p><span class=\"text1noticias\">Esas directrices, avaladas en abril pasado durante el VII Congreso del Partido Comunista de Cuba (PCC), se sometieron a la consideraci\u00f3n de los legisladores del 4 al 6 de julio, durante los tres d\u00edas de trabajo de las 10 comisiones permanentes del \u00f3rgano legislativo.<\/span><\/p>\n<p><span class=\"text1noticias\"> <\/span><\/p>\n<p><span class=\"text1noticias\">Seg\u00fan explic\u00f3 Leonardo Andollo, segundo jefe de la Comisi\u00f3n Permanente de Implementaci\u00f3n y Desarrollo de los Lineamientos, durante sus debates los diputados mostraron un amplio apoyo a ese documento, realizaron 33 sugerencias de perfeccionamiento y propusieron agregar cuatro nuevas gu\u00edas a las 274 existentes.<\/span><\/p>\n<p><span class=\"text1noticias\"> <\/span><\/p>\n<p><span class=\"text1noticias\">Manifest\u00f3, adem\u00e1s, que la actualizaci\u00f3n presentada a la Asamblea da continuidad a la implementaci\u00f3n de los lineamientos aprobados en el VI Congreso del PCC, en 2011, que fue precedido de una masiva participaci\u00f3n popular.<\/span><\/p>\n<p><span class=\"text1noticias\"> <\/span><\/p>\n<p><span class=\"text1noticias\">A ra\u00edz de las discusiones en el Parlamento, las comisiones de Asuntos Econ\u00f3micos, y de Asuntos Constitucionales y Jur\u00eddicos, elaboraron un proyecto sobre la actualizaci\u00f3n de esas directrices, el cual fue aprobado de forma un\u00e1nime.<\/span><\/p>\n<p><span class=\"text1noticias\"> <\/span><\/p>\n<p><span class=\"text1noticias\">Tal acuerdo, le\u00eddo en la plenaria, establece aprobar y respaldar el documento de los lineamientos, y dispone que los mismos devengan elementos rectores de la labor de todas las entidades, funcionarios del Estado, del Gobierno y del pueblo en general.<\/span><\/p>\n<p><span class=\"text1noticias\"> <\/span><\/p>\n<p><span class=\"text1noticias\">Asimismo, encarga a las comisiones permanentes del \u00f3rgano legislativo controlar y fiscalizar el cumplimiento de esas l\u00edneas de trabajo en los sectores comprendidos dentro de su radio de acci\u00f3n.<\/span><\/p>\n<p><span class=\"text1noticias\"> <\/span><\/p>\n<p><span class=\"text1noticias\">En el debate de este viernes, el diputado Alberto N\u00fa\u00f1ez destac\u00f3 el amplio debate popular que antecedi\u00f3 a la elaboraci\u00f3n de ese material, y el elevado consenso social que tienen las transformaciones acometidas en el pa\u00eds.<\/span><\/p>\n<p><span class=\"text1noticias\"> <\/span><\/p>\n<p><span class=\"text1noticias\">Por su parte, la legisladora Ofelia Ortega expres\u00f3 la gratitud por la participaci\u00f3n de la ciudadan\u00eda y resalt\u00f3 la voluntad de implementar las pol\u00edticas sin terapias de choque, con una \u00e9tica del cuidado que enfatiza en la calidad de vida y el respeto a la dignidad de las personas.<\/span><\/p>\n<p><span class=\"text1noticias\"> <\/span><\/p>\n<p><span class=\"text1noticias\">Yoerki S\u00e1nchez, a su vez, consider\u00f3 que se trata de un documento que sintetiza las aspiraciones de la mayor\u00eda y su implementaci\u00f3n ser\u00e1 un hecho en la medida en que cada trabajador y directivo comprenda esta como su oportunidad de contribuir al desarrollo de la naci\u00f3n.<\/span><\/p>\n<p><span class=\"text1noticias\"> <\/span><\/p>\n<p><span class=\"text1noticias\">En el VII Congreso del PCC se acord\u00f3 mantener, modificar o integrar entre s\u00ed el 87,5 por ciento de los lineamientos ratificados cinco a\u00f1os antes, lo que unido a los 44 adicionados en las discusiones previas a la cita partidista, y los seis surgidos de ella, sumaron un total de 274 divididos en 13 cap\u00edtulos.<\/span><\/p>\n<p><span class=\"text1noticias\"> <\/span><\/p>\n<p><span class=\"text1noticias\">Durante ese evento, se aval\u00f3 una resoluci\u00f3n que recomienda al Parlamento, al Gobierno y a los organismos correspondientes elaborar y aprobar las normas jur\u00eddicas necesarias para continuar perfeccionando la base legal e institucional del proceso de modi<\/span>ficaciones.<\/p>\n<h6> 2016-07-08 10:39:51 <\/h6>\n<p><!--\n<link rel=\"stylesheet\" href=\"css\/bootstrap.min.css\">\n\n\n<ul class=\"pagination\">\n\t    \n\t\n\n<li >\n\t<a href='?page_no=19103'>Previous<\/a>\n\t<\/li>\n\n\n       \n    \n\n<li><a href='?page_no=1'>1<\/a><\/li>\n\n\n\n<li><a href='?page_no=2'>2<\/a><\/li>\n\n\n\n<li><a>...<\/a><\/li>\n\n\n\n<li><a href='?page_no=19102'>19102<\/a><\/li>\n\n\n\n<li><a href='?page_no=19103'>19103<\/a><\/li>\n\n\n\n<li class='active'><a>19104<\/a><\/li>\n\n\n\n<li><a href='?page_no=19105'>19105<\/a><\/li>\n\n\n\n<li><a href='?page_no=19106'>19106<\/a><\/li>\n\n\n\n<li><a>...<\/a><\/li>\n\n\n\n<li><a href='?page_no=51012'>51012<\/a><\/li>\n\n\n\n<li><a href='?page_no=51013'>51013<\/a><\/li>\n\n    \n\t\n\n<li >\n\t<a href='?page_no=19105'>Next<\/a>\n\t<\/li>\n\n\n    \n\n<li><a href='?page_no=51013'>Last &rsaquo;&rsaquo;<\/a><\/li>\n\n<\/ul>\n\n\n--><br \/>\n<\/body><\/p>\n","protected":false},"excerpt":{"rendered":"<p>La Habana, 8 jul (PL) Los diputados cubanos aprobaron y respaldaron hoy en sesi\u00f3n plenaria la actualizaci\u00f3n de los Lineamientos de la Pol\u00edtica Econ\u00f3mica y Social del Partido y la Revoluci\u00f3n para el periodo 2016-2021. Esas directrices, avaladas en abril pasado durante el VII Congreso del Partido Comunista de Cuba (PCC), se sometieron a la [&hellip;]<\/p>\n","protected":false},"author":3,"featured_media":0,"comment_status":"open","ping_status":"open","sticky":false,"template":"","format":"standard","meta":{"footnotes":""},"categories":[23],"tags":[],"class_list":["post-249459","post","type-post","status-publish","format-standard","hentry","category-internacional"],"_links":{"self":[{"href":"https:\/\/diariodominicano.com\/index.php?rest_route=\/wp\/v2\/posts\/249459","targetHints":{"allow":["GET"]}}],"collection":[{"href":"https:\/\/diariodominicano.com\/index.php?rest_route=\/wp\/v2\/posts"}],"about":[{"href":"https:\/\/diariodominicano.com\/index.php?rest_route=\/wp\/v2\/types\/post"}],"author":[{"embeddable":true,"href":"https:\/\/diariodominicano.com\/index.php?rest_route=\/wp\/v2\/users\/3"}],"replies":[{"embeddable":true,"href":"https:\/\/diariodominicano.com\/index.php?rest_route=%2Fwp%2Fv2%2Fcomments&post=249459"}],"version-history":[{"count":0,"href":"https:\/\/diariodominicano.com\/index.php?rest_route=\/wp\/v2\/posts\/249459\/revisions"}],"wp:attachment":[{"href":"https:\/\/diariodominicano.com\/index.php?rest_route=%2Fwp%2Fv2%2Fmedia&parent=249459"}],"wp:term":[{"taxonomy":"category","embeddable":true,"href":"https:\/\/diariodominicano.com\/index.php?rest_route=%2Fwp%2Fv2%2Fcategories&post=249459"},{"taxonomy":"post_tag","embeddable":true,"href":"https:\/\/diariodominicano.com\/index.php?rest_route=%2Fwp%2Fv2%2Ftags&post=249459"}],"curies":[{"name":"wp","href":"https:\/\/api.w.org\/{rel}","templated":true}]}}