{"id":249458,"date":"2016-07-08T10:43:59","date_gmt":"2016-07-08T10:43:59","guid":{"rendered":"http:\/\/diariodominicano.ddns.net\/?p=249458"},"modified":"2016-07-08T10:43:59","modified_gmt":"2016-07-08T10:43:59","slug":"senalan-a-brasil-como-pais-estrategico-en-agenda-ambiental","status":"publish","type":"post","link":"https:\/\/diariodominicano.com\/?p=249458","title":{"rendered":"Se\u00f1alan a Brasil como pa\u00eds estrat\u00e9gico en agenda ambiental"},"content":{"rendered":"<p><body><\/p>\n<p><span class=\"text1noticias\"> <\/span><\/p>\n<p><span class=\"text1noticias\">Brasilia, 8 jul (PL) El director de Programas del Fondo Global para el Medio Ambiente (GEF, por sus siglas en ingl\u00e9s), Gustavo Fonseca, destac\u00f3 aqu\u00ed que Brasil constituye un pa\u00eds estrat\u00e9gico en la agenda ambiental.<\/span><\/p>\n<p><span class=\"text1noticias\"> <\/span><\/p>\n<p><span class=\"text1noticias\">Fonseca formul\u00f3 la apreciaci\u00f3n durante un encuentro este jueves con el secretario ejecutivo del Ministerio de Medio Ambiente Marcelo Cruz, en el cual fueron discutidas las medidas capaces de acelerar los proyectos conjuntos en este \u00e1mbito, dijo la cartera en una nota difundida hoy.<\/span><\/p>\n<p><span class=\"text1noticias\"> <\/span><\/p>\n<p><span class=\"text1noticias\">Entre estos planes de impacto en diversas cuestiones ligadas al desarrollo sustentable figura el Programa de Paisajes Sostenibles de la Amazon\u00eda, para el cual el GEF destinar\u00e1 65 millones de d\u00f3lares y que beneficiar\u00e1 tambi\u00e9n a Colombia y Per\u00fa.<\/span><\/p>\n<p><span class=\"text1noticias\"> <\/span><\/p>\n<p><span class=\"text1noticias\">Esta asociaci\u00f3n con el Fondo tiene un efecto multiplicador y una gran relevancia para el pa\u00eds, valor\u00f3 por su parte Cruz y se\u00f1al\u00f3 que todos los proyectos en este \u00e1mbito ser\u00e1n llevados a cabo de forma estructurada.<\/span><\/p>\n<p><span class=\"text1noticias\"> <\/span><\/p>\n<p><span class=\"text1noticias\">Desde que adhiri\u00f3 al GEF, Brasil recibi\u00f3 414 millones de d\u00f3lares que generaron mil 400 millones de USD en co-financiamiento para 51 proyectos nacionales, de los cuales 22 son de de biodiversidad, 12 de cambio clim\u00e1tico, ocho multifocales, cuatro de aguas internacionales y tres de degradaci\u00f3n de suelos, entre ot<\/span>ros.<\/p>\n<h6> 2016-07-08 10:43:59 <\/h6>\n<p><!--\n<link rel=\"stylesheet\" href=\"css\/bootstrap.min.css\">\n\n\n<ul class=\"pagination\">\n\t    \n\t\n\n<li >\n\t<a href='?page_no=19102'>Previous<\/a>\n\t<\/li>\n\n\n       \n    \n\n<li><a href='?page_no=1'>1<\/a><\/li>\n\n\n\n<li><a href='?page_no=2'>2<\/a><\/li>\n\n\n\n<li><a>...<\/a><\/li>\n\n\n\n<li><a href='?page_no=19101'>19101<\/a><\/li>\n\n\n\n<li><a href='?page_no=19102'>19102<\/a><\/li>\n\n\n\n<li class='active'><a>19103<\/a><\/li>\n\n\n\n<li><a href='?page_no=19104'>19104<\/a><\/li>\n\n\n\n<li><a href='?page_no=19105'>19105<\/a><\/li>\n\n\n\n<li><a>...<\/a><\/li>\n\n\n\n<li><a href='?page_no=51012'>51012<\/a><\/li>\n\n\n\n<li><a href='?page_no=51013'>51013<\/a><\/li>\n\n    \n\t\n\n<li >\n\t<a href='?page_no=19104'>Next<\/a>\n\t<\/li>\n\n\n    \n\n<li><a href='?page_no=51013'>Last &rsaquo;&rsaquo;<\/a><\/li>\n\n<\/ul>\n\n\n--><br \/>\n<\/body><\/p>\n","protected":false},"excerpt":{"rendered":"<p>Brasilia, 8 jul (PL) El director de Programas del Fondo Global para el Medio Ambiente (GEF, por sus siglas en ingl\u00e9s), Gustavo Fonseca, destac\u00f3 aqu\u00ed que Brasil constituye un pa\u00eds estrat\u00e9gico en la agenda ambiental. Fonseca formul\u00f3 la apreciaci\u00f3n durante un encuentro este jueves con el secretario ejecutivo del Ministerio de Medio Ambiente Marcelo Cruz, [&hellip;]<\/p>\n","protected":false},"author":3,"featured_media":0,"comment_status":"open","ping_status":"open","sticky":false,"template":"","format":"standard","meta":{"footnotes":""},"categories":[23],"tags":[],"class_list":["post-249458","post","type-post","status-publish","format-standard","hentry","category-internacional"],"_links":{"self":[{"href":"https:\/\/diariodominicano.com\/index.php?rest_route=\/wp\/v2\/posts\/249458","targetHints":{"allow":["GET"]}}],"collection":[{"href":"https:\/\/diariodominicano.com\/index.php?rest_route=\/wp\/v2\/posts"}],"about":[{"href":"https:\/\/diariodominicano.com\/index.php?rest_route=\/wp\/v2\/types\/post"}],"author":[{"embeddable":true,"href":"https:\/\/diariodominicano.com\/index.php?rest_route=\/wp\/v2\/users\/3"}],"replies":[{"embeddable":true,"href":"https:\/\/diariodominicano.com\/index.php?rest_route=%2Fwp%2Fv2%2Fcomments&post=249458"}],"version-history":[{"count":0,"href":"https:\/\/diariodominicano.com\/index.php?rest_route=\/wp\/v2\/posts\/249458\/revisions"}],"wp:attachment":[{"href":"https:\/\/diariodominicano.com\/index.php?rest_route=%2Fwp%2Fv2%2Fmedia&parent=249458"}],"wp:term":[{"taxonomy":"category","embeddable":true,"href":"https:\/\/diariodominicano.com\/index.php?rest_route=%2Fwp%2Fv2%2Fcategories&post=249458"},{"taxonomy":"post_tag","embeddable":true,"href":"https:\/\/diariodominicano.com\/index.php?rest_route=%2Fwp%2Fv2%2Ftags&post=249458"}],"curies":[{"name":"wp","href":"https:\/\/api.w.org\/{rel}","templated":true}]}}