{"id":249456,"date":"2016-07-08T11:00:25","date_gmt":"2016-07-08T11:00:25","guid":{"rendered":"http:\/\/diariodominicano.ddns.net\/?p=249456"},"modified":"2016-07-08T11:00:25","modified_gmt":"2016-07-08T11:00:25","slug":"partido-socialista-espanol-fija-posicion-sobre-investidura-de-rajoy","status":"publish","type":"post","link":"https:\/\/diariodominicano.com\/?p=249456","title":{"rendered":"Partido Socialista espa\u00f1ol fija posici\u00f3n sobre investidura de Rajoy"},"content":{"rendered":"<p><body><\/p>\n<p><img decoding=\"async\" src=\"img3\/pedro-sanchez.jpg\" \/>  <\/p>\n<p><span class=\"text1noticias\">Madrid, 8 jul (PL) El l\u00edder del Partido Socialista Obrero Espa\u00f1ol (PSOE), Pedro S\u00e1nchez, cerrar\u00e1 hoy la ronda de negociaciones con los principales dirigentes de su agrupaci\u00f3n para definir la posici\u00f3n a adoptar frente a una eventual investidura de Mariano Rajoy.<\/span><\/p>\n<p><span class=\"text1noticias\"> <\/span><\/p>\n<p><span class=\"text1noticias\">Tras cuatro d\u00edas de intensos contactos, el secretario general del PSOE concluir\u00e1 este viernes sus encuentros bilaterales con una decena de los \u00abpesos pesados\u00bb de la centenaria organizaci\u00f3n, en v\u00edsperas del Comit\u00e9 Federal.<\/span><\/p>\n<p><span class=\"text1noticias\"> <\/span><\/p>\n<p><span class=\"text1noticias\">El m\u00e1ximo \u00f3rgano de direcci\u00f3n de los socialistas se reunir\u00e1 ma\u00f1ana s\u00e1bado para fijar una posici\u00f3n respecto a un posible gobierno de Mariano Rajoy, del conservador Partido Popular (PP), que en las elecciones del 26 de junio result\u00f3 la fuerza m\u00e1s votada.<\/span><\/p>\n<p><span class=\"text1noticias\"> <\/span><\/p>\n<p><span class=\"text1noticias\">Hasta el momento, los dirigentes que se encontraron con S\u00e1nchez rechazaron permitir, por activa o pasiva, un ejecutivo encabezado por Rajoy, quien necesita el apoyo de otras fuerzas para garantizar su reelecci\u00f3n al no obtener mayor\u00eda en el Congreso de los Diputados.<\/span><\/p>\n<p><span class=\"text1noticias\"> <\/span><\/p>\n<p><span class=\"text1noticias\">La secretaria de Ciencia, Participaci\u00f3n y Pol\u00edtica en Red del PSOE, Mar\u00eda Gonz\u00e1lez Veracruz, afirm\u00f3 la v\u00edspera que \u00aben ning\u00fan caso\u00bb los socialistas avalar\u00e1n la investidura de Rajoy como presidente del Ejecutivo, porque sus proyectos -asever\u00f3- est\u00e1n en las ant\u00edpodas.<\/span><\/p>\n<p><span class=\"text1noticias\"> <\/span><\/p>\n<p><span class=\"text1noticias\">En declaraciones a periodistas, la dirigente manifest\u00f3 que de momento no est\u00e1 en los planes que S\u00e1nchez vuelva a intentar la conformaci\u00f3n de un gobierno si el PP no logra el respaldo necesario.<\/span><\/p>\n<p><span class=\"text1noticias\"> <\/span><\/p>\n<p><span class=\"text1noticias\">\u00abVamos paso a paso, ahora es el turno de Rajoy\u00bb, precis\u00f3 Gonz\u00e1lez Veracruz, tras insistir en que la responsabilidad en estos momentos es de los conservadores.<\/span><\/p>\n<p><span class=\"text1noticias\"> <\/span><\/p>\n<p><span class=\"text1noticias\">Desde el respeto a todas las opiniones, record\u00f3 que ma\u00f1ana el Comit\u00e9 Federal concretar\u00e1 la postura frente a una eventual investidura del actual jefe del Ejecutivo en funciones.<\/span><\/p>\n<p><span class=\"text1noticias\"> <\/span><\/p>\n<p><span class=\"text1noticias\">A su juicio, existe un clamor muy amplio en las filas de la agrupaci\u00f3n socialdem\u00f3crata para no respaldar, ni por acci\u00f3n ni por omisi\u00f3n, una nueva administraci\u00f3n de los populares, tras m\u00e1s de 200 d\u00edas de bloqueo pol\u00edtico.<\/span><\/p>\n<p><span class=\"text1noticias\"> <\/span><\/p>\n<p><span class=\"text1noticias\">De esa manera respondi\u00f3 a la sugerencia del expresidente del Gobierno espa\u00f1ol, el socialista Felipe Gonz\u00e1lez (1982-1996), quien sugiri\u00f3 a sus correligionarios que se abstengan para facilitar la continuidad del PP en el gubernamental Palacio de la Moncloa.<\/span><\/p>\n<p><span class=\"text1noticias\"> <\/span><\/p>\n<p><span class=\"text1noticias\">\u00abExcluyendo la coalici\u00f3n y el apoyo al PP en la investidura, en caso de necesidad, (el PSOE) no debe ser un obst\u00e1culo para que haya un Gobierno minoritario\u00bb, defendi\u00f3 el otrora gobernante en un art\u00edculo publicado ayer en el diario El Pa\u00eds.<\/span><\/p>\n<p><span class=\"text1noticias\"> <\/span><\/p>\n<p><span class=\"text1noticias\">Felipe Gonz\u00e1lez apel\u00f3 a la \u00abresponsabilidad\u00bb del resto de formaciones pol\u00edticas del arco parlamentario para que la legislatura comience a andar: \u00absi no pueden formar Gobierno, tampoco pueden obstaculizar que ese Gobierno se forme\u00bb, remarc\u00f3.<\/span><\/p>\n<p><span class=\"text1noticias\"> <\/span><\/p>\n<p><span class=\"text1noticias\">Sobre esa propuesta del exmandatario, Gonz\u00e1lez Veracruz indic\u00f3 que nadie pidi\u00f3 al PP que se abstuviera cuando Pedro S\u00e1nchez se present\u00f3 a la sesi\u00f3n de investidura en marzo pasado, algo que pudo hacer y la situaci\u00f3n ahora estar\u00eda resuelta, sentenci\u00f3.<\/span><\/p>\n<p><span class=\"text1noticias\"> <\/span><\/p>\n<p><span class=\"text1noticias\">Por su parte, la presidenta de las islas Baleares, Francina Armengol, quien tambi\u00e9n rechaz\u00f3 la sugerencia de Felipe Gonz\u00e1lez, se pronunci\u00f3 porque S\u00e1nchez intente la constituci\u00f3n de un ejecutivo si Rajoy no lo consigue.<\/span><\/p>\n<p><span class=\"text1noticias\"> <\/span><\/p>\n<p><span class=\"text1noticias\">El PSOE debe mantenerse como alte<\/span>rnativa, no como \u00abcomparsa\u00bb, porque somos como el agua y el aceite, subray\u00f3 la tambi\u00e9n secretaria general de los socialistas baleares.<\/p>\n<h6> 2016-07-08 11:00:25 <\/h6>\n<p><!--\n<link rel=\"stylesheet\" href=\"css\/bootstrap.min.css\">\n\n\n<ul class=\"pagination\">\n\t    \n\t\n\n<li >\n\t<a href='?page_no=19100'>Previous<\/a>\n\t<\/li>\n\n\n       \n    \n\n<li><a href='?page_no=1'>1<\/a><\/li>\n\n\n\n<li><a href='?page_no=2'>2<\/a><\/li>\n\n\n\n<li><a>...<\/a><\/li>\n\n\n\n<li><a href='?page_no=19099'>19099<\/a><\/li>\n\n\n\n<li><a href='?page_no=19100'>19100<\/a><\/li>\n\n\n\n<li class='active'><a>19101<\/a><\/li>\n\n\n\n<li><a href='?page_no=19102'>19102<\/a><\/li>\n\n\n\n<li><a href='?page_no=19103'>19103<\/a><\/li>\n\n\n\n<li><a>...<\/a><\/li>\n\n\n\n<li><a href='?page_no=51012'>51012<\/a><\/li>\n\n\n\n<li><a href='?page_no=51013'>51013<\/a><\/li>\n\n    \n\t\n\n<li >\n\t<a href='?page_no=19102'>Next<\/a>\n\t<\/li>\n\n\n    \n\n<li><a href='?page_no=51013'>Last &rsaquo;&rsaquo;<\/a><\/li>\n\n<\/ul>\n\n\n--><br \/>\n<\/body><\/p>\n","protected":false},"excerpt":{"rendered":"<p>Madrid, 8 jul (PL) El l\u00edder del Partido Socialista Obrero Espa\u00f1ol (PSOE), Pedro S\u00e1nchez, cerrar\u00e1 hoy la ronda de negociaciones con los principales dirigentes de su agrupaci\u00f3n para definir la posici\u00f3n a adoptar frente a una eventual investidura de Mariano Rajoy. Tras cuatro d\u00edas de intensos contactos, el secretario general del PSOE concluir\u00e1 este viernes [&hellip;]<\/p>\n","protected":false},"author":3,"featured_media":0,"comment_status":"open","ping_status":"open","sticky":false,"template":"","format":"standard","meta":{"footnotes":""},"categories":[23],"tags":[],"class_list":["post-249456","post","type-post","status-publish","format-standard","hentry","category-internacional"],"_links":{"self":[{"href":"https:\/\/diariodominicano.com\/index.php?rest_route=\/wp\/v2\/posts\/249456","targetHints":{"allow":["GET"]}}],"collection":[{"href":"https:\/\/diariodominicano.com\/index.php?rest_route=\/wp\/v2\/posts"}],"about":[{"href":"https:\/\/diariodominicano.com\/index.php?rest_route=\/wp\/v2\/types\/post"}],"author":[{"embeddable":true,"href":"https:\/\/diariodominicano.com\/index.php?rest_route=\/wp\/v2\/users\/3"}],"replies":[{"embeddable":true,"href":"https:\/\/diariodominicano.com\/index.php?rest_route=%2Fwp%2Fv2%2Fcomments&post=249456"}],"version-history":[{"count":0,"href":"https:\/\/diariodominicano.com\/index.php?rest_route=\/wp\/v2\/posts\/249456\/revisions"}],"wp:attachment":[{"href":"https:\/\/diariodominicano.com\/index.php?rest_route=%2Fwp%2Fv2%2Fmedia&parent=249456"}],"wp:term":[{"taxonomy":"category","embeddable":true,"href":"https:\/\/diariodominicano.com\/index.php?rest_route=%2Fwp%2Fv2%2Fcategories&post=249456"},{"taxonomy":"post_tag","embeddable":true,"href":"https:\/\/diariodominicano.com\/index.php?rest_route=%2Fwp%2Fv2%2Ftags&post=249456"}],"curies":[{"name":"wp","href":"https:\/\/api.w.org\/{rel}","templated":true}]}}