{"id":249450,"date":"2016-07-08T21:19:50","date_gmt":"2016-07-08T21:19:50","guid":{"rendered":"http:\/\/diariodominicano.ddns.net\/?p=249450"},"modified":"2016-07-08T21:19:50","modified_gmt":"2016-07-08T21:19:50","slug":"obama-acortara-su-estancia-en-europa-para-ir-a-dallas-la-semana-proxima","status":"publish","type":"post","link":"https:\/\/diariodominicano.com\/?p=249450","title":{"rendered":"Obama acortar\u00e1 su estancia en Europa para ir a Dallas la semana pr\u00f3xima"},"content":{"rendered":"<p><body><\/p>\n<p><img decoding=\"async\" src=\"img3\/dda1433c1c24486e6b17536c29a01f7d72814e8e.jpg\" \/>  <\/p>\n<\/p>\n<p>9 Jul 2016<\/p>\n<\/p>\n<p><strong>AFP \/ Mandel Ngan<\/strong><\/p>\n<p><strong>El presidente de Estados Unidos, Barack Obama, durante una Cumbre de la OTAN en Varsovia, el 8 de julio de 2016<\/strong><\/p>\n<p>El presidente de Estados Unidos, Barack Obama, acortar\u00e1 su estancia en Europa para estar a principios de semana en Dallas, donde cinco polic\u00edas fueron asesinados la noche del jueves por un tirador aislado, anunci\u00f3 el viernes un comunicado de la Casa Blanca.<\/p>\n<p>El presidente estadounidense viajar\u00e1 tal como estaba previsto este s\u00e1bado a Madrid, donde pasar\u00e1 la noche y el domingo se reunir\u00e1 con el presidente saliente del Gobierno espa\u00f1ol, Mariano Rajoy, pero sin detenerse en Sevilla, indic\u00f3 la Casa Blanca.<\/p>\n<p>El presidente regresar\u00e1 a Washington la noche del domingo, \u00abun d\u00eda antes de lo previsto\u00bb y acudir\u00e1 a Dallas \u00aba principios de semana\u00bb, invitado por el alcalde de la ciudad texana, Mike Rawlings, precis\u00f3 el portavoz del Ejecutivo, Josh Earnest.<\/p>\n<p>Los llamamientos a la calma y a la tolerancia se multiplicaban el viernes en Estados Unidos, pa\u00eds conmocionado por la matanza de polic\u00edas por un tirador aparentemente solitario, que quer\u00eda vengar los abusos de las fuerzas del orden contra negros.<\/p>\n<p>El ataque se produjo a unas calles de Dealey Plaza, donde muri\u00f3 asesinado el presidente John F. Kennedy en 1963.<\/p>\n<p>El presidente Obama tambi\u00e9n seguir\u00e1 trabajando la semana pr\u00f3xima \u00abpara reunir a gente para apoyar a nuestros polic\u00edas y a nuestras comunidades, y encontrar un terreno de entendimiento discutiendo de medidas pol\u00edticas que respondan a las disparidades raciales persistentes en nuestro sistema de justicia penal\u00bb.<\/p>\n<p>El dirigente estadounidense hab\u00eda denunciado unas horas antes, en conferencia de prensa en Varsovia, los \u00abataques \u00abcargados de odio, calculados y despreciables\u00bb.<\/p>\n<p>\u00abSeamos claros, no cabe justificaci\u00f3n alguna para este tipo de ataques o cualquier tipo de violencia contra las fuerzas del orden\u00bb, hab\u00eda dicho.<\/p>\n<p>Tambi\u00e9n pareci\u00f3 querer evocar una posible iniciativa contra el acceso a las armas de guerra en venta libre. \u00abSabemos que cuando la gente dispone de armas potentes, desgraciadamente, este tipo de ataques se vuelven m\u00e1s mort\u00edferos y m\u00e1s tr\u00e1gicos. Los pr\u00f3ximos d\u00edas, deberemos tomar en consideraci\u00f3n esta realidad\u00bb, dijo Obama.<\/p>\n<h6> 2016-07-08 21:19:50 <\/h6>\n<p><!--\n<link rel=\"stylesheet\" href=\"css\/bootstrap.min.css\">\n\n\n<ul class=\"pagination\">\n\t    \n\t\n\n<li >\n\t<a href='?page_no=19094'>Previous<\/a>\n\t<\/li>\n\n\n       \n    \n\n<li><a href='?page_no=1'>1<\/a><\/li>\n\n\n\n<li><a href='?page_no=2'>2<\/a><\/li>\n\n\n\n<li><a>...<\/a><\/li>\n\n\n\n<li><a href='?page_no=19093'>19093<\/a><\/li>\n\n\n\n<li><a href='?page_no=19094'>19094<\/a><\/li>\n\n\n\n<li class='active'><a>19095<\/a><\/li>\n\n\n\n<li><a href='?page_no=19096'>19096<\/a><\/li>\n\n\n\n<li><a href='?page_no=19097'>19097<\/a><\/li>\n\n\n\n<li><a>...<\/a><\/li>\n\n\n\n<li><a href='?page_no=51012'>51012<\/a><\/li>\n\n\n\n<li><a href='?page_no=51013'>51013<\/a><\/li>\n\n    \n\t\n\n<li >\n\t<a href='?page_no=19096'>Next<\/a>\n\t<\/li>\n\n\n    \n\n<li><a href='?page_no=51013'>Last &rsaquo;&rsaquo;<\/a><\/li>\n\n<\/ul>\n\n\n--><br \/>\n<\/body><\/p>\n","protected":false},"excerpt":{"rendered":"<p>9 Jul 2016 AFP \/ Mandel Ngan El presidente de Estados Unidos, Barack Obama, durante una Cumbre de la OTAN en Varsovia, el 8 de julio de 2016 El presidente de Estados Unidos, Barack Obama, acortar\u00e1 su estancia en Europa para estar a principios de semana en Dallas, donde cinco polic\u00edas fueron asesinados la noche [&hellip;]<\/p>\n","protected":false},"author":3,"featured_media":0,"comment_status":"open","ping_status":"open","sticky":false,"template":"","format":"standard","meta":{"footnotes":""},"categories":[23],"tags":[],"class_list":["post-249450","post","type-post","status-publish","format-standard","hentry","category-internacional"],"_links":{"self":[{"href":"https:\/\/diariodominicano.com\/index.php?rest_route=\/wp\/v2\/posts\/249450","targetHints":{"allow":["GET"]}}],"collection":[{"href":"https:\/\/diariodominicano.com\/index.php?rest_route=\/wp\/v2\/posts"}],"about":[{"href":"https:\/\/diariodominicano.com\/index.php?rest_route=\/wp\/v2\/types\/post"}],"author":[{"embeddable":true,"href":"https:\/\/diariodominicano.com\/index.php?rest_route=\/wp\/v2\/users\/3"}],"replies":[{"embeddable":true,"href":"https:\/\/diariodominicano.com\/index.php?rest_route=%2Fwp%2Fv2%2Fcomments&post=249450"}],"version-history":[{"count":0,"href":"https:\/\/diariodominicano.com\/index.php?rest_route=\/wp\/v2\/posts\/249450\/revisions"}],"wp:attachment":[{"href":"https:\/\/diariodominicano.com\/index.php?rest_route=%2Fwp%2Fv2%2Fmedia&parent=249450"}],"wp:term":[{"taxonomy":"category","embeddable":true,"href":"https:\/\/diariodominicano.com\/index.php?rest_route=%2Fwp%2Fv2%2Fcategories&post=249450"},{"taxonomy":"post_tag","embeddable":true,"href":"https:\/\/diariodominicano.com\/index.php?rest_route=%2Fwp%2Fv2%2Ftags&post=249450"}],"curies":[{"name":"wp","href":"https:\/\/api.w.org\/{rel}","templated":true}]}}