{"id":249449,"date":"2016-07-08T21:28:10","date_gmt":"2016-07-08T21:28:10","guid":{"rendered":"http:\/\/diariodominicano.ddns.net\/?p=249449"},"modified":"2016-07-08T21:28:10","modified_gmt":"2016-07-08T21:28:10","slug":"mas-de-60-civiles-muertos-en-bombardeos-en-siria","status":"publish","type":"post","link":"https:\/\/diariodominicano.com\/?p=249449","title":{"rendered":"M\u00e1s de 60 civiles muertos en bombardeos en Siria"},"content":{"rendered":"<p><body><\/p>\n<p><img decoding=\"async\" src=\"img3\/cf625eeec3838b28444553ab3b37122b93003377.jpg\" \/><br \/><img decoding=\"async\" src=\"img3\/4006a4b3006c9858446c77e711a1fa3cd8ce2e77.jpg\" \/><br \/><img decoding=\"async\" src=\"img3\/08be56b147605af1deac3f794da4bec77fa8d24c.jpg\" \/>  <\/p>\n<\/p>\n<p>9 Jul 2016<\/p>\n<\/p>\n<p><strong>AFP \/ Thaer Mohammed<\/strong><\/p>\n<p><strong>Un m\u00e9dico trata de resucitar a un hombre dentro de una ambulancia, el 7 de julio de 2016, en Alepo<\/strong><\/p>\n<p>M\u00e1s de 60 civiles murieron este viernes en bombardeos en la provincia siria de Idleb (noroeste) y en la ciudad de Alepo (norte), seg\u00fan el Observatorio Sirio de Derechos Humanos (OSDH).<\/p>\n<p>Este recrudecimiento de la violencia tuvo lugar horas antes del t\u00e9rmino de una tregua de 72 horas, previsto en la medianoche (21H00 GMT).<\/p>\n<p>Damasco hab\u00eda decretado este cese el fuego, que no inclu\u00eda a los grupos yihadistas, con motivo de los festejos al t\u00e9rmino del mes de ayuno del ramad\u00e1n.<\/p>\n<p>Al menos 34 civiles murieron, entre ellos varios menores, y 200 resultaron heridos por bombardeos de los rebeldes contra los barrios del oeste [de Alepo] controlados por el r\u00e9gimen, indic\u00f3 el director del OSDH, Rami Abdel Rahman.<\/p>\n<p>La agencia de prensa oficial Sana inform\u00f3 por su parte de 23 muertos y 140 heridos \u00abpor disparos de cohetes de grupos terroristas que violaron la tregua\u00bb.<\/p>\n<p>Alepo, dividida desde julio de 2012 en sectores rebeldes (este) y barrios progubernamentales (oeste), es una de las plazas estrat\u00e9gicas del conflicto.<\/p>\n<p>Tambi\u00e9n en Alepo, seis civiles, entre ellos tres ni\u00f1os, perdieron la vida en los ataques a\u00e9reos del r\u00e9gimen contra un barrio controlado por los rebeldes y la carretera de Castello, precis\u00f3 el OSDH.<\/p>\n<p>\u00abEstos bombardeos violentos de los rebeldes son una respuesta al avance de las fuerzas del r\u00e9gimen hacia la carretera de Castello\u00bb, se\u00f1al\u00f3 Abdel Rahman.<\/p>\n<\/p>\n<p>AFP \/ afp<\/p>\n<p>Siria<\/p>\n<p>El ej\u00e9rcito consigui\u00f3 apoderarse el jueves de una posici\u00f3n rebelde situada a un kil\u00f3metro de esta carretera, cortando en la pr\u00e1ctica la \u00faltima ruta de abastecimiento para los barrios rebeldes en el este de Alepo.<\/p>\n<p>Las fuerzas del r\u00e9gimen pueden a partir de ahora vigilar o disparar contra cualquier veh\u00edculo o persona que tome esta carretera hacia los barrios rebeldes de Alepo, donde viven 200.000 habitantes, seg\u00fan el OSDH.<\/p>\n<p>Francia urgi\u00f3 al \u00abrespeto del cese de las hostilidades y a detener inmediatamente los bombardeos contra los civiles\u00bb, as\u00ed como a facilitar el acceso humanitario y a buscar una soluci\u00f3n duradera al conflicto, indic\u00f3 la canciller\u00eda francesa.<\/p>\n<p>La violencia tambi\u00e9n alcanz\u00f3 el viernes a la provincia de Idleb, donde \u00abpor lo menos 22 civiles murieron y decenas resultaron heridos en bombardeos a\u00e9reos sobre Darkush\u00bb, seg\u00fan Abdel Rahman.<\/p>\n<\/p>\n<p>AFP \/ Thaer Mohammed<\/p>\n<p>Personal de emergencia sirio saca el cuerpo de un beb\u00e9 de entre los escombros en la localidad siria de Alepo, el 7 de julio de 2016<\/p>\n<p>El OSDH no pudo precisar si se trataban de bombardeos del ej\u00e9rcito sirio o de la aviaci\u00f3n rusa.<\/p>\n<p>La provincia de Idleb, fronteriza con Turqu\u00eda, est\u00e1 controlada por el \u00abEj\u00e9rcito de la Conquista\u00bb, una coalici\u00f3n compuesta principalmente por el Frente al Nosra (brazo sirio de Al Qaida) y otros grupos yihadistas y rebeldes islamistas.<\/p>\n<p>La guerra en Siria estall\u00f3 en 2011 despu\u00e9s de que el r\u00e9gimen reprimiera a sangre y fuego a los manifestantes que ped\u00edan reformas. Desde entonces ha causado m\u00e1s de 280.000 muertos y millones de desplazados.<\/p>\n<h6> 2016-07-08 21:28:10 <\/h6>\n<p><!--\n<link rel=\"stylesheet\" href=\"css\/bootstrap.min.css\">\n\n\n<ul class=\"pagination\">\n\t    \n\t\n\n<li >\n\t<a href='?page_no=19093'>Previous<\/a>\n\t<\/li>\n\n\n       \n    \n\n<li><a href='?page_no=1'>1<\/a><\/li>\n\n\n\n<li><a href='?page_no=2'>2<\/a><\/li>\n\n\n\n<li><a>...<\/a><\/li>\n\n\n\n<li><a href='?page_no=19092'>19092<\/a><\/li>\n\n\n\n<li><a href='?page_no=19093'>19093<\/a><\/li>\n\n\n\n<li class='active'><a>19094<\/a><\/li>\n\n\n\n<li><a href='?page_no=19095'>19095<\/a><\/li>\n\n\n\n<li><a href='?page_no=19096'>19096<\/a><\/li>\n\n\n\n<li><a>...<\/a><\/li>\n\n\n\n<li><a href='?page_no=51012'>51012<\/a><\/li>\n\n\n\n<li><a href='?page_no=51013'>51013<\/a><\/li>\n\n    \n\t\n\n<li >\n\t<a href='?page_no=19095'>Next<\/a>\n\t<\/li>\n\n\n    \n\n<li><a href='?page_no=51013'>Last &rsaquo;&rsaquo;<\/a><\/li>\n\n<\/ul>\n\n\n--><br \/>\n<\/body><\/p>\n","protected":false},"excerpt":{"rendered":"<p>9 Jul 2016 AFP \/ Thaer Mohammed Un m\u00e9dico trata de resucitar a un hombre dentro de una ambulancia, el 7 de julio de 2016, en Alepo M\u00e1s de 60 civiles murieron este viernes en bombardeos en la provincia siria de Idleb (noroeste) y en la ciudad de Alepo (norte), seg\u00fan el Observatorio Sirio de [&hellip;]<\/p>\n","protected":false},"author":3,"featured_media":0,"comment_status":"open","ping_status":"open","sticky":false,"template":"","format":"standard","meta":{"footnotes":""},"categories":[23],"tags":[],"class_list":["post-249449","post","type-post","status-publish","format-standard","hentry","category-internacional"],"_links":{"self":[{"href":"https:\/\/diariodominicano.com\/index.php?rest_route=\/wp\/v2\/posts\/249449","targetHints":{"allow":["GET"]}}],"collection":[{"href":"https:\/\/diariodominicano.com\/index.php?rest_route=\/wp\/v2\/posts"}],"about":[{"href":"https:\/\/diariodominicano.com\/index.php?rest_route=\/wp\/v2\/types\/post"}],"author":[{"embeddable":true,"href":"https:\/\/diariodominicano.com\/index.php?rest_route=\/wp\/v2\/users\/3"}],"replies":[{"embeddable":true,"href":"https:\/\/diariodominicano.com\/index.php?rest_route=%2Fwp%2Fv2%2Fcomments&post=249449"}],"version-history":[{"count":0,"href":"https:\/\/diariodominicano.com\/index.php?rest_route=\/wp\/v2\/posts\/249449\/revisions"}],"wp:attachment":[{"href":"https:\/\/diariodominicano.com\/index.php?rest_route=%2Fwp%2Fv2%2Fmedia&parent=249449"}],"wp:term":[{"taxonomy":"category","embeddable":true,"href":"https:\/\/diariodominicano.com\/index.php?rest_route=%2Fwp%2Fv2%2Fcategories&post=249449"},{"taxonomy":"post_tag","embeddable":true,"href":"https:\/\/diariodominicano.com\/index.php?rest_route=%2Fwp%2Fv2%2Ftags&post=249449"}],"curies":[{"name":"wp","href":"https:\/\/api.w.org\/{rel}","templated":true}]}}