{"id":249448,"date":"2016-07-08T21:54:58","date_gmt":"2016-07-08T21:54:58","guid":{"rendered":"http:\/\/diariodominicano.ddns.net\/?p=249448"},"modified":"2016-07-08T21:54:58","modified_gmt":"2016-07-08T21:54:58","slug":"obama-advierte-sobre-un-divorcio-conflictivo-por-el-brexit","status":"publish","type":"post","link":"https:\/\/diariodominicano.com\/?p=249448","title":{"rendered":"Obama advierte sobre un divorcio conflictivo por el Brexit"},"content":{"rendered":"<p><body><\/p>\n<p><img decoding=\"async\" src=\"img3\/0173e14a81f0738b09f9c8ac96e430ba5fb759f0.jpg\" \/><br \/><img decoding=\"async\" src=\"img3\/0173e14a81f0738b09f9c8ac96e430ba5fb759f0.jpg\" \/><br \/><img decoding=\"async\" src=\"img3\/b10d0a740ae001a7295283a58d380a8565bd48fc.jpg\" \/>  <\/p>\n<\/p>\n<p>9 Jul 2016<\/p>\n<\/p>\n<p>AFP \/ Wojter Radwanski<\/p>\n<p><strong>El primer ministro brit\u00e1nico, David Cameron (I), y el presidente estadounidense, Barack Obama, antes de una reuni\u00f3n de jefes de Estado y de Gobierno del Consejo del Atl\u00e1ntico Norte, en la cumbre de la OTAN en Varsovia, el 8 de julio de 2016<\/strong><\/p>\n<p>El presidente estadounidense, Barack Obama, insisti\u00f3 este viernes en que el Brexit no da\u00f1ar\u00e1 las relaciones transtl\u00e1nticas, pero advirti\u00f3 sobre un divorcio \u00abconflictivo\u00bb del Reino Unido con la Uni\u00f3n Europea (UE), en un momento en que Occidente busca mostrarse unido frente a Rusia.<\/p>\n<p>Washington sigui\u00f3 de cerca el proceso brit\u00e1nico que termin\u00f3 con la decisi\u00f3n de que el Reino Unido salga de la UE, abriendo el camino a un incierto e in\u00e9dito proceso que Londres a\u00fan no activ\u00f3, a pesar de las presiones de las capitales europeas.<\/p>\n<p>En Varsovia, Obama aprovech\u00f3 para enviar un claro mensaje a Londres y Bruselas para que avancen de manera amigable en el proceso de ruptura.<\/p>\n<\/p>\n<p>AFP \/ Mandel Ngan<\/p>\n<p>(Izq-dcha): el presidente del Consejo Europeo, Donald Tusk; el presidente de Estados Unidos, Barack Obama, y el de la Comisi\u00f3n Europea, Jean-Claude Juncker, tras reunirse en el marco de la cumbre de la OTAN, en un hotel de Varsovia el 8 de julio 2016<\/p>\n<p>\u00abNadie tiene inter\u00e9s en negociaciones largas y conflictivas\u00bb, dijo Obama en una rueda de prensa, reconociendo no obstante que la decisi\u00f3n de los electores brit\u00e1nicos cre\u00f3 incertidumbre sobre la integraci\u00f3n europea, as\u00ed como sobre las relaciones de Estados Unidos con el Viejo Continente.<\/p>\n<p>El Reino Unido, potencia nuclear y miembro permanente del Consejo de Seguridad de la ONU, es el mejor aliado de Estados Unidos en Europa, con quien mantiene una \u00abrelaci\u00f3n especial\u00bb.<\/p>\n<p>Obama se declar\u00f3 \u00abconfiado\u00bb en que la UE y Londres lograr\u00e1n una \u00abtransici\u00f3n ordenada\u00bb y consider\u00f3 que era \u00abquiz\u00e1s el momento m\u00e1s importante para las relaciones transatl\u00e1nticas desde el fin de la Guerra Fr\u00eda\u00bb.<\/p>\n<p>&#8211; El Reino Unido &#8216;no da la espalda&#8217; &#8211;<\/p>\n<p>El primer ministro brit\u00e1nico, David Cameron, que asiste como Obama a la \u00faltima cumbre de la Alianza Atl\u00e1ntica de su mandato, asegur\u00f3 que el Reino Unido no tendr\u00e1 \u00abun papel menor en el mundo\u00bb despu\u00e9s del Brexit.<\/p>\n<\/p>\n<p>AFP \/ Janek Skarzynski<\/p>\n<p>El presidente estadounidense, Barack Obama (I), charla con su hom\u00f3logo franc\u00e9s, Fran\u00e7ois Hollande, mientras se preparan para tomarse uuna foto de familia durante la cumbre de la OTAN en Varsovia, el 8 de julio de 2016<\/p>\n<p>\u00abNo estamos dando la espalda a la OTAN\u00bb, dijo el primer ministro. El Reino Unido es el mayor contribuyente de la Alianza en Europa.<\/p>\n<p>Por su parte, el secretario general de la OTAN, Jens Stoltenberg, volvi\u00f3 a insistir en que el Brexit cambiar\u00e1 inevitablemente los v\u00ednculos de Londres con la UE, \u00abpero no la posici\u00f3n de liderazgo del Reino Unido dentro de la OTAN\u00bb.<\/p>\n<p>En Varsovia, los 28 l\u00edderes de la Organizaci\u00f3n del Tratado del Atl\u00e1ntico Norte (OTAN) reafirmaron su presencia en el este europeo, otrora bajo la influencia de Mosc\u00fa.<\/p>\n<p>La cumbre, que continuar\u00e1 el s\u00e1bado, se celebra en la simb\u00f3lica capital polaca, en donde en 1955 la Uni\u00f3n Sovi\u00e9tica firm\u00f3 el Pacto de Varsovia, para contrarrestar la creaci\u00f3n a\u00f1os antes de la Alianza Atl\u00e1ntica.<\/p>\n<p>Los 28 l\u00edderes ratificaron este viernes la mayor reforma a su defensa colectiva desde el fin de la Guerra Fr\u00eda, en respuesta a la anexi\u00f3n de Crimea por en Rusia en 2014 y la desestabilizaci\u00f3n en Ucrania.<\/p>\n<p>El plan de respuesta, esbozado por la OTAN en la cumbre de Gales en 2014, el &#8216;Readiness Action Plan&#8217;, alienta a los miembros de la Alianza a respetar un m\u00ednimo de gastos militares de 2% del PIB y cesar los recortes.<\/p>\n<p>Para sosegar a los aliados que se independizaron de Mosc\u00fa a principios de la d\u00e9cada de 1990, la OTAN decidi\u00f3 reforzar su Fuerza de Respuesta (NRF, Nato Response Force) triplicando sus efectivos hasta 40.000 soldados y creando una \u00abpunta de lanza\u00bb (&#8216;Spearhead&#8217;) de 5.000 hombres capaz de desplegarse en s\u00f3lo d\u00edas en cualquier foco de crisis.<\/p>\n<p>Los mandatarios tambi\u00e9n avalaron oficialmente despliegues adicionales en Polonia y los tres pa\u00edses B\u00e1lticos.<\/p>\n<p>Cuatro batallones adicionales (entre 600 y 1.000 soldados cada uno) ser\u00e1n desplegados sobre la base de una rotaci\u00f3n en esos cuatro pa\u00edses que comparten frontera con Rusia. En Polonia, Obama confirm\u00f3 el despliegue de 1.000 militares estadounidenses.<\/p>\n<p>Esta decisi\u00f3n no tiene precedentes desde el fin de la Guerra Fr\u00eda y el Acta Fundacional de 1997, que rige las relaciones OTAN-Rusia y establec\u00eda la reducci\u00f3n de las fuerzas convencionales en Europa y Rusia.<\/p>\n<p>&#8211; Rusia &#8216;no es una amenaza&#8217; &#8211;<\/p>\n<p>La unidad con la que los aliados prepararon la cumbre pareci\u00f3 deste\u00f1ir este viernes cuando lleg\u00f3 el presidente franc\u00e9s, Fran\u00e7ois Hollande.<\/p>\n<\/p>\n<p>AFP \/ Janek Skarzynski<\/p>\n<p>El secretario general de la OTAN, Jens Stoltenberg (dcha), junto al presidente polaco, Andrzej Duda, en la apertura de un foro de expertos en el marco de la cumbre de la OTAN, en Varsovia el 8 de julio de 2016<\/p>\n<p>Hollande estim\u00f3 que la OTAN no debe dictar el tipo de relaciones que debe tener Europa con Rusia, pa\u00eds al que consider\u00f3 como un \u00absocio\u00bb. \u00abRusia no es un adversario, no es una amenaza\u00bb, se\u00f1al\u00f3.<\/p>\n<p>Por su parte Mosc\u00fa considera que la OTAN, que avanza sobre lo que eran sus &#8216;sat\u00e9lites&#8217;, es la que amenaza su seguridad. Pero reserva sus mayores advertencias al escudo antimisiles que desarrolla Estados Unidos en Europa.<\/p>\n<p>Estados Unidos sostiene que el escudo es para proteger su territorio y el de sus aliados de eventuales ataques con misiles bal\u00edsticos de Ir\u00e1n y Corea del Norte.<\/p>\n<p>Hollande estim\u00f3 que la OTAN no debe dictar el tipo de relaciones que debe tener Europa con Rusia, pa\u00eds al que consider\u00f3 como un \u00absocio\u00bb. \u00abRusia no es un adversario, no es una amenaza\u00bb, se\u00f1al\u00f3.<\/p>\n<p>Por su parte Mosc\u00fa considera que la OTAN, que avanza sobre lo que eran sus &#8216;sat\u00e9lites&#8217;, es la que amenaza su seguridad. Pero reserva sus mayores advertencias al escudo antimisiles que desarrolla Estados Unidos en Europa.<\/p>\n<p>Stoltenberg dijo que los l\u00edderes de la Alianza aprobaron poner bajo mando de la OTAN esta primera fase del escudo antimisiles declarada operacional, insistiendo que no estaba dirigido contra Rusia.<\/p>\n<p>Estados Unidos sostiene que el escudo es para proteger su territorio y el de sus aliados de eventuales ataques con misiles bal\u00edsticos de Ir\u00e1n y Corea del Norte.<\/p>\n<p>Para Rusia est\u00e1 dirigido contra ella.<\/p>\n<p>\u00abEsta defensa antimisiles est\u00e1 hecha para proteger en relaci\u00f3n a otras amenazas, no las que nos quieren hacer creer, [como una] viniendo de Rusia\u00bb, dijo Hollande.<\/p>\n<h6> 2016-07-08 21:54:58 <\/h6>\n<p><!--\n<link rel=\"stylesheet\" href=\"css\/bootstrap.min.css\">\n\n\n<ul class=\"pagination\">\n\t    \n\t\n\n<li >\n\t<a href='?page_no=19092'>Previous<\/a>\n\t<\/li>\n\n\n       \n    \n\n<li><a href='?page_no=1'>1<\/a><\/li>\n\n\n\n<li><a href='?page_no=2'>2<\/a><\/li>\n\n\n\n<li><a>...<\/a><\/li>\n\n\n\n<li><a href='?page_no=19091'>19091<\/a><\/li>\n\n\n\n<li><a href='?page_no=19092'>19092<\/a><\/li>\n\n\n\n<li class='active'><a>19093<\/a><\/li>\n\n\n\n<li><a href='?page_no=19094'>19094<\/a><\/li>\n\n\n\n<li><a href='?page_no=19095'>19095<\/a><\/li>\n\n\n\n<li><a>...<\/a><\/li>\n\n\n\n<li><a href='?page_no=51012'>51012<\/a><\/li>\n\n\n\n<li><a href='?page_no=51013'>51013<\/a><\/li>\n\n    \n\t\n\n<li >\n\t<a href='?page_no=19094'>Next<\/a>\n\t<\/li>\n\n\n    \n\n<li><a href='?page_no=51013'>Last &rsaquo;&rsaquo;<\/a><\/li>\n\n<\/ul>\n\n\n--><br \/>\n<\/body><\/p>\n","protected":false},"excerpt":{"rendered":"<p>9 Jul 2016 AFP \/ Wojter Radwanski El primer ministro brit\u00e1nico, David Cameron (I), y el presidente estadounidense, Barack Obama, antes de una reuni\u00f3n de jefes de Estado y de Gobierno del Consejo del Atl\u00e1ntico Norte, en la cumbre de la OTAN en Varsovia, el 8 de julio de 2016 El presidente estadounidense, Barack Obama, [&hellip;]<\/p>\n","protected":false},"author":3,"featured_media":0,"comment_status":"open","ping_status":"open","sticky":false,"template":"","format":"standard","meta":{"footnotes":""},"categories":[23],"tags":[],"class_list":["post-249448","post","type-post","status-publish","format-standard","hentry","category-internacional"],"_links":{"self":[{"href":"https:\/\/diariodominicano.com\/index.php?rest_route=\/wp\/v2\/posts\/249448","targetHints":{"allow":["GET"]}}],"collection":[{"href":"https:\/\/diariodominicano.com\/index.php?rest_route=\/wp\/v2\/posts"}],"about":[{"href":"https:\/\/diariodominicano.com\/index.php?rest_route=\/wp\/v2\/types\/post"}],"author":[{"embeddable":true,"href":"https:\/\/diariodominicano.com\/index.php?rest_route=\/wp\/v2\/users\/3"}],"replies":[{"embeddable":true,"href":"https:\/\/diariodominicano.com\/index.php?rest_route=%2Fwp%2Fv2%2Fcomments&post=249448"}],"version-history":[{"count":0,"href":"https:\/\/diariodominicano.com\/index.php?rest_route=\/wp\/v2\/posts\/249448\/revisions"}],"wp:attachment":[{"href":"https:\/\/diariodominicano.com\/index.php?rest_route=%2Fwp%2Fv2%2Fmedia&parent=249448"}],"wp:term":[{"taxonomy":"category","embeddable":true,"href":"https:\/\/diariodominicano.com\/index.php?rest_route=%2Fwp%2Fv2%2Fcategories&post=249448"},{"taxonomy":"post_tag","embeddable":true,"href":"https:\/\/diariodominicano.com\/index.php?rest_route=%2Fwp%2Fv2%2Ftags&post=249448"}],"curies":[{"name":"wp","href":"https:\/\/api.w.org\/{rel}","templated":true}]}}