{"id":249447,"date":"2016-07-09T08:54:56","date_gmt":"2016-07-09T08:54:56","guid":{"rendered":"http:\/\/diariodominicano.ddns.net\/?p=249447"},"modified":"2016-07-09T08:54:56","modified_gmt":"2016-07-09T08:54:56","slug":"el-gobierno-britanico-excluye-un-segundo-referendum-sobre-el-brexit","status":"publish","type":"post","link":"https:\/\/diariodominicano.com\/?p=249447","title":{"rendered":"El Gobierno brit\u00e1nico excluye un segundo refer\u00e9ndum sobre el Brexit"},"content":{"rendered":"<p><body><\/p>\n<p><img decoding=\"async\" src=\"img3\/58c75bd72fa78604dc64496e250f09ff1ffd7ef5.jpg\" \/>  <\/p>\n<\/p>\n<p>AFP \/ Niklas Halle&#8217;n<\/p>\n<p><strong>Un globo con las siglas de la Uni\u00f3n Europea, enganchado a la estatua de Winston Churchill en la Plaza del Parlamento de Londres el 2 de julio de 2016, durante una marcha en contra del Brexit<\/strong><\/p>\n<p>El Gobierno brit\u00e1nico respondi\u00f3 este s\u00e1bado a m\u00e1s de cuatro millones de ciudadanos que firmaron una petici\u00f3n para solicitar un segundo refer\u00e9ndum tras el del 23 de junio, indic\u00e1ndoles que no habr\u00eda segunda votaci\u00f3n.<\/p>\n<p>Cada firmante de la petici\u00f3n recibi\u00f3 un correo electr\u00f3nico que suscribe el Ministerio de Exteriores en el que se dice que \u00abel gobierno responde a la petici\u00f3n que han firmado\u00bb.<\/p>\n<p>Esta petici\u00f3n ped\u00eda \u00abal gobierno aplicar una regla seg\u00fan la cual si un voto en favor del mantenimiento o de la salida (de la UE) est\u00e1 basado en menos del 60% de los votantes con un \u00edndice de participaci\u00f3n inferior al 75%, entonces debe convocarse otro refer\u00e9ndum\u00bb.<\/p>\n<p>La respuesta del Gobierno asegura: \u00abComo dijo claramente el primer ministro en su declaraci\u00f3n ante la c\u00e1mara de los Comunes el 27 de junio, el refer\u00e9ndum fue el ejercicio democr\u00e1tico m\u00e1s importante de la historia brit\u00e1nica con m\u00e1s de 33 millones de personas que se pronunciaron\u00bb.<\/p>\n<p>\u00abEl primer ministro y el gobierno han dicho claramente que se trataba de una votaci\u00f3n \u00fanica para una generaci\u00f3n y (&#8230;) que la decisi\u00f3n deb\u00eda ser respetada. Ahora debemos preparar el proceso de salida de la UE y el gobierno est\u00e1 determinado a garantizar el mejor resultado posible para el pueblo en estas negociaciones\u00bb, concluye el mensaje.<\/p>\n<p>El 23 de junio, 17,4 millones de brit\u00e1nicos votaron a favor de una salida de Reino Unido de la Uni\u00f3n Europea (51,9%), contra 16,1 millones que votaron por permanecer en la UE. La participaci\u00f3n fue del 72,2%.<\/p>\n<p>El voto provoc\u00f3 la dimisi\u00f3n del primer ministro, David Cameron, cuyo sucesor ser\u00e1 designado el 9 de septiembre por miembros del partido conservador entre la secretaria de Estado, Andrea Leadsom, y la ministra del Interior, Theresa May.<\/p>\n<p>La nueva primera ministra brit\u00e1nica tendr\u00e1 la responsabilidad de activar el art\u00edculo 50 del Tratado de Lisboa, que determina el procedimiento a seguir en caso de abandono de la UE y da un plazo de dos a\u00f1os para que se termine el proceso.<\/p>\n<h6> 2016-07-09 08:54:56 <\/h6>\n<p><!--\n<link rel=\"stylesheet\" href=\"css\/bootstrap.min.css\">\n\n\n<ul class=\"pagination\">\n\t    \n\t\n\n<li >\n\t<a href='?page_no=19091'>Previous<\/a>\n\t<\/li>\n\n\n       \n    \n\n<li><a href='?page_no=1'>1<\/a><\/li>\n\n\n\n<li><a href='?page_no=2'>2<\/a><\/li>\n\n\n\n<li><a>...<\/a><\/li>\n\n\n\n<li><a href='?page_no=19090'>19090<\/a><\/li>\n\n\n\n<li><a href='?page_no=19091'>19091<\/a><\/li>\n\n\n\n<li class='active'><a>19092<\/a><\/li>\n\n\n\n<li><a href='?page_no=19093'>19093<\/a><\/li>\n\n\n\n<li><a href='?page_no=19094'>19094<\/a><\/li>\n\n\n\n<li><a>...<\/a><\/li>\n\n\n\n<li><a href='?page_no=51012'>51012<\/a><\/li>\n\n\n\n<li><a href='?page_no=51013'>51013<\/a><\/li>\n\n    \n\t\n\n<li >\n\t<a href='?page_no=19093'>Next<\/a>\n\t<\/li>\n\n\n    \n\n<li><a href='?page_no=51013'>Last &rsaquo;&rsaquo;<\/a><\/li>\n\n<\/ul>\n\n\n--><br \/>\n<\/body><\/p>\n","protected":false},"excerpt":{"rendered":"<p>AFP \/ Niklas Halle&#8217;n Un globo con las siglas de la Uni\u00f3n Europea, enganchado a la estatua de Winston Churchill en la Plaza del Parlamento de Londres el 2 de julio de 2016, durante una marcha en contra del Brexit El Gobierno brit\u00e1nico respondi\u00f3 este s\u00e1bado a m\u00e1s de cuatro millones de ciudadanos que firmaron [&hellip;]<\/p>\n","protected":false},"author":3,"featured_media":0,"comment_status":"open","ping_status":"open","sticky":false,"template":"","format":"standard","meta":{"footnotes":""},"categories":[23],"tags":[],"class_list":["post-249447","post","type-post","status-publish","format-standard","hentry","category-internacional"],"_links":{"self":[{"href":"https:\/\/diariodominicano.com\/index.php?rest_route=\/wp\/v2\/posts\/249447","targetHints":{"allow":["GET"]}}],"collection":[{"href":"https:\/\/diariodominicano.com\/index.php?rest_route=\/wp\/v2\/posts"}],"about":[{"href":"https:\/\/diariodominicano.com\/index.php?rest_route=\/wp\/v2\/types\/post"}],"author":[{"embeddable":true,"href":"https:\/\/diariodominicano.com\/index.php?rest_route=\/wp\/v2\/users\/3"}],"replies":[{"embeddable":true,"href":"https:\/\/diariodominicano.com\/index.php?rest_route=%2Fwp%2Fv2%2Fcomments&post=249447"}],"version-history":[{"count":0,"href":"https:\/\/diariodominicano.com\/index.php?rest_route=\/wp\/v2\/posts\/249447\/revisions"}],"wp:attachment":[{"href":"https:\/\/diariodominicano.com\/index.php?rest_route=%2Fwp%2Fv2%2Fmedia&parent=249447"}],"wp:term":[{"taxonomy":"category","embeddable":true,"href":"https:\/\/diariodominicano.com\/index.php?rest_route=%2Fwp%2Fv2%2Fcategories&post=249447"},{"taxonomy":"post_tag","embeddable":true,"href":"https:\/\/diariodominicano.com\/index.php?rest_route=%2Fwp%2Fv2%2Ftags&post=249447"}],"curies":[{"name":"wp","href":"https:\/\/api.w.org\/{rel}","templated":true}]}}