{"id":249446,"date":"2016-07-09T09:00:32","date_gmt":"2016-07-09T09:00:32","guid":{"rendered":"http:\/\/diariodominicano.ddns.net\/?p=249446"},"modified":"2016-07-09T09:00:32","modified_gmt":"2016-07-09T09:00:32","slug":"obama-acorta-su-viaje-a-europa-por-la-matanza-de-dallas","status":"publish","type":"post","link":"https:\/\/diariodominicano.com\/?p=249446","title":{"rendered":"Obama acorta su viaje a Europa por la matanza de Dallas"},"content":{"rendered":"<p><body><\/p>\n<p><img decoding=\"async\" src=\"img3\/0173e14a81f0738b09f9c8ac96e430ba5fb759f0.jpg\" \/><br \/><img decoding=\"async\" src=\"img3\/ae2f3aaf6f2c72b72bc7298444ac5ca5f03e2714.jpg\" \/>  <\/p>\n<p>9 Jul 2016<\/p>\n<\/p>\n<p>AFP \/ Janek Skarzynski<\/p>\n<p>El presidente de EEUU, Barack Obama (d), y el ministro de Defensa de Gran Breta\u00f1a, Michael Fallon, durante una sesi\u00f3n de una Cumbre de la OTAN dedicada a Afganist\u00e1n el 9 de julio de 2016 en Varsovia<\/p>\n<p>El presidente estadounidense, Barack Obama, anunci\u00f3 que acorta su viaje a Europa para volver a Dallas, donde cinco polic\u00edas fueron abatidos por un francotirador que quer\u00eda vengar los abusos de las fuerzas de seguridad contra los negros, lo que reaviva el doloroso tema racial.<\/p>\n<p>Obama, que ten\u00eda que estar en Espa\u00f1a desde este s\u00e1bado por la noche hasta el lunes, acortar\u00e1 su visita para estar al principio de la pr\u00f3xima semana en Dallas, invitado por el alcalde Mike Rawlings de la ciudad texana donde se produjo la tragedia.<\/p>\n<p>El mandatario calific\u00f3 el viernes el ataque como \u00absalvaje, calculado y despreciable\u00bb.<\/p>\n<p>Entretanto, los llamamientos a la calma y a la tolerancia se multiplican en todo Estados Unidos, un pa\u00eds conmocionado por esa matanza de polic\u00edas por un tirador aparentemente solitario, que quer\u00eda vengar los abusos de las fuerzas del orden contra los negros.<\/p>\n<p>El vicepresidente, Joe Biden, dijo este s\u00e1bado que como \u00abestadounidenses, estamos heridos por todas estas muertes\u00bb.<\/p>\n<p>Los oficiales muertos y los heridos \u00abestaban protegiendo a quienes protestaban pac\u00edficamente contra las injusticias raciales en el sistema criminal de justicia. Esa gente marchaba contra el tipo de im\u00e1genes chocantes que vimos en St. Paul y Baton Rouge -y hemos visto con demasiada frecuencia en otras partes- de demasiadas vidas negras perdidas\u00bb.<\/p>\n<\/p>\n<p>AFP \/ Laura Buckman<\/p>\n<p>Una concentraci\u00f3n el 8 de julio de 2016 en una plaza de Dallas (Texas, EEUU) en homenaje a los cinco polic\u00edas asesinados por un francotirador<\/p>\n<p>El \u00fanico sospechoso, abatido por la polic\u00eda despu\u00e9s de la matanza del jueves en Dallas, fue identificado como Micah Johnson, un exsoldado negro de 25 a\u00f1os que carec\u00eda de antecedentes policiales, reservista del ej\u00e9rcito que estuvo movilizado en Afganist\u00e1n entre noviembre de 2013 y julio de 2014.<\/p>\n<p>Johnson result\u00f3 muerto tras un gigantesco cerco policial que incluy\u00f3 el uso de un robot con explosivos.<\/p>\n<p>El tiroteo se produjo a pocas calles de Dealey Plaza, el lugar donde fue asesinado el presidente John F. Kennedy en 1963, tambi\u00e9n abatido por un francotirador solitario.<\/p>\n<p>Durante las infructuosas negociaciones para intentar que se rindiera, Johnson presuntamente dijo a los agentes que no pertenec\u00eda a ninguna organizaci\u00f3n y que s\u00f3lo quer\u00eda matar \u00aba blancos, en especial a polic\u00edas blancos\u00bb.<\/p>\n<p>Parece haber actuado solo, seg\u00fan el secretario de Seguridad Nacional estadounidense, Jeh Johnson, quien -al igual que la Casa Blanca- excluy\u00f3 cualquier v\u00ednculo con una \u00aborganizaci\u00f3n terrorista\u00bb.<\/p>\n<p>La polic\u00eda de Dallas inform\u00f3 de que en un registro de la vivienda de Johnson, \u00ablos detectives encontraron materiales para fabricar bombas, chalecos antibalas, fusiles, municiones y un diario personal de t\u00e1cticas de combate\u00bb.<\/p>\n<p>En una cuenta de Facebook atribuida a Micah Johnson y luego desactivada, \u00e9ste parece apoyar a organizaciones de defensa de los negros, seg\u00fan el Southern Poverty Law Center, que sigue a estos movimientos en Estados Unidos.<\/p>\n<p>En unas fotos en esta cuenta se le ve con el pu\u00f1o en alto, un gesto s\u00edmbolo de las luchas de emancipaci\u00f3n de los negros en Estados Unidos.<\/p>\n<p>&#8211; El problema racial de fondo &#8211;<\/p>\n<p>El tiroteo ha reactivado el ya de por s\u00ed emocional debate sobre el uso de fuerza letal por parte de la polic\u00eda y los comportamientos de \u00e9sta ante las minor\u00edas raciales, especialmente los afroamericanos.<\/p>\n<p>Los l\u00edderes del movimiento Black lives matter (Las vidas negras importan) condenaron la violencia de Dallas, pero aseguraron que mantendr\u00e1n las manifestaciones previstas para este fin de semana.<\/p>\n<p>\u00abBlack lives matter combate por la dignidad, la justicia y la libertad. No por el asesinato\u00bb, indic\u00f3 la organizaci\u00f3n.<\/p>\n<p>El viernes ya se produjeron manifestaciones en Houston, Nueva Orleans, Detroit, Baltimore y San Francisco, tras la muerte de dos negros a manos de la polic\u00eda, en escenas grabadas y que indignaron a la opini\u00f3n p\u00fablica.<\/p>\n<p>En Polonia, donde participa en una reuni\u00f3n de la OTAN, el presidente Barack Obama dijo que lo ocurrido en Dallas fue un ataque \u00absalvaje, calculado y despreciable\u00bb, y a\u00f1adi\u00f3 que \u00abno hay una justificaci\u00f3n posible a este tipo de ataques\u00bb.<\/p>\n<p>El Gobierno estadounidense orden\u00f3 izar la bandera a media asta hasta el 12 de julio.<\/p>\n<p>Por su lado, el secretario general de la ONU, Ban Ki-moon, conden\u00f3 el m\u00faltiple asesinato de los polic\u00edas en Dallas, pero tambi\u00e9n pidi\u00f3 una investigaci\u00f3n \u00abimparcial\u00bb sobre la muerte de los ciudadanos negros a manos de agentes.<\/p>\n<p>La tensi\u00f3n motiv\u00f3 a los aspirantes presidenciales Hillary Clinton y Donald Trump a cancelar sus actos p\u00fablicos del viernes.<\/p>\n<p>En un mensaje en Facebook, Trump afirm\u00f3 que se trat\u00f3 de un \u00abataque contra nuestro pa\u00eds\u00bb y denunci\u00f3 que fue un tiroteo que incluy\u00f3 \u00abejecuciones\u00bb.<\/p>\n<p>Por su parte, Clinton manifest\u00f3 en Twitter su duelo \u00abpor los oficiales muertos a tiros cuando cumpl\u00edan su misi\u00f3n sagrada de proteger una protesta pac\u00edfica\u00bb.<\/p>\n<h6> 2016-07-09 09:00:32 <\/h6>\n<p><!--\n<link rel=\"stylesheet\" href=\"css\/bootstrap.min.css\">\n\n\n<ul class=\"pagination\">\n\t    \n\t\n\n<li >\n\t<a href='?page_no=19090'>Previous<\/a>\n\t<\/li>\n\n\n       \n    \n\n<li><a href='?page_no=1'>1<\/a><\/li>\n\n\n\n<li><a href='?page_no=2'>2<\/a><\/li>\n\n\n\n<li><a>...<\/a><\/li>\n\n\n\n<li><a href='?page_no=19089'>19089<\/a><\/li>\n\n\n\n<li><a href='?page_no=19090'>19090<\/a><\/li>\n\n\n\n<li class='active'><a>19091<\/a><\/li>\n\n\n\n<li><a href='?page_no=19092'>19092<\/a><\/li>\n\n\n\n<li><a href='?page_no=19093'>19093<\/a><\/li>\n\n\n\n<li><a>...<\/a><\/li>\n\n\n\n<li><a href='?page_no=51012'>51012<\/a><\/li>\n\n\n\n<li><a href='?page_no=51013'>51013<\/a><\/li>\n\n    \n\t\n\n<li >\n\t<a href='?page_no=19092'>Next<\/a>\n\t<\/li>\n\n\n    \n\n<li><a href='?page_no=51013'>Last &rsaquo;&rsaquo;<\/a><\/li>\n\n<\/ul>\n\n\n--><br \/>\n<\/body><\/p>\n","protected":false},"excerpt":{"rendered":"<p>9 Jul 2016 AFP \/ Janek Skarzynski El presidente de EEUU, Barack Obama (d), y el ministro de Defensa de Gran Breta\u00f1a, Michael Fallon, durante una sesi\u00f3n de una Cumbre de la OTAN dedicada a Afganist\u00e1n el 9 de julio de 2016 en Varsovia El presidente estadounidense, Barack Obama, anunci\u00f3 que acorta su viaje a [&hellip;]<\/p>\n","protected":false},"author":3,"featured_media":0,"comment_status":"open","ping_status":"open","sticky":false,"template":"","format":"standard","meta":{"footnotes":""},"categories":[23],"tags":[],"class_list":["post-249446","post","type-post","status-publish","format-standard","hentry","category-internacional"],"_links":{"self":[{"href":"https:\/\/diariodominicano.com\/index.php?rest_route=\/wp\/v2\/posts\/249446","targetHints":{"allow":["GET"]}}],"collection":[{"href":"https:\/\/diariodominicano.com\/index.php?rest_route=\/wp\/v2\/posts"}],"about":[{"href":"https:\/\/diariodominicano.com\/index.php?rest_route=\/wp\/v2\/types\/post"}],"author":[{"embeddable":true,"href":"https:\/\/diariodominicano.com\/index.php?rest_route=\/wp\/v2\/users\/3"}],"replies":[{"embeddable":true,"href":"https:\/\/diariodominicano.com\/index.php?rest_route=%2Fwp%2Fv2%2Fcomments&post=249446"}],"version-history":[{"count":0,"href":"https:\/\/diariodominicano.com\/index.php?rest_route=\/wp\/v2\/posts\/249446\/revisions"}],"wp:attachment":[{"href":"https:\/\/diariodominicano.com\/index.php?rest_route=%2Fwp%2Fv2%2Fmedia&parent=249446"}],"wp:term":[{"taxonomy":"category","embeddable":true,"href":"https:\/\/diariodominicano.com\/index.php?rest_route=%2Fwp%2Fv2%2Fcategories&post=249446"},{"taxonomy":"post_tag","embeddable":true,"href":"https:\/\/diariodominicano.com\/index.php?rest_route=%2Fwp%2Fv2%2Ftags&post=249446"}],"curies":[{"name":"wp","href":"https:\/\/api.w.org\/{rel}","templated":true}]}}