{"id":249445,"date":"2016-07-09T09:11:22","date_gmt":"2016-07-09T09:11:22","guid":{"rendered":"http:\/\/diariodominicano.ddns.net\/?p=249445"},"modified":"2016-07-09T09:11:22","modified_gmt":"2016-07-09T09:11:22","slug":"la-otan-se-muestra-unida-en-varsovia-frente-a-rusia","status":"publish","type":"post","link":"https:\/\/diariodominicano.com\/?p=249445","title":{"rendered":"La OTAN se muestra \u00abunida\u00bb en Varsovia frente a Rusia"},"content":{"rendered":"<p><body><\/p>\n<p><img decoding=\"async\" src=\"img3\/55cb574421c1c871ca5efbc116fc6afb5bd8026d.jpg\" \/><br \/><img decoding=\"async\" src=\"img3\/a5020b9784e4b2ff72f864ad8b5a998b9b485b87.jpg\" \/><br \/><img decoding=\"async\" src=\"img3\/edfd4f7a860263589cc251ef4d74449f114c90fa.jpg\" \/>  <\/p>\n<p>9 Jul 2016<\/p>\n<p>AddThis Sharing ButtonsShare to FacebookShare to TwitterShare to Google+Share to M\u00e1s&#8230;<\/p>\n<p>AFP \/ Wojtek Radwanski<\/p>\n<p>El primer ministro de Canad\u00e1, Justin Trudeau, dialoga con la presidenta de Croacia, Kolinda Grabar-Kitarovic, durante la cumbre de la OTAN en Varsovia el 9 de julio de 2016<\/p>\n<p>La OTAN volvi\u00f3 a reunirse en cumbre este s\u00e1bado, mostr\u00e1ndose \u00abunida\u00bb frente a Rusia a ra\u00edz de la situaci\u00f3n con Ucrania, aunque abierta al di\u00e1logo con Mosc\u00fa.<\/p>\n<p>Los 28 l\u00edderes de la Alianza Atl\u00e1ntica mantuvieron el viernes por la noche una cena en el mismo sal\u00f3n en donde se firm\u00f3 en 1955 el Pacto de Varsovia, en la que Rusia y Ucrania dominaron las conversaciones.<\/p>\n<p>Durante el d\u00eda hab\u00edan aprobado los planes de la Alianza para reforzar su flanco oriental y sosegar a los pa\u00edses del este, otrora bajo la influencia de Mosc\u00fa, con el env\u00edo de cuatro batallones a Polonia, Estonia, Lituania y Letonia.<\/p>\n<p>Este s\u00e1bado, los mandatarios de Estonia y de Lituania mostraron su satisfacci\u00f3n por las decisiones de la v\u00edspera.<\/p>\n<p>\u00abTienen una importancia hist\u00f3rica, creo que la OTAN mostr\u00f3 muy claramente que nos mantenemos unidos\u00bb, se\u00f1al\u00f3 el primer ministro estonio, Taavi Roivas.<\/p>\n<p>\u00abRecibimos lo que pedimos hasta ahora\u00bb, insisti\u00f3 por su parte a la AFP la presidenta lituana, Dalia Grybauskaite.<\/p>\n<p>&#8211; \u00abNos mantenemos unidos\u00bb &#8211;<\/p>\n<\/p>\n<p>AFP \/ Janek Skarzynski<\/p>\n<p>El secretario general de la OTAN, Jens Stoltenberg (d), y el presidente de EEUU, Barack Obama, dialogan tras una sesi\u00f3n sobre Afganist\u00e1n en el marco de la cumbre en Varsovia el 9 de julio de 2016<\/p>\n<p>El viernes por la noche, los mandatarios dedicaron su cena a discutir sobre Rusia y convinieron que s\u00f3lo la unidad llevar\u00e1 al presidente ruso, Vladimir Putin, a enmendar la situaci\u00f3n en Ucrania.<\/p>\n<p>\u00abEl mensaje principal de la cena es que la Alianza est\u00e1 unida, que nos mantenemos unidos\u00bb, dijo el secretario general de la OTAN, Jens Stoltenberg, en una rueda de prensa.<\/p>\n<p>Durante la cena, precis\u00f3, los mandatarios pudieron discutir de una manera \u00abverdaderamente franca y abierta\u00bb.<\/p>\n<p>Pero la \u00abunidad\u00bb de la OTAN pareci\u00f3 el viernes resquebrajarse.<\/p>\n<p>El presidente franc\u00e9s, Fran\u00e7ois Hollande, sostuvo que Rusia no era una amenaza, sino m\u00e1s bien un socio.<\/p>\n<p>Por su intervenci\u00f3n en Ucrania y la anexi\u00f3n de Crimea, las potencias occidentales impusieron sanciones econ\u00f3micas a Rusia. La Uni\u00f3n Europea las renov\u00f3 recientemente hasta finales de enero.<\/p>\n<p>Pero esta medida tiene un alto coste econ\u00f3mico para Francia, as\u00ed como para Italia e incluso Alemania. La Asamblea Nacional francesa vot\u00f3 una declaraci\u00f3n recientemente para levantar esas sanciones.<\/p>\n<p>Par\u00eds, que hab\u00eda vendido dos buques militares a Rusia, se vio obligado, por el conflicto en Ucrania, a suspender la venta. Roma vio cancelado su proyecto de gasoducto con Rusia, &#8216;South Stream&#8217;. Alemania es, por su parte, un importante socio comercial de Rusia.<\/p>\n<p>En una rueda de prensa, la canciller alemana, Angela Merkel, insisti\u00f3 en la necesidad de di\u00e1logo con \u00ablas regiones vecinas\u00bb.<\/p>\n<p>Hollande fue m\u00e1s directo, al afirmar que \u00abpara Francia, Rusia no es un adversario, no es una amenaza. Rusia es un socio\u00bb.<\/p>\n<p>&#8211; No hay una &#8216;amenaza inminente&#8217; &#8211;<\/p>\n<\/p>\n<p>AFP \/ &#8211;<\/p>\n<p>La OTAN y Rusia<\/p>\n<p>Interrogado sobre esta afirmaci\u00f3n, Stoltenberg dijo que la OTAN estaba ahora en una nueva situaci\u00f3n.<\/p>\n<p>\u00abNo vemos una amenaza inminente (&#8230;) Rusia no es un socio estrat\u00e9gico (&#8230;) ya no estamos en la asociaci\u00f3n estrat\u00e9gica con Rusia que intentamos desarrollar despu\u00e9s de la Guerra Fr\u00eda\u00bb, agreg\u00f3, subrayando que \u00abtampoco estamos en una situaci\u00f3n de Guerra Fr\u00eda\u00bb.<\/p>\n<p>Este s\u00e1bado por la tarde, los 28 l\u00edderes de la OTAN mantendr\u00e1n una reuni\u00f3n con el presidente ucraniano, Petro Poroshenko.<\/p>\n<p>Rusia observa esta cumbre con \u00abgran inter\u00e9s\u00bb, dijo el Kremlin el viernes. Para Mosc\u00fa la OTAN, que avanza sobre lo que eran sus &#8216;sat\u00e9lites&#8217;, es la que amenaza su seguridad.<\/p>\n<p>El Kremlin reserva adem\u00e1s sus mayores advertencias al escudo antimisiles que desarrolla Estados Unidos en Europa.<\/p>\n<p>El viernes, los 28 l\u00edderes declararon operacional la primera fase de este entramado de radares de alta capacidad e interceptores bal\u00edsticos. El secretario general de la OTAN insisti\u00f3 en que no estaba dirigido contra Rusia.<\/p>\n<p>Estados Unidos sostiene que el escudo es para proteger su territorio y el de sus aliados de eventuales ataques con misiles bal\u00edsticos de Ir\u00e1n y Corea del Norte, pero no todos dentro de la OTAN lo entienden as\u00ed.<\/p>\n<p>Hollande mostr\u00f3 su oposici\u00f3n, se\u00f1alando que \u00abesta defensa antimisiles est\u00e1 hecha para proteger en relaci\u00f3n a otras amenazas, no las que nos quieren hacer creer, [como una] viniendo de Rusia\u00bb, dijo Hollande.<\/p>\n<p>&#8211; Afganist\u00e1n &#8211;<\/p>\n<p>Adem\u00e1s de Ucrania, los l\u00edderes de la OTAN tambi\u00e9n discutieron en su primera sesi\u00f3n en Varsovia sobre la situaci\u00f3n de seguridad \u00abprecaria\u00bb en Afganist\u00e1n, donde los talibanes desestabilizan al Gobierno de Kabul.<\/p>\n<p>Los 28 decidieron mantener las tropas en ese pa\u00eds, donde las fuerzas afganas retomaron el control de la seguridad en 2015. Adem\u00e1s, mantendr\u00e1n el financiamiento de las fuerzas locales de seguridad hasta 2020.<\/p>\n<p>Unos 13.000 soldados de la Alianza est\u00e1n desplegados en Afganist\u00e1n bajo el paraguas de la misi\u00f3n &#8216;Resolute support&#8217;, la mayor\u00eda para entrenar a las fuerzas de seguridad afganas.<\/p>\n<p>El presidente Obama se vio obligado esta semana a anunciar la desaceleraci\u00f3n de la retirada de tropas, que Washington quer\u00eda reducir de 9.800 a 5.500 a fin de a\u00f1o. Obama anunci\u00f3 el mi\u00e9rcoles que mantendr\u00eda 8.400 militares hasta el final de su mandato.<\/p>\n<h6> 2016-07-09 09:11:22 <\/h6>\n<p><!--\n<link rel=\"stylesheet\" href=\"css\/bootstrap.min.css\">\n\n\n<ul class=\"pagination\">\n\t    \n\t\n\n<li >\n\t<a href='?page_no=19089'>Previous<\/a>\n\t<\/li>\n\n\n       \n    \n\n<li><a href='?page_no=1'>1<\/a><\/li>\n\n\n\n<li><a href='?page_no=2'>2<\/a><\/li>\n\n\n\n<li><a>...<\/a><\/li>\n\n\n\n<li><a href='?page_no=19088'>19088<\/a><\/li>\n\n\n\n<li><a href='?page_no=19089'>19089<\/a><\/li>\n\n\n\n<li class='active'><a>19090<\/a><\/li>\n\n\n\n<li><a href='?page_no=19091'>19091<\/a><\/li>\n\n\n\n<li><a href='?page_no=19092'>19092<\/a><\/li>\n\n\n\n<li><a>...<\/a><\/li>\n\n\n\n<li><a href='?page_no=51012'>51012<\/a><\/li>\n\n\n\n<li><a href='?page_no=51013'>51013<\/a><\/li>\n\n    \n\t\n\n<li >\n\t<a href='?page_no=19091'>Next<\/a>\n\t<\/li>\n\n\n    \n\n<li><a href='?page_no=51013'>Last &rsaquo;&rsaquo;<\/a><\/li>\n\n<\/ul>\n\n\n--><br \/>\n<\/body><\/p>\n","protected":false},"excerpt":{"rendered":"<p>9 Jul 2016 AddThis Sharing ButtonsShare to FacebookShare to TwitterShare to Google+Share to M\u00e1s&#8230; AFP \/ Wojtek Radwanski El primer ministro de Canad\u00e1, Justin Trudeau, dialoga con la presidenta de Croacia, Kolinda Grabar-Kitarovic, durante la cumbre de la OTAN en Varsovia el 9 de julio de 2016 La OTAN volvi\u00f3 a reunirse en cumbre este [&hellip;]<\/p>\n","protected":false},"author":3,"featured_media":0,"comment_status":"open","ping_status":"open","sticky":false,"template":"","format":"standard","meta":{"footnotes":""},"categories":[23],"tags":[],"class_list":["post-249445","post","type-post","status-publish","format-standard","hentry","category-internacional"],"_links":{"self":[{"href":"https:\/\/diariodominicano.com\/index.php?rest_route=\/wp\/v2\/posts\/249445","targetHints":{"allow":["GET"]}}],"collection":[{"href":"https:\/\/diariodominicano.com\/index.php?rest_route=\/wp\/v2\/posts"}],"about":[{"href":"https:\/\/diariodominicano.com\/index.php?rest_route=\/wp\/v2\/types\/post"}],"author":[{"embeddable":true,"href":"https:\/\/diariodominicano.com\/index.php?rest_route=\/wp\/v2\/users\/3"}],"replies":[{"embeddable":true,"href":"https:\/\/diariodominicano.com\/index.php?rest_route=%2Fwp%2Fv2%2Fcomments&post=249445"}],"version-history":[{"count":0,"href":"https:\/\/diariodominicano.com\/index.php?rest_route=\/wp\/v2\/posts\/249445\/revisions"}],"wp:attachment":[{"href":"https:\/\/diariodominicano.com\/index.php?rest_route=%2Fwp%2Fv2%2Fmedia&parent=249445"}],"wp:term":[{"taxonomy":"category","embeddable":true,"href":"https:\/\/diariodominicano.com\/index.php?rest_route=%2Fwp%2Fv2%2Fcategories&post=249445"},{"taxonomy":"post_tag","embeddable":true,"href":"https:\/\/diariodominicano.com\/index.php?rest_route=%2Fwp%2Fv2%2Ftags&post=249445"}],"curies":[{"name":"wp","href":"https:\/\/api.w.org\/{rel}","templated":true}]}}