{"id":249443,"date":"2016-07-09T09:40:27","date_gmt":"2016-07-09T09:40:27","guid":{"rendered":"http:\/\/diariodominicano.ddns.net\/?p=249443"},"modified":"2016-07-09T09:40:27","modified_gmt":"2016-07-09T09:40:27","slug":"moscu-expulsa-a-dos-diplomaticos-de-eeuu-en-respuesta-a-la-de-dos-rusos-por-washington","status":"publish","type":"post","link":"https:\/\/diariodominicano.com\/?p=249443","title":{"rendered":"Mosc\u00fa expulsa a dos diplom\u00e1ticos de EEUU en respuesta a la de dos rusos por Washington"},"content":{"rendered":"<p><body><\/p>\n<p><img decoding=\"async\" src=\"img3\/c15b3980c7b9f05fd20433ae668c94678e552c11.jpg\" \/>  <\/p>\n<p>9 Jul 2016<\/p>\n<\/p>\n<p>AFP\/Archivos \/ Kirill Kudryavtsev<\/p>\n<p>La Embajada de Estados Unidos en Mosc\u00fa, en una imagen del 20 de septiembre de 2012<\/p>\n<p>Mosc\u00fa anunci\u00f3 este s\u00e1bado la expulsi\u00f3n de dos diplom\u00e1ticos estadounidenses en represalia por la misma medida tomada por Washington contra dos responsables rusos, tras la agresi\u00f3n en junio a un diplom\u00e1tico estadounidense en la capital rusa.<\/p>\n<p>\u00abTras el gesto hostil [estadounidense] dos empleados de la embajada de Estados Unidos han abandonado Mosc\u00fa. Fueron declarados persona non grata por actividades incompatibles con su estatuto diplom\u00e1tico\u00bb, declar\u00f3 en un comunicado el viceministro ruso de Exteriores, Sergei Ryabkov, que los acus\u00f3 de ser agentes de la CIA.<\/p>\n<p>Por su parte, Estados Unidos expuls\u00f3 a dos funcionarios rusos tras el ataque a un diplom\u00e1tico estadounidense en Mosc\u00fa por un polic\u00eda el mes pasado, inform\u00f3 el viernes el Departamento de Estado.<\/p>\n<p>\u00abEl 17 de junio expulsamos a dos funcionarios rusos de Estados Unidos en respuesta a ese ataque\u00bb, dijo el portavoz del Departamento de Estado, John Kirby.<\/p>\n<p>El hecho se produce tras las reclamaciones de Washington sobre lo que considera una campa\u00f1a creciente de acoso e intimidaci\u00f3n a diplom\u00e1ticos estadounidenses y sus familias en la capital rusa.<\/p>\n<p>Kirby explic\u00f3 que el 6 de junio un polic\u00eda ruso atac\u00f3 a un diplom\u00e1tico acreditado cuando iba a ingresar a la sede de la embajada de Estados Unidos, despu\u00e9s de que \u00e9ste se hubiera identificado.<\/p>\n<p>\u00abLa acci\u00f3n no fue provocada y puso en riesgo a nuestros empleados. La justificaci\u00f3n rusa de que el polic\u00eda estaba protegiendo la embajada de individuos no identificados es simplemente falsa\u00bb, dijo Kirby a la prensa al informar sobre la medida de represalia diplom\u00e1tica.<\/p>\n<h6> 2016-07-09 09:40:27 <\/h6>\n<p><!--\n<link rel=\"stylesheet\" href=\"css\/bootstrap.min.css\">\n\n\n<ul class=\"pagination\">\n\t    \n\t\n\n<li >\n\t<a href='?page_no=19087'>Previous<\/a>\n\t<\/li>\n\n\n       \n    \n\n<li><a href='?page_no=1'>1<\/a><\/li>\n\n\n\n<li><a href='?page_no=2'>2<\/a><\/li>\n\n\n\n<li><a>...<\/a><\/li>\n\n\n\n<li><a href='?page_no=19086'>19086<\/a><\/li>\n\n\n\n<li><a href='?page_no=19087'>19087<\/a><\/li>\n\n\n\n<li class='active'><a>19088<\/a><\/li>\n\n\n\n<li><a href='?page_no=19089'>19089<\/a><\/li>\n\n\n\n<li><a href='?page_no=19090'>19090<\/a><\/li>\n\n\n\n<li><a>...<\/a><\/li>\n\n\n\n<li><a href='?page_no=51012'>51012<\/a><\/li>\n\n\n\n<li><a href='?page_no=51013'>51013<\/a><\/li>\n\n    \n\t\n\n<li >\n\t<a href='?page_no=19089'>Next<\/a>\n\t<\/li>\n\n\n    \n\n<li><a href='?page_no=51013'>Last &rsaquo;&rsaquo;<\/a><\/li>\n\n<\/ul>\n\n\n--><br \/>\n<\/body><\/p>\n","protected":false},"excerpt":{"rendered":"<p>9 Jul 2016 AFP\/Archivos \/ Kirill Kudryavtsev La Embajada de Estados Unidos en Mosc\u00fa, en una imagen del 20 de septiembre de 2012 Mosc\u00fa anunci\u00f3 este s\u00e1bado la expulsi\u00f3n de dos diplom\u00e1ticos estadounidenses en represalia por la misma medida tomada por Washington contra dos responsables rusos, tras la agresi\u00f3n en junio a un diplom\u00e1tico estadounidense [&hellip;]<\/p>\n","protected":false},"author":3,"featured_media":0,"comment_status":"open","ping_status":"open","sticky":false,"template":"","format":"standard","meta":{"footnotes":""},"categories":[23],"tags":[],"class_list":["post-249443","post","type-post","status-publish","format-standard","hentry","category-internacional"],"_links":{"self":[{"href":"https:\/\/diariodominicano.com\/index.php?rest_route=\/wp\/v2\/posts\/249443","targetHints":{"allow":["GET"]}}],"collection":[{"href":"https:\/\/diariodominicano.com\/index.php?rest_route=\/wp\/v2\/posts"}],"about":[{"href":"https:\/\/diariodominicano.com\/index.php?rest_route=\/wp\/v2\/types\/post"}],"author":[{"embeddable":true,"href":"https:\/\/diariodominicano.com\/index.php?rest_route=\/wp\/v2\/users\/3"}],"replies":[{"embeddable":true,"href":"https:\/\/diariodominicano.com\/index.php?rest_route=%2Fwp%2Fv2%2Fcomments&post=249443"}],"version-history":[{"count":0,"href":"https:\/\/diariodominicano.com\/index.php?rest_route=\/wp\/v2\/posts\/249443\/revisions"}],"wp:attachment":[{"href":"https:\/\/diariodominicano.com\/index.php?rest_route=%2Fwp%2Fv2%2Fmedia&parent=249443"}],"wp:term":[{"taxonomy":"category","embeddable":true,"href":"https:\/\/diariodominicano.com\/index.php?rest_route=%2Fwp%2Fv2%2Fcategories&post=249443"},{"taxonomy":"post_tag","embeddable":true,"href":"https:\/\/diariodominicano.com\/index.php?rest_route=%2Fwp%2Fv2%2Ftags&post=249443"}],"curies":[{"name":"wp","href":"https:\/\/api.w.org\/{rel}","templated":true}]}}