{"id":249442,"date":"2016-07-09T14:33:08","date_gmt":"2016-07-09T14:33:08","guid":{"rendered":"http:\/\/diariodominicano.ddns.net\/?p=249442"},"modified":"2016-07-09T14:33:08","modified_gmt":"2016-07-09T14:33:08","slug":"elogian-contribucion-de-bank-ki-moon-a-nexos-china-onu","status":"publish","type":"post","link":"https:\/\/diariodominicano.com\/?p=249442","title":{"rendered":"&#13;Elogian contribuci\u00f3n de Bank Ki-moon a nexos China-ONU"},"content":{"rendered":"<p><body><\/p>\n<p><img decoding=\"async\" src=\"img3\/ban-ki-moon.jpg\" \/>  <\/p>\n<p><span class=\"text1noticias\">\t <\/span><\/p>\n<p><span class=\"text1noticias\">  <\/span><\/p>\n<p><span class=\"text1noticias\">Beijing, 9 jul (PL) El primer ministro de China, Li Keqiang, elogi\u00f3 la contribuci\u00f3n del secretario general de la ONU, Ban Ki-moon, de visita hoy aqu\u00ed, al incremento de los nexos entre esa organizaci\u00f3n y este pa\u00eds.<\/span><\/p>\n<\/p>\n<p><span class=\"text1noticias\">Al reunirse en esta capital con Ban, Li expres\u00f3 el total apoyo de su Gobierno al trabajo de las naciones Unidas.<\/span><\/p>\n<\/p>\n<p><span class=\"text1noticias\">China est\u00e1 comprometida a salvaguardar el r\u00e9gimen internacional teniendo a la ONU como su centro y a defender los prop\u00f3sitos y principios de la Carta de la Organizaci\u00f3n, dijo Li.<\/span><\/p>\n<\/p>\n<p><span class=\"text1noticias\">Expuso que Beijing promover\u00e1 activamente la soluci\u00f3n de disputas a trav\u00e9s de un di\u00e1logo pac\u00edfico y de la negociaci\u00f3n, participar\u00e1 en la cooperaci\u00f3n internacional para enfrentar el cambio clim\u00e1tico y otros desaf\u00edos globales y contribuir\u00e1 a la paz y al desarrollo del mundo.<\/span><\/p>\n<\/p>\n<p><span class=\"text1noticias\">Adem\u00e1s subray\u00f3 que China apoya con firmeza el trabajo de la Organizaci\u00f3n, salvaguarda la autoridad de la misma e integrar\u00e1 su propia estrategia de desarrollo con la Agenda 2030 de la ONU para el Desarrollo Sostenible.<\/span><\/p>\n<\/p>\n<p><span class=\"text1noticias\">Ban, por su parte, expres\u00f3 su solidaridad hacia Li por las inundaciones ocurridas en el sur de China y manifest\u00f3 su confianza en que el pueblo chino superar\u00e1 el desastre bajo el fuerte liderazgo de esta Administraci\u00f3n.<\/span><\/p>\n<\/p>\n<p><span class=\"text1noticias\">La ONU aprecia la contribuci\u00f3n de China para prevenir y mitigar desastres en todo el mundo y espera que Beijing pueda cumplir su importante papel en el logro de la Agenda 2030 de Desarrollo Sostenible, y para hacer frente al cambio clim\u00e1tico.<\/span><\/p>\n<\/p>\n<p><span class=\"text1noticias\">Ban, quien arrib\u00f3 a esta capital el 6 de julio y concluye su estancia ma\u00f1ana, tiene incluido en su agenda visitar adem\u00e1s las ciudades de Hangzhou y Suzhou en el sur del pa\u00eds.<\/span><\/p>\n<h6> 2016-07-09 14:33:08 <\/h6>\n<p><!--\n<link rel=\"stylesheet\" href=\"css\/bootstrap.min.css\">\n\n\n<ul class=\"pagination\">\n\t    \n\t\n\n<li >\n\t<a href='?page_no=19086'>Previous<\/a>\n\t<\/li>\n\n\n       \n    \n\n<li><a href='?page_no=1'>1<\/a><\/li>\n\n\n\n<li><a href='?page_no=2'>2<\/a><\/li>\n\n\n\n<li><a>...<\/a><\/li>\n\n\n\n<li><a href='?page_no=19085'>19085<\/a><\/li>\n\n\n\n<li><a href='?page_no=19086'>19086<\/a><\/li>\n\n\n\n<li class='active'><a>19087<\/a><\/li>\n\n\n\n<li><a href='?page_no=19088'>19088<\/a><\/li>\n\n\n\n<li><a href='?page_no=19089'>19089<\/a><\/li>\n\n\n\n<li><a>...<\/a><\/li>\n\n\n\n<li><a href='?page_no=51012'>51012<\/a><\/li>\n\n\n\n<li><a href='?page_no=51013'>51013<\/a><\/li>\n\n    \n\t\n\n<li >\n\t<a href='?page_no=19088'>Next<\/a>\n\t<\/li>\n\n\n    \n\n<li><a href='?page_no=51013'>Last &rsaquo;&rsaquo;<\/a><\/li>\n\n<\/ul>\n\n\n--><br \/>\n<\/body><\/p>\n","protected":false},"excerpt":{"rendered":"<p>Beijing, 9 jul (PL) El primer ministro de China, Li Keqiang, elogi\u00f3 la contribuci\u00f3n del secretario general de la ONU, Ban Ki-moon, de visita hoy aqu\u00ed, al incremento de los nexos entre esa organizaci\u00f3n y este pa\u00eds. Al reunirse en esta capital con Ban, Li expres\u00f3 el total apoyo de su Gobierno al trabajo de [&hellip;]<\/p>\n","protected":false},"author":3,"featured_media":0,"comment_status":"open","ping_status":"open","sticky":false,"template":"","format":"standard","meta":{"footnotes":""},"categories":[23],"tags":[],"class_list":["post-249442","post","type-post","status-publish","format-standard","hentry","category-internacional"],"_links":{"self":[{"href":"https:\/\/diariodominicano.com\/index.php?rest_route=\/wp\/v2\/posts\/249442","targetHints":{"allow":["GET"]}}],"collection":[{"href":"https:\/\/diariodominicano.com\/index.php?rest_route=\/wp\/v2\/posts"}],"about":[{"href":"https:\/\/diariodominicano.com\/index.php?rest_route=\/wp\/v2\/types\/post"}],"author":[{"embeddable":true,"href":"https:\/\/diariodominicano.com\/index.php?rest_route=\/wp\/v2\/users\/3"}],"replies":[{"embeddable":true,"href":"https:\/\/diariodominicano.com\/index.php?rest_route=%2Fwp%2Fv2%2Fcomments&post=249442"}],"version-history":[{"count":0,"href":"https:\/\/diariodominicano.com\/index.php?rest_route=\/wp\/v2\/posts\/249442\/revisions"}],"wp:attachment":[{"href":"https:\/\/diariodominicano.com\/index.php?rest_route=%2Fwp%2Fv2%2Fmedia&parent=249442"}],"wp:term":[{"taxonomy":"category","embeddable":true,"href":"https:\/\/diariodominicano.com\/index.php?rest_route=%2Fwp%2Fv2%2Fcategories&post=249442"},{"taxonomy":"post_tag","embeddable":true,"href":"https:\/\/diariodominicano.com\/index.php?rest_route=%2Fwp%2Fv2%2Ftags&post=249442"}],"curies":[{"name":"wp","href":"https:\/\/api.w.org\/{rel}","templated":true}]}}