{"id":249441,"date":"2016-07-09T14:37:35","date_gmt":"2016-07-09T14:37:35","guid":{"rendered":"http:\/\/diariodominicano.ddns.net\/?p=249441"},"modified":"2016-07-09T14:37:35","modified_gmt":"2016-07-09T14:37:35","slug":"otro-afroamericano-muerto-a-tiros-a-manos-de-policias-de-houston","status":"publish","type":"post","link":"https:\/\/diariodominicano.com\/?p=249441","title":{"rendered":"&#13;Otro afroamericano muerto a tiros a manos de polic\u00edas de Houston"},"content":{"rendered":"<p><body><\/p>\n<\/p>\n<p>Washington, 9 jul (PL) Dos polic\u00edas de la ciudad de Houston, Texas, provocaron hoy la muerte a tiros de un hombre afroamericano que supuestamente les apuntaba con un arma en medio de la calle, report\u00f3 el canal local de televisi\u00f3n ABC-13.<\/p>\n<\/p>\n<p>Seg\u00fan el reporte policial, los vigilantes detectaron a un hombre negro, no identificado, que estaba armado en plena calle, y cuando lo conminaron a que abandonara el arma, apunt\u00f3 contra los oficiales, quienes dispararon repetidas veces hasta provocarle la muerte.<\/p>\n<\/p>\n<p>El incidente ocurri\u00f3 cerca de la 01:00 (hora local) y no se han aportado m\u00e1s detalles hasta el momento.<\/p>\n<\/p>\n<p>Este es el tercer afroamericano que pierde la vida a manos de la polic\u00eda estadounidense en menos de una semana, despu\u00e9s que se reportaran las muertes de Alton Sterling, en Luisiana, el martes 5 de julio, y de Philanto Castile, fallecido un d\u00eda despu\u00e9s en Minnesota<\/p>\n<h6> 2016-07-09 14:37:35 <\/h6>\n<p><!--\n<link rel=\"stylesheet\" href=\"css\/bootstrap.min.css\">\n\n\n<ul class=\"pagination\">\n\t    \n\t\n\n<li >\n\t<a href='?page_no=19085'>Previous<\/a>\n\t<\/li>\n\n\n       \n    \n\n<li><a href='?page_no=1'>1<\/a><\/li>\n\n\n\n<li><a href='?page_no=2'>2<\/a><\/li>\n\n\n\n<li><a>...<\/a><\/li>\n\n\n\n<li><a href='?page_no=19084'>19084<\/a><\/li>\n\n\n\n<li><a href='?page_no=19085'>19085<\/a><\/li>\n\n\n\n<li class='active'><a>19086<\/a><\/li>\n\n\n\n<li><a href='?page_no=19087'>19087<\/a><\/li>\n\n\n\n<li><a href='?page_no=19088'>19088<\/a><\/li>\n\n\n\n<li><a>...<\/a><\/li>\n\n\n\n<li><a href='?page_no=51012'>51012<\/a><\/li>\n\n\n\n<li><a href='?page_no=51013'>51013<\/a><\/li>\n\n    \n\t\n\n<li >\n\t<a href='?page_no=19087'>Next<\/a>\n\t<\/li>\n\n\n    \n\n<li><a href='?page_no=51013'>Last &rsaquo;&rsaquo;<\/a><\/li>\n\n<\/ul>\n\n\n--><br \/>\n<\/body><\/p>\n","protected":false},"excerpt":{"rendered":"<p>Washington, 9 jul (PL) Dos polic\u00edas de la ciudad de Houston, Texas, provocaron hoy la muerte a tiros de un hombre afroamericano que supuestamente les apuntaba con un arma en medio de la calle, report\u00f3 el canal local de televisi\u00f3n ABC-13. Seg\u00fan el reporte policial, los vigilantes detectaron a un hombre negro, no identificado, que [&hellip;]<\/p>\n","protected":false},"author":3,"featured_media":0,"comment_status":"open","ping_status":"open","sticky":false,"template":"","format":"standard","meta":{"footnotes":""},"categories":[23],"tags":[],"class_list":["post-249441","post","type-post","status-publish","format-standard","hentry","category-internacional"],"_links":{"self":[{"href":"https:\/\/diariodominicano.com\/index.php?rest_route=\/wp\/v2\/posts\/249441","targetHints":{"allow":["GET"]}}],"collection":[{"href":"https:\/\/diariodominicano.com\/index.php?rest_route=\/wp\/v2\/posts"}],"about":[{"href":"https:\/\/diariodominicano.com\/index.php?rest_route=\/wp\/v2\/types\/post"}],"author":[{"embeddable":true,"href":"https:\/\/diariodominicano.com\/index.php?rest_route=\/wp\/v2\/users\/3"}],"replies":[{"embeddable":true,"href":"https:\/\/diariodominicano.com\/index.php?rest_route=%2Fwp%2Fv2%2Fcomments&post=249441"}],"version-history":[{"count":0,"href":"https:\/\/diariodominicano.com\/index.php?rest_route=\/wp\/v2\/posts\/249441\/revisions"}],"wp:attachment":[{"href":"https:\/\/diariodominicano.com\/index.php?rest_route=%2Fwp%2Fv2%2Fmedia&parent=249441"}],"wp:term":[{"taxonomy":"category","embeddable":true,"href":"https:\/\/diariodominicano.com\/index.php?rest_route=%2Fwp%2Fv2%2Fcategories&post=249441"},{"taxonomy":"post_tag","embeddable":true,"href":"https:\/\/diariodominicano.com\/index.php?rest_route=%2Fwp%2Fv2%2Ftags&post=249441"}],"curies":[{"name":"wp","href":"https:\/\/api.w.org\/{rel}","templated":true}]}}