{"id":249440,"date":"2016-07-09T15:23:29","date_gmt":"2016-07-09T15:23:29","guid":{"rendered":"http:\/\/diariodominicano.ddns.net\/?p=249440"},"modified":"2016-07-09T15:23:29","modified_gmt":"2016-07-09T15:23:29","slug":"cientos-de-hondurenos-asisten-a-sepelio-de-asesinada-ambientalista","status":"publish","type":"post","link":"https:\/\/diariodominicano.com\/?p=249440","title":{"rendered":"&#13;Cientos de hondure\u00f1os asisten a sepelio de asesinada ambientalista"},"content":{"rendered":"<p><body><\/p>\n<p><img decoding=\"async\" src=\"img3\/hon-sepelio.jpg\" \/>  <\/p>\n<p><span class=\"text1noticias\">  <\/span><\/p>\n<p><span class=\"text1noticias\">Tegucigalpa, 9 jul (PL) Cientos de hondure\u00f1os acompa\u00f1aron el entierro de la ambientalista Lesbia Yaneth Urqu\u00eda, asesinada en el central departamento de La Paz el pasado mi\u00e9rcoles, difundieron hoy medios de prensa de este pa\u00eds centroamericano.<\/span><\/p>\n<\/p>\n<p><span class=\"text1noticias\">Seg\u00fan el Heraldo, esas personas dieron su \u00faltimo adi\u00f3s a la destacada activista, integrante del Consejo C\u00edvico de Organizaciones Populares e Ind\u00edgenas de Honduras (Copinh), tras una misa en un templo cat\u00f3lico.<\/span><\/p>\n<\/p>\n<p><span class=\"text1noticias\">Integrantes del Copinh exigieron al gobierno y las autoridades de este territorio, que investiguen con prontitud el crimen contra Urqu\u00eda, quien se opon\u00eda a la privatizaci\u00f3n de los proyectos de energ\u00eda en La Paz.<\/span><\/p>\n<\/p>\n<p><span class=\"text1noticias\">Tambi\u00e9n demandaron al Ejecutivo que cesen los cr\u00edmenes contra los activistas que defienden los derechos de las comunidades.<\/span><\/p>\n<\/p>\n<p><span class=\"text1noticias\">Luego de que se encontrara el cuerpo de Urqu\u00eda, autoridades policiales informaron que la v\u00edctima presentaba un trauma enc\u00e9falo craneal abierto, provocado por un objeto cortante.<\/span><\/p>\n<\/p>\n<p><span class=\"text1noticias\">El asesinato de la activista social ocurre a poco m\u00e1s de cuatro meses de que sicarios ultimaran en el occidental departamento de Intibuc\u00e1 a la Coordinadora general del Copinh y defensora de los derechos de los pueblos ind\u00edgenas, Berta C\u00e1ceres.<\/span><\/p>\n<\/p>\n<p><span class=\"text1noticias\">La defensora de derechos humanos se opon\u00eda a la construcci\u00f3n en el occidente hondure\u00f1o de un proyecto hidroel\u00e9ctrico que afectaba al medio ambiente y a poblaciones de la demarcaci\u00f3n.<\/span><\/p>\n<\/p>\n<p><span class=\"text1noticias\">Tras un fuerte rechazo popular a escala internacional por el asesinato de Berta C\u00e1ceres, las autoridades hondure\u00f1as capturaron y mantienen en prisi\u00f3n preventiva a cinco presuntos implicados en su muerte.<\/span><\/p>\n<\/p>\n<h6> 2016-07-09 15:23:29 <\/h6>\n<p><!--\n<link rel=\"stylesheet\" href=\"css\/bootstrap.min.css\">\n\n\n<ul class=\"pagination\">\n\t    \n\t\n\n<li >\n\t<a href='?page_no=19084'>Previous<\/a>\n\t<\/li>\n\n\n       \n    \n\n<li><a href='?page_no=1'>1<\/a><\/li>\n\n\n\n<li><a href='?page_no=2'>2<\/a><\/li>\n\n\n\n<li><a>...<\/a><\/li>\n\n\n\n<li><a href='?page_no=19083'>19083<\/a><\/li>\n\n\n\n<li><a href='?page_no=19084'>19084<\/a><\/li>\n\n\n\n<li class='active'><a>19085<\/a><\/li>\n\n\n\n<li><a href='?page_no=19086'>19086<\/a><\/li>\n\n\n\n<li><a href='?page_no=19087'>19087<\/a><\/li>\n\n\n\n<li><a>...<\/a><\/li>\n\n\n\n<li><a href='?page_no=51012'>51012<\/a><\/li>\n\n\n\n<li><a href='?page_no=51013'>51013<\/a><\/li>\n\n    \n\t\n\n<li >\n\t<a href='?page_no=19086'>Next<\/a>\n\t<\/li>\n\n\n    \n\n<li><a href='?page_no=51013'>Last &rsaquo;&rsaquo;<\/a><\/li>\n\n<\/ul>\n\n\n--><br \/>\n<\/body><\/p>\n","protected":false},"excerpt":{"rendered":"<p>Tegucigalpa, 9 jul (PL) Cientos de hondure\u00f1os acompa\u00f1aron el entierro de la ambientalista Lesbia Yaneth Urqu\u00eda, asesinada en el central departamento de La Paz el pasado mi\u00e9rcoles, difundieron hoy medios de prensa de este pa\u00eds centroamericano. Seg\u00fan el Heraldo, esas personas dieron su \u00faltimo adi\u00f3s a la destacada activista, integrante del Consejo C\u00edvico de Organizaciones [&hellip;]<\/p>\n","protected":false},"author":3,"featured_media":0,"comment_status":"open","ping_status":"open","sticky":false,"template":"","format":"standard","meta":{"footnotes":""},"categories":[23],"tags":[],"class_list":["post-249440","post","type-post","status-publish","format-standard","hentry","category-internacional"],"_links":{"self":[{"href":"https:\/\/diariodominicano.com\/index.php?rest_route=\/wp\/v2\/posts\/249440","targetHints":{"allow":["GET"]}}],"collection":[{"href":"https:\/\/diariodominicano.com\/index.php?rest_route=\/wp\/v2\/posts"}],"about":[{"href":"https:\/\/diariodominicano.com\/index.php?rest_route=\/wp\/v2\/types\/post"}],"author":[{"embeddable":true,"href":"https:\/\/diariodominicano.com\/index.php?rest_route=\/wp\/v2\/users\/3"}],"replies":[{"embeddable":true,"href":"https:\/\/diariodominicano.com\/index.php?rest_route=%2Fwp%2Fv2%2Fcomments&post=249440"}],"version-history":[{"count":0,"href":"https:\/\/diariodominicano.com\/index.php?rest_route=\/wp\/v2\/posts\/249440\/revisions"}],"wp:attachment":[{"href":"https:\/\/diariodominicano.com\/index.php?rest_route=%2Fwp%2Fv2%2Fmedia&parent=249440"}],"wp:term":[{"taxonomy":"category","embeddable":true,"href":"https:\/\/diariodominicano.com\/index.php?rest_route=%2Fwp%2Fv2%2Fcategories&post=249440"},{"taxonomy":"post_tag","embeddable":true,"href":"https:\/\/diariodominicano.com\/index.php?rest_route=%2Fwp%2Fv2%2Ftags&post=249440"}],"curies":[{"name":"wp","href":"https:\/\/api.w.org\/{rel}","templated":true}]}}