{"id":249439,"date":"2016-07-09T15:28:59","date_gmt":"2016-07-09T15:28:59","guid":{"rendered":"http:\/\/diariodominicano.ddns.net\/?p=249439"},"modified":"2016-07-09T15:28:59","modified_gmt":"2016-07-09T15:28:59","slug":"policia-de-ee-uu-mata-a-509-personas-en-lo-que-va-de-2016","status":"publish","type":"post","link":"https:\/\/diariodominicano.com\/?p=249439","title":{"rendered":"&#13;&#13;&#13;Polic\u00eda de EE.UU mata a 509 personas en lo que va de 2016"},"content":{"rendered":"<p><body><\/p>\n<p> Washington, 9 jul (PL) La polic\u00eda en Estados Unidos provoc\u00f3 509 muertes por disparos en lo que va de 2016, de ellos 238 blancos (47 por ciento) y 123 negros (24 por ciento), seg\u00fan un informe publicado hoy por The Washington Post.<\/p>\n<\/p>\n<p>El material destaca que entre las v\u00edctimas reportadas, 124 personas padec\u00edan de enfermedades mentales, y de la cifra total de muertos a causa de la fuerza p\u00fablica, 484 eran hombres y 25 mujeres.<\/p>\n<\/p>\n<p>El peri\u00f3dico estructur\u00f3 el informe a partir de una base de datos, notas informativas, medios sociales y otras fuentes consultadas.<\/p>\n<\/p>\n<p>De todos los fallecidos a consecuencia de disparos efectuados por agentes del orden en lo que va de a\u00f1o, 79 eran de origen hispano (16 por ciento), 23 de otras razas y procedencias (cinco por ciento) y 46 de procedencia no determinada.<\/p>\n<\/p>\n<p>El siete por ciento de los fallecidos (35) fueron baleados por la polic\u00eda estando desarmados.<\/p>\n<\/p>\n<p>Tambi\u00e9n destaca que 204 de las muertes se produjeron en personas de 30 a 44 a\u00f1os (40 por ciento), y 165 en ciudadanos que sus edades oscilaban entre los 18 y los 29 a\u00f1os.<\/p>\n<h6> 2016-07-09 15:28:59 <\/h6>\n<p><!--\n<link rel=\"stylesheet\" href=\"css\/bootstrap.min.css\">\n\n\n<ul class=\"pagination\">\n\t    \n\t\n\n<li >\n\t<a href='?page_no=19083'>Previous<\/a>\n\t<\/li>\n\n\n       \n    \n\n<li><a href='?page_no=1'>1<\/a><\/li>\n\n\n\n<li><a href='?page_no=2'>2<\/a><\/li>\n\n\n\n<li><a>...<\/a><\/li>\n\n\n\n<li><a href='?page_no=19082'>19082<\/a><\/li>\n\n\n\n<li><a href='?page_no=19083'>19083<\/a><\/li>\n\n\n\n<li class='active'><a>19084<\/a><\/li>\n\n\n\n<li><a href='?page_no=19085'>19085<\/a><\/li>\n\n\n\n<li><a href='?page_no=19086'>19086<\/a><\/li>\n\n\n\n<li><a>...<\/a><\/li>\n\n\n\n<li><a href='?page_no=51012'>51012<\/a><\/li>\n\n\n\n<li><a href='?page_no=51013'>51013<\/a><\/li>\n\n    \n\t\n\n<li >\n\t<a href='?page_no=19085'>Next<\/a>\n\t<\/li>\n\n\n    \n\n<li><a href='?page_no=51013'>Last &rsaquo;&rsaquo;<\/a><\/li>\n\n<\/ul>\n\n\n--><br \/>\n<\/body><\/p>\n","protected":false},"excerpt":{"rendered":"<p>Washington, 9 jul (PL) La polic\u00eda en Estados Unidos provoc\u00f3 509 muertes por disparos en lo que va de 2016, de ellos 238 blancos (47 por ciento) y 123 negros (24 por ciento), seg\u00fan un informe publicado hoy por The Washington Post. El material destaca que entre las v\u00edctimas reportadas, 124 personas padec\u00edan de enfermedades [&hellip;]<\/p>\n","protected":false},"author":3,"featured_media":0,"comment_status":"open","ping_status":"open","sticky":false,"template":"","format":"standard","meta":{"footnotes":""},"categories":[23],"tags":[],"class_list":["post-249439","post","type-post","status-publish","format-standard","hentry","category-internacional"],"_links":{"self":[{"href":"https:\/\/diariodominicano.com\/index.php?rest_route=\/wp\/v2\/posts\/249439","targetHints":{"allow":["GET"]}}],"collection":[{"href":"https:\/\/diariodominicano.com\/index.php?rest_route=\/wp\/v2\/posts"}],"about":[{"href":"https:\/\/diariodominicano.com\/index.php?rest_route=\/wp\/v2\/types\/post"}],"author":[{"embeddable":true,"href":"https:\/\/diariodominicano.com\/index.php?rest_route=\/wp\/v2\/users\/3"}],"replies":[{"embeddable":true,"href":"https:\/\/diariodominicano.com\/index.php?rest_route=%2Fwp%2Fv2%2Fcomments&post=249439"}],"version-history":[{"count":0,"href":"https:\/\/diariodominicano.com\/index.php?rest_route=\/wp\/v2\/posts\/249439\/revisions"}],"wp:attachment":[{"href":"https:\/\/diariodominicano.com\/index.php?rest_route=%2Fwp%2Fv2%2Fmedia&parent=249439"}],"wp:term":[{"taxonomy":"category","embeddable":true,"href":"https:\/\/diariodominicano.com\/index.php?rest_route=%2Fwp%2Fv2%2Fcategories&post=249439"},{"taxonomy":"post_tag","embeddable":true,"href":"https:\/\/diariodominicano.com\/index.php?rest_route=%2Fwp%2Fv2%2Ftags&post=249439"}],"curies":[{"name":"wp","href":"https:\/\/api.w.org\/{rel}","templated":true}]}}