{"id":249438,"date":"2016-07-09T15:36:50","date_gmt":"2016-07-09T15:36:50","guid":{"rendered":"http:\/\/diariodominicano.ddns.net\/?p=249438"},"modified":"2016-07-09T15:36:50","modified_gmt":"2016-07-09T15:36:50","slug":"refuta-iran-cuestionamientos-de-alemania-y-onu-a-programa-de-misiles","status":"publish","type":"post","link":"https:\/\/diariodominicano.com\/?p=249438","title":{"rendered":"&#13;Refuta Ir\u00e1n cuestionamientos de Alemania y ONU a programa de misiles"},"content":{"rendered":"<p><body><\/p>\n<p><img decoding=\"async\" src=\"img3\/iran.jpg\" \/>  <\/p>\n<\/p>\n<p>El ministerio de Relaciones Exteriores subray\u00f3 que la rep\u00fablica isl\u00e1mica \u00abha anunciado repetidamente que su programa de misiles es completamente defensivo y bajo ning\u00fan concepto dise\u00f1ado para portar ojivas nucleares, de ah\u00ed que no viole la resoluci\u00f3n 2231 del Consejo de Seguridad\u00bb.<\/p>\n<\/p>\n<p>La nota de la canciller\u00eda a\u00f1adi\u00f3 que la actividad con los proyectiles bal\u00edsticos tampoco est\u00e1 relacionada con el Plan de Acci\u00f3n Conjunta Integral (PACI), nombre oficial del acuerdo nuclear firmado el 14 de julio de 2015 en Viena por Teher\u00e1n y seis potencias mundiales.<\/p>\n<\/p>\n<p>En ese sentido, el portavoz del ministerio iran\u00ed de Exteriores, Bahram Qasemi, remarc\u00f3 que la naci\u00f3n persa \u00abcontinuar\u00e1 firmemente su programa de misiles basado en la doctrina defensiva y acorde con sus consideraciones de seguridad nacional\u00bb.<\/p>\n<\/p>\n<p>Insisti\u00f3 en que las declaraciones de Merkel el 7 de julio ante el Bundestag (parlamento germano) relativas a que Ir\u00e1n viol\u00f3 regulaciones anti-misiles del Consejo de Seguridad (CS) de las Naciones Unidas \u00abno tendr\u00e1n impacto en el leg\u00edtimo programa iran\u00ed\u00bb en ese \u00e1mbito.<\/p>\n<\/p>\n<p>Ayer, un diplom\u00e1tico del ministerio de Relaciones Exteriores local tambi\u00e9n recomend\u00f3 al titular de la ONU evitar involucrarse en la publicidad sobre los misiles iran\u00edes en su informe semestral sobre el PACI al CS.<\/p>\n<\/p>\n<p>El pronunciamiento del funcionario iran\u00ed fue la respuesta a informaciones de un medio brit\u00e1nico que asegur\u00f3 que Ban Ki-moon incluy\u00f3 el asunto de los misiles en su referido reporte, aunque expres\u00f3 su esperanza de que tales noticias fueran inciertas.<\/p>\n<\/p>\n<p>Ban y sus colegas no estuvieron presentes en las negociaciones nucleares y no poseen todos los detalles del contexto del acuerdo, opin\u00f3 la fuente citada por la agencia IRNA al a\u00f1adir que esperaba que el secretario general \u00abno emita sus propias interpretaciones\u00bb sobre el pacto at\u00f3mico de hace un a\u00f1o.<\/p>\n<\/p>\n<p>Admiti\u00f3, incluso, que el jefe de la ONU \u00abpodr\u00eda estar presionado por uno o varios miembros del CS\u00bb, pero Teher\u00e1n espera de \u00e9l que \u00abse avenga a su capacidad y brinde un informe realista y justo acerca del fracaso de Estados Unidos para implementar el PACI\u00bb.<\/p>\n<\/p>\n<p>Una prueba del incumplimiento de Washington respecto al acuerdo nuclear es la negativa del Departamento del Tesoro a autorizar el canje en l\u00ednea de d\u00f3lar a euros en el comercio iran\u00ed con el resto del mundo, ejemplific\u00f3.<\/p>\n<h6> 2016-07-09 15:36:50 <\/h6>\n<p><!--\n<link rel=\"stylesheet\" href=\"css\/bootstrap.min.css\">\n\n\n<ul class=\"pagination\">\n\t    \n\t\n\n<li >\n\t<a href='?page_no=19082'>Previous<\/a>\n\t<\/li>\n\n\n       \n    \n\n<li><a href='?page_no=1'>1<\/a><\/li>\n\n\n\n<li><a href='?page_no=2'>2<\/a><\/li>\n\n\n\n<li><a>...<\/a><\/li>\n\n\n\n<li><a href='?page_no=19081'>19081<\/a><\/li>\n\n\n\n<li><a href='?page_no=19082'>19082<\/a><\/li>\n\n\n\n<li class='active'><a>19083<\/a><\/li>\n\n\n\n<li><a href='?page_no=19084'>19084<\/a><\/li>\n\n\n\n<li><a href='?page_no=19085'>19085<\/a><\/li>\n\n\n\n<li><a>...<\/a><\/li>\n\n\n\n<li><a href='?page_no=51012'>51012<\/a><\/li>\n\n\n\n<li><a href='?page_no=51013'>51013<\/a><\/li>\n\n    \n\t\n\n<li >\n\t<a href='?page_no=19084'>Next<\/a>\n\t<\/li>\n\n\n    \n\n<li><a href='?page_no=51013'>Last &rsaquo;&rsaquo;<\/a><\/li>\n\n<\/ul>\n\n\n--><br \/>\n<\/body><\/p>\n","protected":false},"excerpt":{"rendered":"<p>El ministerio de Relaciones Exteriores subray\u00f3 que la rep\u00fablica isl\u00e1mica \u00abha anunciado repetidamente que su programa de misiles es completamente defensivo y bajo ning\u00fan concepto dise\u00f1ado para portar ojivas nucleares, de ah\u00ed que no viole la resoluci\u00f3n 2231 del Consejo de Seguridad\u00bb. La nota de la canciller\u00eda a\u00f1adi\u00f3 que la actividad con los proyectiles bal\u00edsticos [&hellip;]<\/p>\n","protected":false},"author":3,"featured_media":0,"comment_status":"open","ping_status":"open","sticky":false,"template":"","format":"standard","meta":{"footnotes":""},"categories":[23],"tags":[],"class_list":["post-249438","post","type-post","status-publish","format-standard","hentry","category-internacional"],"_links":{"self":[{"href":"https:\/\/diariodominicano.com\/index.php?rest_route=\/wp\/v2\/posts\/249438","targetHints":{"allow":["GET"]}}],"collection":[{"href":"https:\/\/diariodominicano.com\/index.php?rest_route=\/wp\/v2\/posts"}],"about":[{"href":"https:\/\/diariodominicano.com\/index.php?rest_route=\/wp\/v2\/types\/post"}],"author":[{"embeddable":true,"href":"https:\/\/diariodominicano.com\/index.php?rest_route=\/wp\/v2\/users\/3"}],"replies":[{"embeddable":true,"href":"https:\/\/diariodominicano.com\/index.php?rest_route=%2Fwp%2Fv2%2Fcomments&post=249438"}],"version-history":[{"count":0,"href":"https:\/\/diariodominicano.com\/index.php?rest_route=\/wp\/v2\/posts\/249438\/revisions"}],"wp:attachment":[{"href":"https:\/\/diariodominicano.com\/index.php?rest_route=%2Fwp%2Fv2%2Fmedia&parent=249438"}],"wp:term":[{"taxonomy":"category","embeddable":true,"href":"https:\/\/diariodominicano.com\/index.php?rest_route=%2Fwp%2Fv2%2Fcategories&post=249438"},{"taxonomy":"post_tag","embeddable":true,"href":"https:\/\/diariodominicano.com\/index.php?rest_route=%2Fwp%2Fv2%2Ftags&post=249438"}],"curies":[{"name":"wp","href":"https:\/\/api.w.org\/{rel}","templated":true}]}}