{"id":249437,"date":"2016-07-09T16:48:13","date_gmt":"2016-07-09T16:48:13","guid":{"rendered":"http:\/\/diariodominicano.ddns.net\/?p=249437"},"modified":"2016-07-09T16:48:13","modified_gmt":"2016-07-09T16:48:13","slug":"venezolanos-podran-cruzar-frontera-con-colombia-por-12-horas-para-abastecerse","status":"publish","type":"post","link":"https:\/\/diariodominicano.com\/?p=249437","title":{"rendered":"&#13;&#13;Venezolanos podr\u00e1n cruzar frontera con Colombia por 12 horas para abastecerse"},"content":{"rendered":"<p><body><\/p>\n<p><img decoding=\"async\" src=\"img3\/nicolas-maduro-presidente-venezuela-patuka.jpg\" \/>  <\/p>\n<\/p>\n<p><span class=\"text1noticias\">CARACAS, 9 Julio, Los venezolanos residentes en la frontera con Colombia podr\u00e1n cruzar este domingo al pa\u00eds vecino para abastecerse de alimentos, tras una autorizaci\u00f3n dada por el presidente Nicol\u00e1s Maduro, que orden\u00f3 su cierre el a\u00f1o pasado.<\/span><\/p>\n<\/p>\n<p><span class=\"text1noticias\">Un paso peatonal ser\u00e1 abierto por 12 horas entre los puentes internacionales Sim\u00f3n Bol\u00edvar (Venezuela) y Francisco de Paula Santander (Colombia), luego de que el pasado martes unas 500 mujeres cruzaran por la fuerza para adquirir comida y productos b\u00e1sicos en la ciudad de C\u00facuta.<\/span><\/p>\n<\/p>\n<p><span class=\"text1noticias\">Maduro \u00aborden\u00f3 que no quiere ning\u00fan herido, ning\u00fan muerto, no quiere show (&#8230;) y si est\u00e1n decididas estas mujeres a ir otra vez el domingo, se re\u00fanen, pasan a Colombia, compran all\u00e1 y se regresan\u00bb, dijo en entrevista radial el gobernador del fronterizo estado T\u00e1chira (oeste), Jos\u00e9 Vielma Mora.<\/span><\/p>\n<\/p>\n<p><span class=\"text1noticias\">Venezuela trabaja para \u00abque se den (las) condiciones necesarias y se reabra\u00bb definitivamente la frontera, de 2.200 km, se\u00f1al\u00f3 el funcionario este s\u00e1bado en Twitter.<\/span><\/p>\n<\/p>\n<p><span class=\"text1noticias\">El gobernador oficialista asegur\u00f3 que el presidente colombiano, Juan Manuel Santos, \u00abreconoce\u00bb que la medida tomada por Maduro en agosto de 2015 \u00abha generado mayor seguridad\u00bb.<\/span><\/p>\n<\/p>\n<p><span class=\"text1noticias\">Sin embargo, la oposici\u00f3n denuncia que el cierre ha agravado la escasez de alimentos y medicinas en la zona. La semana pasada, los ministros de Defensa de Colombia, Luis Carlos Villegas, y Venezuela, Vladimir Padrino, reanudaron conversaciones sobre seguridad en el \u00e1rea lim\u00edtrofe, con la posibilidad de restablecer el paso. (AFP)<\/span><\/p>\n<h6> 2016-07-09 16:48:13 <\/h6>\n<p><!--\n<link rel=\"stylesheet\" href=\"css\/bootstrap.min.css\">\n\n\n<ul class=\"pagination\">\n\t    \n\t\n\n<li >\n\t<a href='?page_no=19081'>Previous<\/a>\n\t<\/li>\n\n\n       \n    \n\n<li><a href='?page_no=1'>1<\/a><\/li>\n\n\n\n<li><a href='?page_no=2'>2<\/a><\/li>\n\n\n\n<li><a>...<\/a><\/li>\n\n\n\n<li><a href='?page_no=19080'>19080<\/a><\/li>\n\n\n\n<li><a href='?page_no=19081'>19081<\/a><\/li>\n\n\n\n<li class='active'><a>19082<\/a><\/li>\n\n\n\n<li><a href='?page_no=19083'>19083<\/a><\/li>\n\n\n\n<li><a href='?page_no=19084'>19084<\/a><\/li>\n\n\n\n<li><a>...<\/a><\/li>\n\n\n\n<li><a href='?page_no=51012'>51012<\/a><\/li>\n\n\n\n<li><a href='?page_no=51013'>51013<\/a><\/li>\n\n    \n\t\n\n<li >\n\t<a href='?page_no=19083'>Next<\/a>\n\t<\/li>\n\n\n    \n\n<li><a href='?page_no=51013'>Last &rsaquo;&rsaquo;<\/a><\/li>\n\n<\/ul>\n\n\n--><br \/>\n<\/body><\/p>\n","protected":false},"excerpt":{"rendered":"<p>CARACAS, 9 Julio, Los venezolanos residentes en la frontera con Colombia podr\u00e1n cruzar este domingo al pa\u00eds vecino para abastecerse de alimentos, tras una autorizaci\u00f3n dada por el presidente Nicol\u00e1s Maduro, que orden\u00f3 su cierre el a\u00f1o pasado. Un paso peatonal ser\u00e1 abierto por 12 horas entre los puentes internacionales Sim\u00f3n Bol\u00edvar (Venezuela) y Francisco [&hellip;]<\/p>\n","protected":false},"author":3,"featured_media":0,"comment_status":"open","ping_status":"open","sticky":false,"template":"","format":"standard","meta":{"footnotes":""},"categories":[23],"tags":[],"class_list":["post-249437","post","type-post","status-publish","format-standard","hentry","category-internacional"],"_links":{"self":[{"href":"https:\/\/diariodominicano.com\/index.php?rest_route=\/wp\/v2\/posts\/249437","targetHints":{"allow":["GET"]}}],"collection":[{"href":"https:\/\/diariodominicano.com\/index.php?rest_route=\/wp\/v2\/posts"}],"about":[{"href":"https:\/\/diariodominicano.com\/index.php?rest_route=\/wp\/v2\/types\/post"}],"author":[{"embeddable":true,"href":"https:\/\/diariodominicano.com\/index.php?rest_route=\/wp\/v2\/users\/3"}],"replies":[{"embeddable":true,"href":"https:\/\/diariodominicano.com\/index.php?rest_route=%2Fwp%2Fv2%2Fcomments&post=249437"}],"version-history":[{"count":0,"href":"https:\/\/diariodominicano.com\/index.php?rest_route=\/wp\/v2\/posts\/249437\/revisions"}],"wp:attachment":[{"href":"https:\/\/diariodominicano.com\/index.php?rest_route=%2Fwp%2Fv2%2Fmedia&parent=249437"}],"wp:term":[{"taxonomy":"category","embeddable":true,"href":"https:\/\/diariodominicano.com\/index.php?rest_route=%2Fwp%2Fv2%2Fcategories&post=249437"},{"taxonomy":"post_tag","embeddable":true,"href":"https:\/\/diariodominicano.com\/index.php?rest_route=%2Fwp%2Fv2%2Ftags&post=249437"}],"curies":[{"name":"wp","href":"https:\/\/api.w.org\/{rel}","templated":true}]}}