{"id":249435,"date":"2016-07-10T00:59:27","date_gmt":"2016-07-10T00:59:27","guid":{"rendered":"http:\/\/diariodominicano.ddns.net\/?p=249435"},"modified":"2016-07-10T00:59:27","modified_gmt":"2016-07-10T00:59:27","slug":"obama-llega-a-espana-en-una-corta-visita-opacada-por-los-tiroteos-en-dallas","status":"publish","type":"post","link":"https:\/\/diariodominicano.com\/?p=249435","title":{"rendered":"Obama llega a Espa\u00f1a en una corta visita opacada por los tiroteos en Dallas"},"content":{"rendered":"<p><body><\/p>\n<p><img decoding=\"async\" src=\"img3\/67b22da5ae2e03652f94c473568e6a80a5892dcc.jpg\" \/><br \/><img decoding=\"async\" src=\"img3\/c96c41c71b89e48ae400fcb37e06e00f0946f196.jpg\" \/><br \/><img decoding=\"async\" src=\"img3\/d9137a9b0401ab620b7931176530275d3be4a5c5.jpg\" \/>  <\/p>\n<\/p>\n<p>10 Jul 2016<\/p>\n<\/p>\n<p>AFP \/ Mandel Ngan<\/p>\n<p><strong>El rey Felipe VI de Espa\u00f1a (I) recibe al presidente de Estados Unidos, Barack Obama, a su llegada a la base de Torrej\u00f3n de Ardoz, cerca de Madrid, el 9 de julio de 2016<\/strong><\/p>\n<p>El presidente estadounidense, Barack Obama, inici\u00f3 el s\u00e1bado una corta visita oficial a Espa\u00f1a, en principio su \u00faltima escala en Europa antes de dejar la Casa Blanca, un viaje ensombrecido por los sangrientos tiroteos en Dallas.<\/p>\n<p>El avi\u00f3n presidencial aterriz\u00f3 en la base de Torrej\u00f3n de Ardoz, cerca de Madrid, pocos minutos antes de las 23h00 (21h00 GMT) procedente de Varsovia, donde el mandatario ha participado en la cumbre de la OTAN.<\/p>\n<p>Obama fue recibido por el rey Felipe VI, que hab\u00eda invitado personalmente al presidente estadounidense a visitar Espa\u00f1a durante un viaje oficial a Washington en 2015.<\/p>\n<p>Esta ser\u00e1 la \u00fanica visita oficial de Obama al pa\u00eds, y la primera de un mandatario estadounidense en quince a\u00f1os, desde que George W. Bush viaj\u00f3 a Madrid, en junio de 2001, para reunirse con el entonces presidente, Jos\u00e9 Mar\u00eda Aznar.<\/p>\n<p>El Gobierno espa\u00f1ol saliente anunci\u00f3 que la agenda de Obama, inicialmente de dos d\u00edas, se acortar\u00eda tras el tiroteo en Dallas durante una marcha antirracista en protesta por dos nuevos casos de muertes de ciudadanos negros a manos de la polic\u00eda, en el cual murieron cinco agentes de polic\u00eda.<\/p>\n<p>\u00abAunque la semana fue dolorosa, creo que Estados Unidos no est\u00e1 tan dividido como algunos sugieren\u00bb, dijo el mandatario estadounidense al t\u00e9rmino de la cumbre de la OTAN, y dese\u00f3 que su pa\u00eds sepa superar sus divisiones.<\/p>\n<\/p>\n<p>AFP \/ Pierre-Philippe Marcou<\/p>\n<p>El presidente estadounidense, Barack Obama (C), estrecha la mano del rey de Espa\u00f1a, Felipe VI, a su llegada a la base de Torrej\u00f3n de Ardoz, cerca de Madrid, el 9 de julio de 2016<\/p>\n<p>El mandatario no cancel\u00f3 completamente la visita a Espa\u00f1a, que se enmarca dentro de la \u00abla prioridad geoestrat\u00e9gica\u00bb que le confiere a Europa, sobre todo despu\u00e9s de \u00abla traum\u00e1tica votaci\u00f3n del Brexit [que] ha agudizado las dem\u00e1s crisis europeas: euro, refugiados, seguridad y auge de movimientos populistas y soberanistas\u00bb, se\u00f1al\u00f3 el profesor de derecho en la universidad Esade y especialista en relaciones transatl\u00e1nticas Jos\u00e9 M. de Areilza.<\/p>\n<p>Ya en una visita de los reyes de Espa\u00f1a a Washington en septiembre, el presidente estadounidense dijo que quer\u00eda una relaci\u00f3n con una Espa\u00f1a \u00abfuerte y unida\u00bb.<\/p>\n<p>Pero Obama llega a un pa\u00eds en tensi\u00f3n pol\u00edtica, en medio de un bloqueo que la mantiene sin gobierno desde hace m\u00e1s de 200 d\u00edas y ha llevado a las urnas a los espa\u00f1oles dos veces en seis meses.<\/p>\n<p>El presidente saliente, Mariano Rajoy, cuyo conservador Partido Popular sali\u00f3 reforzado de las \u00faltimas elecciones generales de junio, pero sin una mayor\u00eda clara para gobernar, recibir\u00e1 a Obama en el palacio de La Moncloa de Madrid la ma\u00f1ana del domingo.<\/p>\n<p>Obama tambi\u00e9n prev\u00e9 reunirse despu\u00e9s con los l\u00edderes del Partido Socialista, Podemos y Ciudadanos.<\/p>\n<p>Para Obama este no es su primer viaje a Espa\u00f1a, aunque s\u00ed el primero durante su mandato.<\/p>\n<p>Ya visit\u00f3 el pa\u00eds como mochilero a sus 26 a\u00f1os, en 1988, cuando hizo escalas en Madrid y Barcelona en un periplo por Europa antes de ir a Kenia a conocer el pueblo de su padre, seg\u00fan cuenta en sus memorias, &#8216;Dreams of my father&#8217; (&#8216;Los sue\u00f1os de mi padre&#8217;).<\/p>\n<p>&#8211; Agradecimiento por Rota &#8211;<\/p>\n<p>El domingo por la tarde Obama se convertir\u00e1 en el primer presidente estadounidense que visite la base naval de Rota, uno de los dos enclaves en Andaluc\u00eda, adem\u00e1s de Mor\u00f3n, donde Washington mantiene personal militar en Espa\u00f1a.<\/p>\n<\/p>\n<p>AFP \/ Mandel Ngan<\/p>\n<p>El presidente estadounidense, Barack Obama, desciende del avi\u00f3n en la base madrile\u00f1a de Torrej\u00f3n de Ardoz, el 9 de julio de 2016<\/p>\n<p>En Rota, compartida por Estados Unidos y Espa\u00f1a desde 1953, se encuentran estacionados cuatro destructores norteamericanos &#8216;Aegis&#8217;, pieza clave del escudo antimisiles que Estados Unidos despliega en Europa.<\/p>\n<p>El viaje es tambi\u00e9n para \u00abagradecer a Espa\u00f1a el esfuerzo que ha hecho al acoger en Rota los cuatro buques del sistema antimisiles\u00bb, explic\u00f3 Charles Powell, director del Real Instituto Elcano, un grupo de expertos que aconseja al rey.<\/p>\n<p>Tambi\u00e9n por \u00abacoger en la base de Mor\u00f3n de la Frontera un destacamento de Marines, que b\u00e1sicamente est\u00e1n all\u00ed para poder ser desplegados r\u00e1pidamente en caso de ataques contra instalaciones norteamericanas en \u00c1frica del Norte y Oriente Medio\u00bb, agreg\u00f3.<\/p>\n<p>Grupos de activistas antimilitaristas han convocado una manifestaci\u00f3n frente a la base para rechazar la visita del mandatario estadounidense, oportunidad que tambi\u00e9n han aprovechado los sindicatos espa\u00f1oles de la base para visibilizar sus denuncias de p\u00e9rdida de puestos de trabajo.<\/p>\n<p>Tras un discurso ante el personal militar estadounidense, Obama partir\u00e1 este mismo domingo con destino a Dallas.<\/p>\n<h6> 2016-07-10 00:59:27 <\/h6>\n<p><!--\n<link rel=\"stylesheet\" href=\"css\/bootstrap.min.css\">\n\n\n<ul class=\"pagination\">\n\t    \n\t\n\n<li >\n\t<a href='?page_no=19079'>Previous<\/a>\n\t<\/li>\n\n\n       \n    \n\n<li><a href='?page_no=1'>1<\/a><\/li>\n\n\n\n<li><a href='?page_no=2'>2<\/a><\/li>\n\n\n\n<li><a>...<\/a><\/li>\n\n\n\n<li><a href='?page_no=19078'>19078<\/a><\/li>\n\n\n\n<li><a href='?page_no=19079'>19079<\/a><\/li>\n\n\n\n<li class='active'><a>19080<\/a><\/li>\n\n\n\n<li><a href='?page_no=19081'>19081<\/a><\/li>\n\n\n\n<li><a href='?page_no=19082'>19082<\/a><\/li>\n\n\n\n<li><a>...<\/a><\/li>\n\n\n\n<li><a href='?page_no=51012'>51012<\/a><\/li>\n\n\n\n<li><a href='?page_no=51013'>51013<\/a><\/li>\n\n    \n\t\n\n<li >\n\t<a href='?page_no=19081'>Next<\/a>\n\t<\/li>\n\n\n    \n\n<li><a href='?page_no=51013'>Last &rsaquo;&rsaquo;<\/a><\/li>\n\n<\/ul>\n\n\n--><br \/>\n<\/body><\/p>\n","protected":false},"excerpt":{"rendered":"<p>10 Jul 2016 AFP \/ Mandel Ngan El rey Felipe VI de Espa\u00f1a (I) recibe al presidente de Estados Unidos, Barack Obama, a su llegada a la base de Torrej\u00f3n de Ardoz, cerca de Madrid, el 9 de julio de 2016 El presidente estadounidense, Barack Obama, inici\u00f3 el s\u00e1bado una corta visita oficial a Espa\u00f1a, [&hellip;]<\/p>\n","protected":false},"author":3,"featured_media":0,"comment_status":"open","ping_status":"open","sticky":false,"template":"","format":"standard","meta":{"footnotes":""},"categories":[23],"tags":[],"class_list":["post-249435","post","type-post","status-publish","format-standard","hentry","category-internacional"],"_links":{"self":[{"href":"https:\/\/diariodominicano.com\/index.php?rest_route=\/wp\/v2\/posts\/249435","targetHints":{"allow":["GET"]}}],"collection":[{"href":"https:\/\/diariodominicano.com\/index.php?rest_route=\/wp\/v2\/posts"}],"about":[{"href":"https:\/\/diariodominicano.com\/index.php?rest_route=\/wp\/v2\/types\/post"}],"author":[{"embeddable":true,"href":"https:\/\/diariodominicano.com\/index.php?rest_route=\/wp\/v2\/users\/3"}],"replies":[{"embeddable":true,"href":"https:\/\/diariodominicano.com\/index.php?rest_route=%2Fwp%2Fv2%2Fcomments&post=249435"}],"version-history":[{"count":0,"href":"https:\/\/diariodominicano.com\/index.php?rest_route=\/wp\/v2\/posts\/249435\/revisions"}],"wp:attachment":[{"href":"https:\/\/diariodominicano.com\/index.php?rest_route=%2Fwp%2Fv2%2Fmedia&parent=249435"}],"wp:term":[{"taxonomy":"category","embeddable":true,"href":"https:\/\/diariodominicano.com\/index.php?rest_route=%2Fwp%2Fv2%2Fcategories&post=249435"},{"taxonomy":"post_tag","embeddable":true,"href":"https:\/\/diariodominicano.com\/index.php?rest_route=%2Fwp%2Fv2%2Ftags&post=249435"}],"curies":[{"name":"wp","href":"https:\/\/api.w.org\/{rel}","templated":true}]}}