{"id":249434,"date":"2016-07-10T01:28:31","date_gmt":"2016-07-10T01:28:31","guid":{"rendered":"http:\/\/diariodominicano.ddns.net\/?p=249434"},"modified":"2016-07-10T01:28:31","modified_gmt":"2016-07-10T01:28:31","slug":"una-herida-todavia-abierta-80-anos-despues-de-la-guerra-civil-espanola","status":"publish","type":"post","link":"https:\/\/diariodominicano.com\/?p=249434","title":{"rendered":"Una herida todav\u00eda abierta 80 a\u00f1os despu\u00e9s de la Guerra Civil espa\u00f1ola"},"content":{"rendered":"<p><body><\/p>\n<p><img decoding=\"async\" src=\"img3\/f0ef406b72f82d0008858a5ab130006b3ffb6131.jpg\" \/><br \/><img decoding=\"async\" src=\"img3\/3d3cea5b577b681de087d11ab7104c9097f4fbd7.jpg\" \/>  <\/p>\n<p>9 Jul 2016<\/p>\n<\/p>\n<p>AFP\/Archivos \/ Pedro Armestre<\/p>\n<p><strong>Un seguidor del dictador Francisco Franco le rinde homenaje en el 40\u00ba aniversario de su fallecimiento, el 22 de noviembre de 2015 en la Plaza de Oriente de Madrid<\/strong><\/p>\n<p>Hace 80 a\u00f1os, Espa\u00f1a se sumerg\u00eda en una dolorosa guerra civil cuyas heridas todav\u00eda deben cicatrizar, un oscuro preludio de la Segunda Guerra Mundial que despert\u00f3 pasiones en todo el mundo y termin\u00f3 por instaurar una larga dictadura.<\/p>\n<p>El 18 de julio de 1936, una conspiraci\u00f3n de generales se levant\u00f3 contra la Rep\u00fablica proclamada cinco a\u00f1os atr\u00e1s. Los diferentes Gobiernos no hab\u00edan podido reformar un pa\u00eds muy agr\u00edcola, con retraso respecto a Europa y muy dividido ideol\u00f3gicamente.<\/p>\n<p>Escogido en febrero, el Gobierno del Frente Popular, apoyado por socialistas y centristas, fue incapaz de mantener el orden e impedir los asesinatos pol\u00edticos de ambos bandos y los incendios de iglesias.<\/p>\n<p>El golpe de Estado fracas\u00f3 y empez\u00f3 una cruenta guerra entre el bando republicano y el bando &#8216;nacional&#8217; insurgente.<\/p>\n<p>El grueso de las tropas insurgentes esperaba en el Marruecos espa\u00f1ol, bajo el mando del general Francisco Franco. Adolf Hitler y Benito Mussolini, los dictadores alem\u00e1n e italiano, le enviaron sus aviones para poder llegar a la pen\u00ednsula. Fue el primer puente a\u00e9reo de la historia.<\/p>\n<p>Su contribuci\u00f3n no termin\u00f3 ah\u00ed. Sus aviones fueron los primeros en bombardear sistem\u00e1ticamente poblaciones como Gernika, en el Pa\u00eds Vasco, arrasada por las bombas en 1937.<\/p>\n<p>Fue tambi\u00e9n la primera guerra medi\u00e1tica. Las nuevas c\u00e1maras permitieron el desarrollo de reportajes fotogr\u00e1ficos y cinematogr\u00e1ficos. Las im\u00e1genes del combate y la destrucci\u00f3n llenaban las portadas internacionales y se difund\u00edan en los cines.<\/p>\n<p>&#8211; Sin cuartel &#8211;<\/p>\n<p>Mientras, en el terreno, se desencadenaba una lucha sin cuartel.<\/p>\n<p>\u00abEs necesario crear una atm\u00f3sfera de terror (&#8230;) eliminando sin escr\u00fapulos ni vacilaci\u00f3n a todo el que no piensa como nosotros\u00bb, declar\u00f3 el general insurgente Gonzalo Queipo de Llano, encargado de la campa\u00f1a en el sur de Espa\u00f1a.<\/p>\n<p>Diputados de izquierdas, sindicalistas, militantes socialistas, simpatizantes y sus familiares fueron perseguidos, ejecutados y masacrados.<\/p>\n<p>En el otro bando, socialistas, anarquistas y comunistas se hac\u00edan con el control de la calle. Las f\u00e1bricas fueron nacionalizadas, las tierras colectivizadas y los adinerados o sospechosos de simpatizar con la derecha ejecutados en los primeros meses de guerra.<\/p>\n<p>Se los llevaban de noche para un \u00abpaseo\u00bb del que nunca volv\u00edan.<\/p>\n<p>Tambi\u00e9n los cl\u00e9rigos pagaron su identificaci\u00f3n con la clase poderosa con asesinatos y torturas. M\u00e1s de 6.500 murieron, la mayor\u00eda a manos de los republicanos.<\/p>\n<p>&#8211; Fascismo contra comunismo &#8211;<\/p>\n<\/p>\n<p>AFP\/Archivos \/ Javier Soriano<\/p>\n<p>Una manifestaci\u00f3n en defensa de la Ley de la Memoria Hist\u00f3rica, el 22 de noviembre de 2015 en Madrid<\/p>\n<p>Aunque Madrid pidi\u00f3 ayuda a sus vecinos, ni Reino Unido ni Francia acudieron, temerosos de entrar en una nueva guerra mundial. Se refugiaron en un \u00abpacto de no intervenci\u00f3n\u00bb, ignorado completamente por Roma y Berl\u00edn.<\/p>\n<p>La Rep\u00fablica s\u00f3lo cont\u00f3 con las armas de la Uni\u00f3n Sovi\u00e9tica y las municiones del M\u00e9xico revolucionario. La guerra se convirti\u00f3 en un enfrentamiento entre fascismo y comunismo.<\/p>\n<p>El dictador sovi\u00e9tico Stalin lo aprovech\u00f3 para reforzar su influencia. Los militantes de la Internacional Comunista, liderada por Mosc\u00fa, dirig\u00edan las tropas republicanas.<\/p>\n<p>\u00abNuestros enemigos son los rojos, los bolcheviques del mundo entero\u00bb, cantaban los j\u00f3venes pilotos de la Legi\u00f3n C\u00f3ndor enviada por Hitler.<\/p>\n<p>La inacci\u00f3n de las democracias occidentales contrast\u00f3 con el posicionamiento pro-republicano de intelectuales, desde el escritor estadounidense John Steinbeck al poeta indio Rabindranath Tagore, ambos premios Nobel de Literatura.<\/p>\n<p>J\u00f3venes extranjeros se alistaron en las brigadas internacionales republicanas, supervisadas por la Internacional Comunista. Franceses, polacos, estadounidenses, alemanes o italianos, casi 50.000 voluntarios del mundo entero llegaron a Espa\u00f1a para \u00abfrenar al fascismo\u00bb.<\/p>\n<p>Su contribuci\u00f3n fue vital en las escasas victorias republicanas: impedir la ca\u00edda de Madrid en 1936 y hacer huir en desbandada a las tropas italianas de Mussolini el 1937 en Guadalajara.<\/p>\n<p>Pero aislada militarmente, debilitada por sus divisiones y la feroz lucha entre anarquistas y comunistas, la Rep\u00fablica perd\u00eda terreno inexorablemente ante los franquistas que proced\u00edan a la limpieza de las regiones conquistadas.<\/p>\n<p>En marzo de 1939, el Gobierno, refugiado en Barcelona, se exili\u00f3 con 400.000 espa\u00f1oles.<\/p>\n<p>S\u00f3lo cinco meses despu\u00e9s, estalla la Segunda Guerra Mundial, que Par\u00eds y Londres tanto quisieron evitar.<\/p>\n<p>&#8211; &#8216;Justicia al rev\u00e9s&#8217; &#8211;<\/p>\n<p>El 1 de abril de 1939, Franco proclama su victoria tras rechazar cualquier paz negociada. Espa\u00f1a vivir\u00e1 bajo su represiva dictadura hasta su muerte en 1975.<\/p>\n<p>Todos aquellos quienes no apoyaron a los insurgentes pod\u00edan ser juzgados por \u00abrebeli\u00f3n\u00bb ante tribunales militares. Era una \u00abjusticia al rev\u00e9s\u00bb, reconocer\u00eda m\u00e1s tarde Ram\u00f3n Serrano Su\u00f1er, cu\u00f1ado y ministro del Interior de Franco.<\/p>\n<p>En &#8216;El holocausto espa\u00f1ol&#8217;, el historiador brit\u00e1nico Paul Preston cifra en 20.000 las ejecuciones despu\u00e9s de la guerra. Estima en 200.000 los muertos en combate y una cifra similar para los asesinados y los ejecutados, de las cuales habr\u00eda unas 150.000 v\u00edctimas del bando franquista.<\/p>\n<p>El franquismo homenaje\u00f3 a sus muertos, pero muchos republicanos asesinados terminaron en fosas comunes, y todav\u00eda hoy siguen desaparecidos. En 2007 se aprob\u00f3 una Ley de Memoria Hist\u00f3rica para ayudar a las familias a encontrarlas.<\/p>\n<p>Pero el actual presidente del Gobierno, Mariano Rajoy, se enorgullece de no haber gastado un s\u00f3lo euro para aplicarla. Su partido, fundado por antiguos ministros de Franco, rechaza \u00abremover las cenizas del pasado\u00bb.<\/p>\n<h6> 2016-07-10 01:28:31 <\/h6>\n<p><!--\n<link rel=\"stylesheet\" href=\"css\/bootstrap.min.css\">\n\n\n<ul class=\"pagination\">\n\t    \n\t\n\n<li >\n\t<a href='?page_no=19078'>Previous<\/a>\n\t<\/li>\n\n\n       \n    \n\n<li><a href='?page_no=1'>1<\/a><\/li>\n\n\n\n<li><a href='?page_no=2'>2<\/a><\/li>\n\n\n\n<li><a>...<\/a><\/li>\n\n\n\n<li><a href='?page_no=19077'>19077<\/a><\/li>\n\n\n\n<li><a href='?page_no=19078'>19078<\/a><\/li>\n\n\n\n<li class='active'><a>19079<\/a><\/li>\n\n\n\n<li><a href='?page_no=19080'>19080<\/a><\/li>\n\n\n\n<li><a href='?page_no=19081'>19081<\/a><\/li>\n\n\n\n<li><a>...<\/a><\/li>\n\n\n\n<li><a href='?page_no=51012'>51012<\/a><\/li>\n\n\n\n<li><a href='?page_no=51013'>51013<\/a><\/li>\n\n    \n\t\n\n<li >\n\t<a href='?page_no=19080'>Next<\/a>\n\t<\/li>\n\n\n    \n\n<li><a href='?page_no=51013'>Last &rsaquo;&rsaquo;<\/a><\/li>\n\n<\/ul>\n\n\n--><br \/>\n<\/body><\/p>\n","protected":false},"excerpt":{"rendered":"<p>9 Jul 2016 AFP\/Archivos \/ Pedro Armestre Un seguidor del dictador Francisco Franco le rinde homenaje en el 40\u00ba aniversario de su fallecimiento, el 22 de noviembre de 2015 en la Plaza de Oriente de Madrid Hace 80 a\u00f1os, Espa\u00f1a se sumerg\u00eda en una dolorosa guerra civil cuyas heridas todav\u00eda deben cicatrizar, un oscuro preludio [&hellip;]<\/p>\n","protected":false},"author":3,"featured_media":0,"comment_status":"open","ping_status":"open","sticky":false,"template":"","format":"standard","meta":{"footnotes":""},"categories":[23],"tags":[],"class_list":["post-249434","post","type-post","status-publish","format-standard","hentry","category-internacional"],"_links":{"self":[{"href":"https:\/\/diariodominicano.com\/index.php?rest_route=\/wp\/v2\/posts\/249434","targetHints":{"allow":["GET"]}}],"collection":[{"href":"https:\/\/diariodominicano.com\/index.php?rest_route=\/wp\/v2\/posts"}],"about":[{"href":"https:\/\/diariodominicano.com\/index.php?rest_route=\/wp\/v2\/types\/post"}],"author":[{"embeddable":true,"href":"https:\/\/diariodominicano.com\/index.php?rest_route=\/wp\/v2\/users\/3"}],"replies":[{"embeddable":true,"href":"https:\/\/diariodominicano.com\/index.php?rest_route=%2Fwp%2Fv2%2Fcomments&post=249434"}],"version-history":[{"count":0,"href":"https:\/\/diariodominicano.com\/index.php?rest_route=\/wp\/v2\/posts\/249434\/revisions"}],"wp:attachment":[{"href":"https:\/\/diariodominicano.com\/index.php?rest_route=%2Fwp%2Fv2%2Fmedia&parent=249434"}],"wp:term":[{"taxonomy":"category","embeddable":true,"href":"https:\/\/diariodominicano.com\/index.php?rest_route=%2Fwp%2Fv2%2Fcategories&post=249434"},{"taxonomy":"post_tag","embeddable":true,"href":"https:\/\/diariodominicano.com\/index.php?rest_route=%2Fwp%2Fv2%2Ftags&post=249434"}],"curies":[{"name":"wp","href":"https:\/\/api.w.org\/{rel}","templated":true}]}}