{"id":249432,"date":"2016-07-10T08:37:36","date_gmt":"2016-07-10T08:37:36","guid":{"rendered":"http:\/\/diariodominicano.ddns.net\/?p=249432"},"modified":"2016-07-10T08:37:36","modified_gmt":"2016-07-10T08:37:36","slug":"obama-en-espana-para-una-visita-acortada-por-la-violencia-en-dallas","status":"publish","type":"post","link":"https:\/\/diariodominicano.com\/?p=249432","title":{"rendered":"Obama, en Espa\u00f1a para una visita acortada por la violencia en Dallas&#13;"},"content":{"rendered":"<p><body><\/p>\n<p><img decoding=\"async\" src=\"img3\/8a51f19e2a4ce3d22301174604ef9da07d7eefce.jpg\" \/><br \/><img decoding=\"async\" src=\"img3\/e2cb2bc4b2ee69f35078066efc3cede921bcb6f6.jpg\" \/>  <\/p>\n<\/p>\n<p>10 Jul 2016<\/p>\n<\/p>\n<p>AFP \/ Mandel Ngan<\/p>\n<p><strong>El rey Felipe VI y el presidente de EEUU, Barack Obama (i), llegan al Palacio Real de Madrid el 10 de julio de 2016<\/strong><\/p>\n<p>El presidente estadounidense, Barack Obama, realizaba este domingo una simb\u00f3lica primera visita a una Espa\u00f1a sumida en el bloqueo pol\u00edtico, un viaje que se vio obligado a acortar por los sangrientos tiroteos en Dallas.<\/p>\n<p>Obama, llegado la noche del s\u00e1bado a Espa\u00f1a para una visita rel\u00e1mpago de menos de 24 horas, fue recibido este domingo por la ma\u00f1ana por el rey Felipe VI en el Palacio Real de Madrid.<\/p>\n<p>\u00abQuisiera poder quedarme m\u00e1s tiempo\u00bb, dijo Obama, al agradecer la comprensi\u00f3n de los espa\u00f1oles tras haber reducido la duraci\u00f3n de su estancia. Pero \u00abpens\u00e9 que era importante venir dadas la extraordinaria amistad y la alianza\u00bb bilateral, afirm\u00f3 el mandatario.<\/p>\n<p>Obama hab\u00eda aterrizado a \u00faltima hora de la noche del s\u00e1bado en la base de Torrej\u00f3n de Ardoz, cerca de Madrid, procedente de Varsovia, donde particip\u00f3 en la cumbre de la OTAN.<\/p>\n<p>Ante el rey, Obama record\u00f3 su primer viaje a Espa\u00f1a durante su juventud a finales de la d\u00e9cada de 1980: \u00abEstaba a punto de ingresar en la escuela de Derecho, ten\u00eda una mochila, viaj\u00e9 a pie la mayor parte del tiempo y com\u00ed muy barato\u00bb.<\/p>\n<p>Con la recepci\u00f3n en el Palacio Real, Felipe correspondi\u00f3 la hospitalidad de Obama, quien lo hab\u00eda recibido junto a la reina Letizia en la Casa Blanca en septiembre de 2015.<\/p>\n<p>En la primera visita de un presidente estadounidense en 15 a\u00f1os, Obama indic\u00f3 que su pa\u00eds \u00abtiene el firme compromiso de mantener nuestra relaci\u00f3n con una Espa\u00f1a fuerte y unida\u00bb, en una entrevista al diario El Pa\u00eds publicada este domingo.<\/p>\n<p>El mandatario, a pocos meses de dejar la Casa Blanca, se encuentra con una Espa\u00f1a en tensi\u00f3n pol\u00edtica, en medio de un bloqueo que la mantiene sin Gobierno desde hace m\u00e1s de 200 d\u00edas y ha llevado a las urnas a los espa\u00f1oles dos veces en seis meses.<\/p>\n<\/p>\n<p>AFP \/ Pierre-Philippe Marcou<\/p>\n<p>El presidente de EEUU, Barack Obama, desciende del avi\u00f3n Air Force One en la base de Torrej\u00f3n de Ardoz, cerca de Madrid, el 9 de julio de 2016<\/p>\n<p>El mandatario tiene previsto entrevistarse con el presidente del Gobierno saliente, Mariano Rajoy, quien no obtuvo una mayor\u00eda clara para gobernar en las \u00faltimas legislativas y se encuentra en plenas negociaciones para buscar aliados que permitan su investidura.<\/p>\n<p>Obama tambi\u00e9n prev\u00e9 reunirse despu\u00e9s con los l\u00edderes de los opositores Partido Socialista, Podemos y Ciudadanos. Antes lo har\u00e1 con el rey.<\/p>\n<p>\u00abTengo la confianza de que, sea cual sea el pr\u00f3ximo Gobierno, Espa\u00f1a seguir\u00e1 siendo un aliado s\u00f3lido\u00bb, dijo Obama a El Pa\u00eds, al esperar que el pa\u00eds \u00absiga contribuyendo a la campa\u00f1a contra el grupo Estado Isl\u00e1mico\u00bb y tenga una econom\u00eda \u00abque crezca\u00bb.<\/p>\n<p>&#8211; Acento en defensa &#8211;<\/p>\n<p>El Gobierno espa\u00f1ol en funciones hab\u00eda resaltado esta visita simb\u00f3lica como el broche de oro de una etapa de \u00abnormalizaci\u00f3n\u00bb de las relaciones, enfriadas durante el Gobierno del socialista Jos\u00e9 Luis Rodr\u00edguez Zapatero (2004-2011), que retir\u00f3 las tropas espa\u00f1olas de Irak.<\/p>\n<p>Ahora Obama viene a agradecer la colaboraci\u00f3n de Espa\u00f1a en materia de defensa.<\/p>\n<p>\u00abEspa\u00f1a es un s\u00f3lido aliado en la OTAN, estamos muy agradecidos por todas las d\u00e9cadas que lleva acogiendo a nuestras Fuerzas Armadas\u00bb, se\u00f1al\u00f3 el mandatario en la entrevista.<\/p>\n<p>Este domingo por la tarde, Obama se convertir\u00e1 en el primer presidente estadounidense que visite la base naval de Rota, uno de los dos enclaves en Andaluc\u00eda (sur), adem\u00e1s de Mor\u00f3n, donde Washington mantiene personal militar en Espa\u00f1a.<\/p>\n<p>En Rota, compartida por Estados Unidos y Espa\u00f1a desde 1953, se encuentran estacionados cuatro destructores norteamericanos &#8216;Aegis&#8217;, pieza clave del escudo antimisiles que Estados Unidos despliega en Europa.<\/p>\n<p>En Mor\u00f3n de la Frontera, Estados Unidos obtuvo permiso para mantener un destacamento compuesto sobre todo por marines, que pueden ser desplegados r\u00e1pidamente en caso de ataques contra instalaciones estadounidenses en el norte de \u00c1frica y en Oriente Medio.<\/p>\n<p>Unos grupos de activistas antimilitaristas han convocado una manifestaci\u00f3n frente a la base para rechazar la visita del mandatario estadounidense, oportunidad que tambi\u00e9n han aprovechado los sindicatos espa\u00f1oles de la base para visibilizar sus denuncias de p\u00e9rdida de puestos de trabajo.<\/p>\n<p>Tras un discurso ante el personal militar estadounidense, Obama partir\u00e1 este mismo domingo con destino a su pa\u00eds, donde tiene previsto visitar Dallas, a\u00fan sobresaltada por la matanza de cinco polic\u00edas por un joven veterano de guerra durante una protesta pac\u00edfica antirracista.<\/p>\n<h6> 2016-07-10 08:37:36 <\/h6>\n<p><!--\n<link rel=\"stylesheet\" href=\"css\/bootstrap.min.css\">\n\n\n<ul class=\"pagination\">\n\t    \n\t\n\n<li >\n\t<a href='?page_no=19076'>Previous<\/a>\n\t<\/li>\n\n\n       \n    \n\n<li><a href='?page_no=1'>1<\/a><\/li>\n\n\n\n<li><a href='?page_no=2'>2<\/a><\/li>\n\n\n\n<li><a>...<\/a><\/li>\n\n\n\n<li><a href='?page_no=19075'>19075<\/a><\/li>\n\n\n\n<li><a href='?page_no=19076'>19076<\/a><\/li>\n\n\n\n<li class='active'><a>19077<\/a><\/li>\n\n\n\n<li><a href='?page_no=19078'>19078<\/a><\/li>\n\n\n\n<li><a href='?page_no=19079'>19079<\/a><\/li>\n\n\n\n<li><a>...<\/a><\/li>\n\n\n\n<li><a href='?page_no=51012'>51012<\/a><\/li>\n\n\n\n<li><a href='?page_no=51013'>51013<\/a><\/li>\n\n    \n\t\n\n<li >\n\t<a href='?page_no=19078'>Next<\/a>\n\t<\/li>\n\n\n    \n\n<li><a href='?page_no=51013'>Last &rsaquo;&rsaquo;<\/a><\/li>\n\n<\/ul>\n\n\n--><br \/>\n<\/body><\/p>\n","protected":false},"excerpt":{"rendered":"<p>10 Jul 2016 AFP \/ Mandel Ngan El rey Felipe VI y el presidente de EEUU, Barack Obama (i), llegan al Palacio Real de Madrid el 10 de julio de 2016 El presidente estadounidense, Barack Obama, realizaba este domingo una simb\u00f3lica primera visita a una Espa\u00f1a sumida en el bloqueo pol\u00edtico, un viaje que se [&hellip;]<\/p>\n","protected":false},"author":3,"featured_media":0,"comment_status":"open","ping_status":"open","sticky":false,"template":"","format":"standard","meta":{"footnotes":""},"categories":[23],"tags":[],"class_list":["post-249432","post","type-post","status-publish","format-standard","hentry","category-internacional"],"_links":{"self":[{"href":"https:\/\/diariodominicano.com\/index.php?rest_route=\/wp\/v2\/posts\/249432","targetHints":{"allow":["GET"]}}],"collection":[{"href":"https:\/\/diariodominicano.com\/index.php?rest_route=\/wp\/v2\/posts"}],"about":[{"href":"https:\/\/diariodominicano.com\/index.php?rest_route=\/wp\/v2\/types\/post"}],"author":[{"embeddable":true,"href":"https:\/\/diariodominicano.com\/index.php?rest_route=\/wp\/v2\/users\/3"}],"replies":[{"embeddable":true,"href":"https:\/\/diariodominicano.com\/index.php?rest_route=%2Fwp%2Fv2%2Fcomments&post=249432"}],"version-history":[{"count":0,"href":"https:\/\/diariodominicano.com\/index.php?rest_route=\/wp\/v2\/posts\/249432\/revisions"}],"wp:attachment":[{"href":"https:\/\/diariodominicano.com\/index.php?rest_route=%2Fwp%2Fv2%2Fmedia&parent=249432"}],"wp:term":[{"taxonomy":"category","embeddable":true,"href":"https:\/\/diariodominicano.com\/index.php?rest_route=%2Fwp%2Fv2%2Fcategories&post=249432"},{"taxonomy":"post_tag","embeddable":true,"href":"https:\/\/diariodominicano.com\/index.php?rest_route=%2Fwp%2Fv2%2Ftags&post=249432"}],"curies":[{"name":"wp","href":"https:\/\/api.w.org\/{rel}","templated":true}]}}