{"id":249431,"date":"2016-07-10T08:59:24","date_gmt":"2016-07-10T08:59:24","guid":{"rendered":"http:\/\/diariodominicano.ddns.net\/?p=249431"},"modified":"2016-07-10T08:59:24","modified_gmt":"2016-07-10T08:59:24","slug":"un-activista-de-blm-arrestado-en-luisiana-y-alerta-levantada-en-dallas","status":"publish","type":"post","link":"https:\/\/diariodominicano.com\/?p=249431","title":{"rendered":"Un activista de BLM arrestado en Luisiana y alerta levantada en Dallas"},"content":{"rendered":"<p><body><\/p>\n<p><img decoding=\"async\" src=\"img3\/d855d01b6579c345d970a50bc193af2694d14cef.jpg\" \/><br \/><img decoding=\"async\" src=\"img3\/a9884190d0c7c9ab838b8d814f917cbd3e6df00b.jpg\" \/>  <\/p>\n<\/p>\n<p>10 Jul 2016<\/p>\n<\/p>\n<p>AFP \/ Paul J. Richards<\/p>\n<p><strong>Unos manifestantes seleccionan unas pancartas preparadas por el movimiento Black Lives Matter el 9 de julio de 2016 en Washington<\/strong><\/p>\n<p>Un prominente activista del movimiento Black Lives Matter (BLM) film\u00f3 su propio arresto en la noche del s\u00e1bado en Baton Rouge, Luisiana, informaron los medios locales, cuando la tensi\u00f3n aumenta entre la polic\u00eda estadounidense y las minor\u00edas raciales.<\/p>\n<p>El activista de BLM DeRay McKesson participaba en una protesta en Baton Rouge -donde se produjo una de las muertes- y transmit\u00eda la marcha en vivo por Periscope.<\/p>\n<p>\u00abLa polic\u00eda nos ha provocado toda la noche\u00bb, explica en un v\u00eddeo difundido en su cuenta @deray. \u00abNosotros no bloqueamos la calle ni ninguna otra cosa\u00bb, afirma.<\/p>\n<p>S\u00fabitamente, la imagen se interrumpe y se oye una voz: \u00abPolic\u00eda de la ciudad. Usted est\u00e1 bajo arresto, no se resista\u00bb.<\/p>\n<p>Otro activista toma el tel\u00e9fono m\u00f3vil y reanuda el v\u00eddeo, preguntando al polic\u00eda la raz\u00f3n del arresto de McKesson, que es llevado con sus manos en la espalda, seg\u00fan unas fotos colgadas en redes sociales.<\/p>\n<p>Un oficial de polic\u00eda estatal de Luisiana dijo a la publicaci\u00f3n local The Advocate que McKesson fue arrestado porque bloqueaba el paso, aunque en su v\u00eddeo McKesson mostraba que no hab\u00eda vereda en la calle.<\/p>\n<p>&#8212; Falsa alarma en Dallas &#8212;<\/p>\n<\/p>\n<p>AFP \/ Laura Buckman<\/p>\n<p>Una ni\u00f1a se sienta en el altar en la sede de la Polic\u00eda de Dallas (Texas, EEUU) en homenaje a los agentes abatidos por un francotirador, el 9 de julio de 2016<\/p>\n<p>La ciudad de Dallas volvi\u00f3 a ser presa del miedo el s\u00e1bado con una amenaza de ataque a la polic\u00eda dos d\u00edas despu\u00e9s de que un francotirador matara a cinco agentes durante una protesta pac\u00edfica.<\/p>\n<p>Unos equipos t\u00e1cticos SWAT fueron desplegados en el cuartel general de la polic\u00eda de Dallas tras una amenaza an\u00f3nima y unos oficiales buscaron a un sospechoso en el estacionamiento del lugar.<\/p>\n<p>La polic\u00eda de Dallas ya hab\u00eda reforzado horas antes la vigilancia en la ciudad tras recibir una amenaza no especificada.<\/p>\n<p>Las autoridades dijeron que la b\u00fasqueda se realizaba con \u00absuma cautela\u00bb.<\/p>\n<p>\u00abEl Departamento de Polic\u00eda de Dallas recibi\u00f3 una amenaza an\u00f3nima contra sus unidades y se han tomado medidas preventivas\u00bb, se\u00f1al\u00f3 en un correo electr\u00f3nico enviado a los medios.<\/p>\n<p>El diario Dallas Morning News se\u00f1al\u00f3 que un hombre enmascarado fue visto en los alrededores de la sede policial.<\/p>\n<p>La polic\u00eda revis\u00f3 el \u00e1rea, no encontr\u00f3 nada y un par de horas m\u00e1s tarde, levant\u00f3 el alerta.<\/p>\n<p>\u00abLos oficiales completaron la b\u00fasqueda manual en el garaje. No se encontr\u00f3 al sospechoso\u00bb, inform\u00f3 en su cuenta de Twitter la polic\u00eda de Dallas.<\/p>\n<p>La amenaza lleg\u00f3 cuando en diversas ciudades estadounidenses comenzaban o ya estaban en marcha protestas por la muerte de los dos afroestadounidenses esta semana.<\/p>\n<p>Las im\u00e1genes de esas dos muertes fueron ampliamente difundidas en las redes sociales y sacudieron Estados Unidos.<\/p>\n<p>El tirador de Dallas, un negro veterano de Afganist\u00e1n identificado como Micah Johnson dijo antes de morir a manos de la polic\u00eda que quer\u00eda matar a polic\u00edas blancos en revancha por la muerte de negros por disparos de uniformados.<\/p>\n<p>Las autoridades de Dallas est\u00e1n ahora convencidas que Johnson actu\u00f3 s\u00f3lo y que no tuvo c\u00f3mplices para su ataque que se cobr\u00f3 la vida de cinco polic\u00edas tras la manifestaci\u00f3n del jueves.<\/p>\n<p>Empero las escenas de pesadilla vividas por Texas hacen temer que Estados Unidos est\u00e9 ahora abriendo un nuevo y oscuro cap\u00edtulo de las turbulentas relaciones raciales.<\/p>\n<p>El presidente Barack Obama intent\u00f3 tranquilizar a su conmovido pa\u00eds al insistir con que Estados Unidos dejar\u00e1 atr\u00e1s sus divisiones raciales.<\/p>\n<p>Adem\u00e1s, rechaz\u00f3 que se pretenda comparar al Estados Unidos actual con el de los a\u00f1os 60, que estaba dominado por la agitaci\u00f3n social y el racismo.<\/p>\n<p>Obama, que visitar\u00e1 Dallas a comienzos de la semana entrante, describi\u00f3 al tirador de Dallas como un \u00ablobo solitario\u00bb, un \u00abdemente\u00bb que en modo alguno representa a la colectividad afroestadounidense.<\/p>\n<p>\u00abEstados Unidos no est\u00e1 tan dividido como algunos lo sugieren\u00bb, dijo tras una cumbre de la OTAN en Varsovia. \u00abHay dolor, hay turbaci\u00f3n&#8230; pero hay unidad\u00bb, asegur\u00f3.<\/p>\n<p>&#8211; Marchas en todo EEUU &#8211;<\/p>\n<p>El movimiento Black Lives Matter, que promueve manifestaciones en todo el pa\u00eds, exige el fin de la violencia y no su incremento.<\/p>\n<p>Cientos de personas marcharon pac\u00edficamente en Nueva York por tercera noche consecutiva desplegando carteles en recuerdo a Alton Sterling y Philando Castile, los dos hombres cuya muerte a manos de polic\u00edas en Luisiana y Minnesota desataron las protestas.<\/p>\n<p>Marchas similares se desarrollaron en diversas ciudades. Su promotores las convocaron con la consigna \u00abEl fin de semana de la rabia\u00bb.<\/p>\n<p>En Phoenix, Arizona, la polic\u00eda dispers\u00f3 a unos manifestantes que lanzaron piedras. Y en Rochester, Nueva York, 74 personas fueron arrestadas por una sentada en la calle.<\/p>\n<p>Empero en todas partes, desde Atlanta a Houston, Nueva Orleans, Detroit o Baltimore, las manifestaciones fueron pac\u00edficas.<\/p>\n<h6> 2016-07-10 08:59:24 <\/h6>\n<p><!--\n<link rel=\"stylesheet\" href=\"css\/bootstrap.min.css\">\n\n\n<ul class=\"pagination\">\n\t    \n\t\n\n<li >\n\t<a href='?page_no=19075'>Previous<\/a>\n\t<\/li>\n\n\n       \n    \n\n<li><a href='?page_no=1'>1<\/a><\/li>\n\n\n\n<li><a href='?page_no=2'>2<\/a><\/li>\n\n\n\n<li><a>...<\/a><\/li>\n\n\n\n<li><a href='?page_no=19074'>19074<\/a><\/li>\n\n\n\n<li><a href='?page_no=19075'>19075<\/a><\/li>\n\n\n\n<li class='active'><a>19076<\/a><\/li>\n\n\n\n<li><a href='?page_no=19077'>19077<\/a><\/li>\n\n\n\n<li><a href='?page_no=19078'>19078<\/a><\/li>\n\n\n\n<li><a>...<\/a><\/li>\n\n\n\n<li><a href='?page_no=51012'>51012<\/a><\/li>\n\n\n\n<li><a href='?page_no=51013'>51013<\/a><\/li>\n\n    \n\t\n\n<li >\n\t<a href='?page_no=19077'>Next<\/a>\n\t<\/li>\n\n\n    \n\n<li><a href='?page_no=51013'>Last &rsaquo;&rsaquo;<\/a><\/li>\n\n<\/ul>\n\n\n--><br \/>\n<\/body><\/p>\n","protected":false},"excerpt":{"rendered":"<p>10 Jul 2016 AFP \/ Paul J. Richards Unos manifestantes seleccionan unas pancartas preparadas por el movimiento Black Lives Matter el 9 de julio de 2016 en Washington Un prominente activista del movimiento Black Lives Matter (BLM) film\u00f3 su propio arresto en la noche del s\u00e1bado en Baton Rouge, Luisiana, informaron los medios locales, cuando [&hellip;]<\/p>\n","protected":false},"author":3,"featured_media":0,"comment_status":"open","ping_status":"open","sticky":false,"template":"","format":"standard","meta":{"footnotes":""},"categories":[23],"tags":[],"class_list":["post-249431","post","type-post","status-publish","format-standard","hentry","category-internacional"],"_links":{"self":[{"href":"https:\/\/diariodominicano.com\/index.php?rest_route=\/wp\/v2\/posts\/249431","targetHints":{"allow":["GET"]}}],"collection":[{"href":"https:\/\/diariodominicano.com\/index.php?rest_route=\/wp\/v2\/posts"}],"about":[{"href":"https:\/\/diariodominicano.com\/index.php?rest_route=\/wp\/v2\/types\/post"}],"author":[{"embeddable":true,"href":"https:\/\/diariodominicano.com\/index.php?rest_route=\/wp\/v2\/users\/3"}],"replies":[{"embeddable":true,"href":"https:\/\/diariodominicano.com\/index.php?rest_route=%2Fwp%2Fv2%2Fcomments&post=249431"}],"version-history":[{"count":0,"href":"https:\/\/diariodominicano.com\/index.php?rest_route=\/wp\/v2\/posts\/249431\/revisions"}],"wp:attachment":[{"href":"https:\/\/diariodominicano.com\/index.php?rest_route=%2Fwp%2Fv2%2Fmedia&parent=249431"}],"wp:term":[{"taxonomy":"category","embeddable":true,"href":"https:\/\/diariodominicano.com\/index.php?rest_route=%2Fwp%2Fv2%2Fcategories&post=249431"},{"taxonomy":"post_tag","embeddable":true,"href":"https:\/\/diariodominicano.com\/index.php?rest_route=%2Fwp%2Fv2%2Ftags&post=249431"}],"curies":[{"name":"wp","href":"https:\/\/api.w.org\/{rel}","templated":true}]}}