{"id":249429,"date":"2016-07-11T01:12:00","date_gmt":"2016-07-11T01:12:00","guid":{"rendered":"http:\/\/diariodominicano.ddns.net\/?p=249429"},"modified":"2016-07-11T01:12:00","modified_gmt":"2016-07-11T01:12:00","slug":"obama-culmina-una-simbolica-visita-a-espana-acortada-por-tensiones-en-eeuu","status":"publish","type":"post","link":"https:\/\/diariodominicano.com\/?p=249429","title":{"rendered":"Obama culmina una simb\u00f3lica visita a Espa\u00f1a acortada por tensiones en EEUU"},"content":{"rendered":"<p><body><\/p>\n<p><img decoding=\"async\" src=\"img3\/d095ab0a0c1e6b661551e346c8da03e740583fff.jpg\" \/><br \/><img decoding=\"async\" src=\"img3\/8a51f19e2a4ce3d22301174604ef9da07d7eefce.jpg\" \/><br \/><img decoding=\"async\" src=\"img3\/b5eeaf9ba9fee8e0e6e5cede8914ae1640e23815.jpg\" \/>  <\/p>\n<\/p>\n<p>10 Jul 2016<\/p>\n<\/p>\n<p>AFP \/ Mandel Ngan<\/p>\n<p><strong>El presidente estadounidense, Barack Obama, el 10 de julio de 2016 en la base naval de Rota, en el suroeste de Espa\u00f1a<\/strong><\/p>\n<p>El presidente estadounidense, Barack Obama, resalt\u00f3 este domingo la \u00abextraordinaria alianza\u00bb con Espa\u00f1a, en una simb\u00f3lica pero breve visita opacada por los sangrientos tiroteos en Dallas y las tensiones raciales en su pa\u00eds.<\/p>\n<p>\u00abQuisiera poder quedarme m\u00e1s tiempo\u00bb, dijo Obama en una reuni\u00f3n con el rey Felipe VI, durante su visita rel\u00e1mpago de menos de 24 horas. \u00abPens\u00e9 que era importante venir dadas la extraordinaria amistad y alianza\u00bb bilateral, afirm\u00f3.<\/p>\n<p>Llegado de una cumbre de la OTAN en Varsovia, Obama recort\u00f3 a la mitad su estad\u00eda en Espa\u00f1a para regresar cuanto antes a Estados Unidos, estremecido por la matanza del jueves de cinco polic\u00edas por un joven negro veterano de guerra.<\/p>\n<p>Aprovechando declaraciones a la prensa junto al jefe de gobierno espa\u00f1ol saliente, Mariano Rajoy, Obama llam\u00f3 a la calma en su pa\u00eds.<\/p>\n<\/p>\n<p>AFP \/ Mandel Ngan<\/p>\n<p>El rey Felipe VI y el presidente de EEUU, Barack Obama (i), llegan al Palacio Real de Madrid el 10 de julio de 2016<\/p>\n<p>\u00abCuando los que est\u00e1n preocupados por la imparcialidad del sistema de justicia atacan a oficiales de polic\u00eda, se hace da\u00f1o a la causa. Primero que nada, cualquier acto de violencia contra la polic\u00eda es un crimen y debe ser procesado\u00bb, subray\u00f3.<\/p>\n<p>\u00abSi no reconocemos que la gran mayor\u00eda de los agentes de polic\u00eda est\u00e1n haciendo un buen trabajo y buscan proteger a la gente (&#8230;) perderemos aliados para una reforma\u00bb de la justicia, insisti\u00f3 Obama.<\/p>\n<p>Sus declaraciones llegan en momentos de alta tensi\u00f3n entre la polic\u00eda y las minor\u00edas raciales en Estados Unidos, que dejaron a unos 20 agentes heridos en la ciudad de Saint Paul (Minnesota) la noche del s\u00e1bado al domingo.<\/p>\n<p>&#8211; Bloqueo pol\u00edtico &#8211;<\/p>\n<p>La visita de Obama, la primera de un presidente estadounidense en 15 a\u00f1os, ocurre tambi\u00e9n en momentos de bloqueo pol\u00edtico en Espa\u00f1a, sin gobierno desde hace m\u00e1s de 200 d\u00edas.<\/p>\n<\/p>\n<p>AFP \/ Mandel Ngan<\/p>\n<p>El presidente estadounidense, Barack Obama (i), estrecha la mano del presidente del Gobierno espa\u00f1ol, Mariano Rajoy, el 10 de julio de 2016 en el palacio de La Moncloa, en Madrid<\/p>\n<p>Este tema fue abordado durante la reuni\u00f3n en Moncloa entre Rajoy y Obama, se\u00f1alaron ambos en rueda de prensa. Tambi\u00e9n trataron temas europeos, como el Brexit y los refugiados, y de Am\u00e9rica Latina, donde coincidieron en mostrar \u00abpreocupaci\u00f3n\u00bb por la crisis en Venezuela, dijeron.<\/p>\n<p>\u00abYo har\u00e9 por mi parte todos los esfuerzos que sean necesarios para formar gobierno a la mayor celeridad posible\u00bb, garantiz\u00f3 Rajoy, en plenas negociaciones tras unas legislativas en las que gan\u00f3 pero sin mayor\u00eda necesaria para garantizar su investidura.<\/p>\n<p>Si los espa\u00f1oles tuvieran que volver a las urnas, ser\u00eda \u00abuna broma de muy mal gusto\u00bb que afectar\u00eda la econom\u00eda espa\u00f1ola, advirti\u00f3.<\/p>\n<p>Obama, quien dese\u00f3 \u00abun gobierno funcional y estable\u00bb en Espa\u00f1a, no solo se vio con Rajoy. Tambi\u00e9n sostuvo breves reuniones con los l\u00edderes de la oposici\u00f3n: el socialista Pedro S\u00e1nchez, el liberal Albert Rivera y el antiausteridad de izquierda Pablo Iglesias.<\/p>\n<p>Este \u00faltimo indic\u00f3 en Twitter que le regal\u00f3 a Obama un libro sobre la Brigada Lincoln, conformada por unos 3.000 voluntarios estadounidenses que lucharon durante la guerra civil (1936-1939) junto a los republicanos, que se enfrentaban a las tropas de Francisco Franco.<\/p>\n<p>&#8211; El mejor aliado &#8211;<\/p>\n<p>El gobierno espa\u00f1ol en funciones hab\u00eda resaltado esta visita como el broche de oro de una etapa de \u00abnormalizaci\u00f3n\u00bb de las relaciones, luego de que se enfriaran durante el gobierno del socialista Jos\u00e9 Luis Rodr\u00edguez Zapatero (2004-2011), que retir\u00f3 las tropas espa\u00f1olas de Irak.<\/p>\n<\/p>\n<p>AFP \/ Pierre-Philippe Marcou<\/p>\n<p>El presidente de EEUU, Barack Obama, desciende del avi\u00f3n Air Force One en la base de Torrej\u00f3n de Ardoz, cerca de Madrid, el 9 de julio de 2016<\/p>\n<p>Para Obama fue una oportunidad de agradecer la cooperaci\u00f3n de Espa\u00f1a en materia de defensa, lo cual hizo en una visita a la base naval de Rota, Andaluc\u00eda (sur), donde tiene presencia militar Estados Unidos desde 1953.<\/p>\n<p>\u00abNo podr\u00edamos pedir un mejor aliado que Espa\u00f1a\u00bb, afirm\u00f3 Obama en un discurso ante unos 2.000 militares estadounidenses y espa\u00f1oles, luego de inspeccionar uno de los cuatro destructores norteamericanos estacionados en Rota, parte del escudo antimisiles que Estados Unidos despliega en Europa.<\/p>\n<p>Rota fue la \u00faltima escala del viaje de Obama, que es esperado en Estados Unidos donde el martes visitar\u00e1 Dallas.<\/p>\n<p>Para Obama fue una oportunidad de agradecer la cooperaci\u00f3n de Espa\u00f1a en materia de defensa, lo cual hizo en una visita a la base naval de Rota, Andaluc\u00eda (sur), donde tiene presencia militar Estados Unidos desde 1953.<\/p>\n<p>\u00abNo podr\u00edamos pedir un mejor aliado que Espa\u00f1a\u00bb, afirm\u00f3 Obama en un discurso ante unos 2.000 militares estadounidenses y espa\u00f1oles, luego de inspeccionar uno de los cuatro destructores norteamericanos estacionados en Rota, parte del escudo antimisiles que Estados Unidos despliega en Europa.<\/p>\n<p>Estados Unidos tambi\u00e9n tiene presencia en otra base, en Mor\u00f3n de la Frontera, cerca de Sevilla. All\u00ed mantiene un destacamento compuesto sobre todo por marines, que puede ser desplegado r\u00e1pidamente en caso de ataques contra instalaciones norteamericanas en el Norte de \u00c1frica y Oriente Medio.<\/p>\n<p>Rota fue la \u00faltima escala del viaje de Obama, que es esperado en Estados Unidos donde el martes visitar\u00e1 Dallas.<\/p>\n<p>En Madrid, varios centenares de activistas \u00abantiimperialistas\u00bb se manifestaron durante la jornada en los alrededores de la embajada estadounidense de Madrid con pancartas que rezaban \u00abObama go home\u00bb (\u00abObama vete a casa\u00bb), \u00abGuerra\u00bb y \u00abNi pistolas ni drones, comida para los pobres\u00bb.<\/p>\n<h6> 2016-07-11 01:12:00 <\/h6>\n<p><!--\n<link rel=\"stylesheet\" href=\"css\/bootstrap.min.css\">\n\n\n<ul class=\"pagination\">\n\t    \n\t\n\n<li >\n\t<a href='?page_no=19073'>Previous<\/a>\n\t<\/li>\n\n\n       \n    \n\n<li><a href='?page_no=1'>1<\/a><\/li>\n\n\n\n<li><a href='?page_no=2'>2<\/a><\/li>\n\n\n\n<li><a>...<\/a><\/li>\n\n\n\n<li><a href='?page_no=19072'>19072<\/a><\/li>\n\n\n\n<li><a href='?page_no=19073'>19073<\/a><\/li>\n\n\n\n<li class='active'><a>19074<\/a><\/li>\n\n\n\n<li><a href='?page_no=19075'>19075<\/a><\/li>\n\n\n\n<li><a href='?page_no=19076'>19076<\/a><\/li>\n\n\n\n<li><a>...<\/a><\/li>\n\n\n\n<li><a href='?page_no=51012'>51012<\/a><\/li>\n\n\n\n<li><a href='?page_no=51013'>51013<\/a><\/li>\n\n    \n\t\n\n<li >\n\t<a href='?page_no=19075'>Next<\/a>\n\t<\/li>\n\n\n    \n\n<li><a href='?page_no=51013'>Last &rsaquo;&rsaquo;<\/a><\/li>\n\n<\/ul>\n\n\n--><br \/>\n<\/body><\/p>\n","protected":false},"excerpt":{"rendered":"<p>10 Jul 2016 AFP \/ Mandel Ngan El presidente estadounidense, Barack Obama, el 10 de julio de 2016 en la base naval de Rota, en el suroeste de Espa\u00f1a El presidente estadounidense, Barack Obama, resalt\u00f3 este domingo la \u00abextraordinaria alianza\u00bb con Espa\u00f1a, en una simb\u00f3lica pero breve visita opacada por los sangrientos tiroteos en Dallas [&hellip;]<\/p>\n","protected":false},"author":3,"featured_media":0,"comment_status":"open","ping_status":"open","sticky":false,"template":"","format":"standard","meta":{"footnotes":""},"categories":[23],"tags":[],"class_list":["post-249429","post","type-post","status-publish","format-standard","hentry","category-internacional"],"_links":{"self":[{"href":"https:\/\/diariodominicano.com\/index.php?rest_route=\/wp\/v2\/posts\/249429","targetHints":{"allow":["GET"]}}],"collection":[{"href":"https:\/\/diariodominicano.com\/index.php?rest_route=\/wp\/v2\/posts"}],"about":[{"href":"https:\/\/diariodominicano.com\/index.php?rest_route=\/wp\/v2\/types\/post"}],"author":[{"embeddable":true,"href":"https:\/\/diariodominicano.com\/index.php?rest_route=\/wp\/v2\/users\/3"}],"replies":[{"embeddable":true,"href":"https:\/\/diariodominicano.com\/index.php?rest_route=%2Fwp%2Fv2%2Fcomments&post=249429"}],"version-history":[{"count":0,"href":"https:\/\/diariodominicano.com\/index.php?rest_route=\/wp\/v2\/posts\/249429\/revisions"}],"wp:attachment":[{"href":"https:\/\/diariodominicano.com\/index.php?rest_route=%2Fwp%2Fv2%2Fmedia&parent=249429"}],"wp:term":[{"taxonomy":"category","embeddable":true,"href":"https:\/\/diariodominicano.com\/index.php?rest_route=%2Fwp%2Fv2%2Fcategories&post=249429"},{"taxonomy":"post_tag","embeddable":true,"href":"https:\/\/diariodominicano.com\/index.php?rest_route=%2Fwp%2Fv2%2Ftags&post=249429"}],"curies":[{"name":"wp","href":"https:\/\/api.w.org\/{rel}","templated":true}]}}