{"id":249428,"date":"2016-07-11T01:21:34","date_gmt":"2016-07-11T01:21:34","guid":{"rendered":"http:\/\/diariodominicano.ddns.net\/?p=249428"},"modified":"2016-07-11T01:21:34","modified_gmt":"2016-07-11T01:21:34","slug":"casi-centenario-luis-mantiene-fresco-el-recuerdo-de-la-guerra-civil-espanola","status":"publish","type":"post","link":"https:\/\/diariodominicano.com\/?p=249428","title":{"rendered":"Casi centenario, Luis mantiene fresco el recuerdo de la Guerra Civil espa\u00f1ola"},"content":{"rendered":"<p><body><\/p>\n<p><img decoding=\"async\" src=\"img3\/e8b40769fc4d6b94aa61565e9cc03a41e5561d69.jpg\" \/><br \/><img decoding=\"async\" src=\"img3\/24f29be9d132f889cd1614626cc3fd6733542e1d.jpg\" \/><br \/><img decoding=\"async\" src=\"img3\/fed7fb1ce7f555c4a90b9d6d7c98cc077044edd2.jpg\" \/>  <\/p>\n<\/p>\n<p>10 Jul 2016<\/p>\n<\/p>\n<p>AFP \/ Ander Gillenea<\/p>\n<p><strong>Luis Ortiz Alfau, de 99 a\u00f1os, relata sus a\u00f1os en las filas republicanas durante la Guerra Civil espa\u00f1ola, el 5 de mayo de 2016 en Bilbao<\/strong><\/p>\n<p>Con casi 100 a\u00f1os de edad y mirada vivaz, bajo su boina vasca, Luis Ortiz Alfau recuerda la Guerra Civil espa\u00f1ola, que vivi\u00f3 en carne propia: en 1936 se uni\u00f3 a las filas republicanas, joven y \u00absin fusil\u00bb.<\/p>\n<p>Puntual, Luis se encuentra a la hora acordada al pie de su edificio en Bilbao. Sin tiempo que perder, invita a entrar en el apartamento, donde rodeado de archivos y con su ordenador vive solo este cort\u00e9s viudo de 99 a\u00f1os.<\/p>\n<p>\u00abCuando estall\u00f3 la guerra el 18 de julio de 1936, ten\u00eda 19 a\u00f1os y trabajaba en un almac\u00e9n de comida, era administrativo, haciendo facturas\u00bb, comienza su relato. \u00abIngres\u00e9 en los primeros d\u00edas de agosto en Bilbao en un batall\u00f3n de Izquierda Republicana\u00bb, se\u00f1ala.<\/p>\n<p>\u00abHijo de republicano, me tuve que incorporar porque seguro que me iban a llamar y tambi\u00e9n yo pretend\u00eda defender la libertad y el Gobierno legal del Frente Popular\u00bb, que enfrentaba una insurrecci\u00f3n militar nacionalista dirigida por el general Francisco Franco.<\/p>\n<p>\u00abNo ten\u00edamos material de guerra, est\u00e1bamos incluso sin fusiles, hac\u00edamos la instrucci\u00f3n con escobas\u00bb, rememora.<\/p>\n<p>Ortiz Alfau, que rechaza ser considerado un h\u00e9roe, asegura no haber \u00abdisparado un tiro\u00bb durante todo el conflicto.<\/p>\n<p>\u00abTuve la suerte de estar en transmisiones siempre. Yo era un tel\u00e9fono viviente: iba de la comandancia del batall\u00f3n a donde estaban las trincheras con un sobrecito. En los mensajes, ped\u00edan armas, dec\u00edan &#8216;no podemos aguantar&#8217; o &#8216;hemos tenido muchas bajas'\u00bb, dice.<\/p>\n<p>&#8211; Recoger muertos en Guernica &#8211;<\/p>\n<\/p>\n<p>AFP \/ Ander Gillenea<\/p>\n<p>Luis Ortiz Alfau, de 99 a\u00f1os, muestra unos fotograf\u00edas mientras recuerda su experiencia en las filas republicanas durante la Guerra Civil espa\u00f1ola, el 5 de mayo de 2016 en Bilbao<\/p>\n<p>El 26 de abril de 1937, su batall\u00f3n recuperaba el aliento en un barrio de la villa vasca de Guernica, cuando los \u00abaviones alemanes\u00bb hicieron llover decenas de toneladas de bombas.<\/p>\n<p>\u00abTuvimos que salir a recoger muertos y heridos, estaba todo ardiendo con humo, nunca hab\u00eda visto tanta sangre\u00bb, asegura Ortiz Alfau, contradiciendo la versi\u00f3n oficial de Franco, que culp\u00f3 al \u00abvandalismo rojo\u00bb de la destrucci\u00f3n de la ciudad.<\/p>\n<p>En febrero de 1939, con la derrota republicana, huy\u00f3 a Francia. All\u00ed conoci\u00f3 la dureza de los campos donde los republicanos espa\u00f1oles, considerados \u00abindeseables\u00bb, eran confinados.<\/p>\n<p>\u00abLo impresionante\u00bb de la historia de Ortiz Alfau, dice el periodista Ander Izaguirre, encargado por un instituto gubernamental vasco de escribir su biograf\u00eda, \u00abes que pasa por los sitios m\u00e1s importantes de la guerra y de la posguerra, incluso en Francia, en el campo de Gurs, donde despu\u00e9s encerraron a jud\u00edos que iban a mandar a campos de exterminio\u00bb.<\/p>\n<p>Al entrar Francia en la Segunda Guerra Mundial, en septiembre de 1939, Luis vio la oportunidad de regresar a Espa\u00f1a para ver a sus padres y a su prometida. Pero fue arrestado en la frontera y enviado, en junio de 1940, a uno de los\u00bb 121 batallones de trabajo forzado\u00bb -seg\u00fan el historiador brit\u00e1nico Antony Beevor- creados por Franco para explotar a los vencidos.<\/p>\n<p>&#8211; &#8216;Esclavo del franquismo&#8217; &#8211;<\/p>\n<\/p>\n<p>AFP \/ Ander Gillenea<\/p>\n<p>Luis Ortiz Alfau, de 99 a\u00f1os, recuerda su experiencia en las filas republicanas durante la Guerra Civil espa\u00f1ola, el 5 de mayo de 2016 en Bilbao<\/p>\n<p>A Luis le gusta decir que lo que le salv\u00f3 fue saber escribir a m\u00e1quina. Gracias a esa habilidad, fungi\u00f3 de \u00abescribiente de la primera compa\u00f1\u00eda del batall\u00f3n de soldados trabajadores N\u00ba38\u00bb, encargado de construir, bajo un trato \u00abinhumano\u00bb, una ruta en los Pirineos.<\/p>\n<p>\u00abYo era privilegiado, estaba con los oficiales en una casita, pero la tropa estaba en las afueras en unos barracones de ganado\u00bb, recuerda. \u00abHab\u00eda gente que pesaba 38-40 kilos\u00bb, que deb\u00eda alimentarse de restos que dejaban los cerdos o de \u00ablagartos crudos\u00bb, narra.<\/p>\n<p>A\u00fan siente \u00abverg\u00fcenza\u00bb al recordar que fue \u00abc\u00f3mplice\u00bb de que algunos pasaran m\u00e1s hambre a\u00fan por haber sido forzado a entregarle a un teniente franquista parte del dinero destinado a adquirir alimentos. \u00abPido perd\u00f3n, lo lamento mucho\u00bb, dice.<\/p>\n<p>Tras cumplir un largo \u00abservicio militar\u00bb en Galicia, regres\u00f3 en 1943 a Bilbao, donde se top\u00f3 con la realidad de que los empleos estaban reservados a \u00ablos que hab\u00edan luchado con Franco\u00bb.<\/p>\n<p>Solo pudo trabajar cuando \u00absoborn\u00f3\u00bb a un funcionario, que borr\u00f3 su ficha de excombatiente republicano.<\/p>\n<p>A pocos meses de cumplir sus 100 a\u00f1os, el 13 de octubre, Luis se siente \u00abextraordinariamente feliz\u00bb.<\/p>\n<p>\u00abFeliz como un resucitado\u00bb por poder compartir su testimonio en nombre de los \u00abexesclavos del franquismo\u00bb, agrega.<\/p>\n<p>Tras la muerte de Franco, fue aprobada una ley de amnist\u00eda de 1977 que pretend\u00eda borrar los cr\u00edmenes de la Guerra Civil y la dictadura.<\/p>\n<p>Pero, escud\u00e1ndose en el principio de jurisdicci\u00f3n universal, una jueza argentina, Mar\u00eda Servini, lleva a cabo una investigaci\u00f3n. Y ya Luis le detall\u00f3 \u00ablo que otros presos republicanos ya no le pod\u00edan contar\u00bb.<\/p>\n<h6> 2016-07-11 01:21:34 <\/h6>\n<p><!--\n<link rel=\"stylesheet\" href=\"css\/bootstrap.min.css\">\n\n\n<ul class=\"pagination\">\n\t    \n\t\n\n<li >\n\t<a href='?page_no=19072'>Previous<\/a>\n\t<\/li>\n\n\n       \n    \n\n<li><a href='?page_no=1'>1<\/a><\/li>\n\n\n\n<li><a href='?page_no=2'>2<\/a><\/li>\n\n\n\n<li><a>...<\/a><\/li>\n\n\n\n<li><a href='?page_no=19071'>19071<\/a><\/li>\n\n\n\n<li><a href='?page_no=19072'>19072<\/a><\/li>\n\n\n\n<li class='active'><a>19073<\/a><\/li>\n\n\n\n<li><a href='?page_no=19074'>19074<\/a><\/li>\n\n\n\n<li><a href='?page_no=19075'>19075<\/a><\/li>\n\n\n\n<li><a>...<\/a><\/li>\n\n\n\n<li><a href='?page_no=51012'>51012<\/a><\/li>\n\n\n\n<li><a href='?page_no=51013'>51013<\/a><\/li>\n\n    \n\t\n\n<li >\n\t<a href='?page_no=19074'>Next<\/a>\n\t<\/li>\n\n\n    \n\n<li><a href='?page_no=51013'>Last &rsaquo;&rsaquo;<\/a><\/li>\n\n<\/ul>\n\n\n--><br \/>\n<\/body><\/p>\n","protected":false},"excerpt":{"rendered":"<p>10 Jul 2016 AFP \/ Ander Gillenea Luis Ortiz Alfau, de 99 a\u00f1os, relata sus a\u00f1os en las filas republicanas durante la Guerra Civil espa\u00f1ola, el 5 de mayo de 2016 en Bilbao Con casi 100 a\u00f1os de edad y mirada vivaz, bajo su boina vasca, Luis Ortiz Alfau recuerda la Guerra Civil espa\u00f1ola, que [&hellip;]<\/p>\n","protected":false},"author":3,"featured_media":0,"comment_status":"open","ping_status":"open","sticky":false,"template":"","format":"standard","meta":{"footnotes":""},"categories":[23],"tags":[],"class_list":["post-249428","post","type-post","status-publish","format-standard","hentry","category-internacional"],"_links":{"self":[{"href":"https:\/\/diariodominicano.com\/index.php?rest_route=\/wp\/v2\/posts\/249428","targetHints":{"allow":["GET"]}}],"collection":[{"href":"https:\/\/diariodominicano.com\/index.php?rest_route=\/wp\/v2\/posts"}],"about":[{"href":"https:\/\/diariodominicano.com\/index.php?rest_route=\/wp\/v2\/types\/post"}],"author":[{"embeddable":true,"href":"https:\/\/diariodominicano.com\/index.php?rest_route=\/wp\/v2\/users\/3"}],"replies":[{"embeddable":true,"href":"https:\/\/diariodominicano.com\/index.php?rest_route=%2Fwp%2Fv2%2Fcomments&post=249428"}],"version-history":[{"count":0,"href":"https:\/\/diariodominicano.com\/index.php?rest_route=\/wp\/v2\/posts\/249428\/revisions"}],"wp:attachment":[{"href":"https:\/\/diariodominicano.com\/index.php?rest_route=%2Fwp%2Fv2%2Fmedia&parent=249428"}],"wp:term":[{"taxonomy":"category","embeddable":true,"href":"https:\/\/diariodominicano.com\/index.php?rest_route=%2Fwp%2Fv2%2Fcategories&post=249428"},{"taxonomy":"post_tag","embeddable":true,"href":"https:\/\/diariodominicano.com\/index.php?rest_route=%2Fwp%2Fv2%2Ftags&post=249428"}],"curies":[{"name":"wp","href":"https:\/\/api.w.org\/{rel}","templated":true}]}}