{"id":249425,"date":"2016-07-11T08:39:13","date_gmt":"2016-07-11T08:39:13","guid":{"rendered":"http:\/\/diariodominicano.ddns.net\/?p=249425"},"modified":"2016-07-11T08:39:13","modified_gmt":"2016-07-11T08:39:13","slug":"gobierno-y-farc-presentan-plan-piloto-para-sustituir-cultivos-de-coca","status":"publish","type":"post","link":"https:\/\/diariodominicano.com\/?p=249425","title":{"rendered":"Gobierno y FARC presentan plan piloto para sustituir cultivos de coca"},"content":{"rendered":"<p><body><\/p>\n<p><img decoding=\"async\" src=\"img3\/cultivocolombia11-7.jpg\" \/>  <\/p>\n<p><span class=\"text1noticias\">  BOGOTA, 10 jul (Xinhua) &#8212; El gobierno colombiano y la guerrilla de las Fuerzas Armadas Revolucionarias de Colombia (FARC) presentaron hoy un plan piloto para sustituir cultivos de hoja de coca, programa que se iniciar\u00e1 en breve en un sector sembrado por narcocultivos, ubicado en el noroeste del pa\u00eds sudamericano.<\/span><\/p>\n<p><span class=\"text1noticias\"> <\/span><\/p>\n<p><span class=\"text1noticias\">     El alto consejero para el Posconflicto, Rafael Pardo, y el miembro de secretariado (c\u00fapula) de las FARC y negociador de ese grupo guerrillero en el proceso de paz, \u00abPastor Alape\u00bb, presentaron durante un acto realizado, en una zona rural del municipio de Brice\u00f1o, el nuevo plan piloto de sustituci\u00f3n de cultivos ilegales.<\/span><\/p>\n<p><span class=\"text1noticias\"> <\/span><\/p>\n<p><span class=\"text1noticias\">     \u00abEsta es una oportunidad para que el gobierno y la comunidad generen de la mano desarrollo alternativo y eviten la resiembra de coca. Lo que hemos hecho hoy es generar confianza, que tenga un solo fin y es generar desarrollo en la comunidad a partir de la eliminaci\u00f3n de cultivos ilegales\u00bb, sostuvo Pardo.<\/span><\/p>\n<p><span class=\"text1noticias\"> <\/span><\/p>\n<p><span class=\"text1noticias\">     Seg\u00fan el funcionario, en unos dos meses se presentar\u00e1 una \u00abhoja de ruta\u00bb en el que se presentar\u00e1n las nuevas actividades que realizar\u00e1n los campesinos, que dejar\u00e1n de cultivar la hoja de coca.<\/span><\/p>\n<p><span class=\"text1noticias\"> <\/span><\/p>\n<p><span class=\"text1noticias\">     \u00abEn dos meses aspiramos tener compromisos de las comunidades y los compromisos del gobierno para sustituir, tumbar la coca, comprometerse a no resembrar y no estar en actividades il\u00edcitas\u00bb, agreg\u00f3 el alto consejero.<\/span><\/p>\n<p><span class=\"text1noticias\"> <\/span><\/p>\n<p><span class=\"text1noticias\">     A su turno, el l\u00edder insurgente confi\u00f3 en que los campesinos de ese sector del departamento de Antioquia puedan sustituir los cultivos ilegales por otros legales, que igualmente sean rentables para ellos.<\/span><\/p>\n<p><span class=\"text1noticias\"> <\/span><\/p>\n<p><span class=\"text1noticias\">     \u00abLas FARC pondremos el mayor voltaje de nuestras energ\u00edas por hacer de este programa un \u00e9xito &#8230; venimos a construir un programa con el conjunto de las comunidades y los aportes del gobierno para poder sacar adelante la vida de los campesinos en Colombia\u00bb, asevero.<\/span><\/p>\n<p><span class=\"text1noticias\"> <\/span><\/p>\n<p><span class=\"text1noticias\">     El pasado viernes, el Sistema Integrado de Monitoreo de Cultivos Il\u00edcitos de Naciones Unidas (Simci) revel\u00f3 que Colombia se convirti\u00f3 en el \u00faltimo a\u00f1o en el mayor productor de coca\u00edna del mundo y en la naci\u00f3n con mayores sembrad\u00edos de hoja de coca, que en el \u00faltimo a\u00f1o crecieron un 39 por c<\/span>iento. <\/p>\n<h6> 2016-07-11 08:39:13 <\/h6>\n<p><!--\n<link rel=\"stylesheet\" href=\"css\/bootstrap.min.css\">\n\n\n<ul class=\"pagination\">\n\t    \n\t\n\n<li >\n\t<a href='?page_no=19069'>Previous<\/a>\n\t<\/li>\n\n\n       \n    \n\n<li><a href='?page_no=1'>1<\/a><\/li>\n\n\n\n<li><a href='?page_no=2'>2<\/a><\/li>\n\n\n\n<li><a>...<\/a><\/li>\n\n\n\n<li><a href='?page_no=19068'>19068<\/a><\/li>\n\n\n\n<li><a href='?page_no=19069'>19069<\/a><\/li>\n\n\n\n<li class='active'><a>19070<\/a><\/li>\n\n\n\n<li><a href='?page_no=19071'>19071<\/a><\/li>\n\n\n\n<li><a href='?page_no=19072'>19072<\/a><\/li>\n\n\n\n<li><a>...<\/a><\/li>\n\n\n\n<li><a href='?page_no=51012'>51012<\/a><\/li>\n\n\n\n<li><a href='?page_no=51013'>51013<\/a><\/li>\n\n    \n\t\n\n<li >\n\t<a href='?page_no=19071'>Next<\/a>\n\t<\/li>\n\n\n    \n\n<li><a href='?page_no=51013'>Last &rsaquo;&rsaquo;<\/a><\/li>\n\n<\/ul>\n\n\n--><br \/>\n<\/body><\/p>\n","protected":false},"excerpt":{"rendered":"<p>BOGOTA, 10 jul (Xinhua) &#8212; El gobierno colombiano y la guerrilla de las Fuerzas Armadas Revolucionarias de Colombia (FARC) presentaron hoy un plan piloto para sustituir cultivos de hoja de coca, programa que se iniciar\u00e1 en breve en un sector sembrado por narcocultivos, ubicado en el noroeste del pa\u00eds sudamericano. El alto consejero para el [&hellip;]<\/p>\n","protected":false},"author":3,"featured_media":0,"comment_status":"open","ping_status":"open","sticky":false,"template":"","format":"standard","meta":{"footnotes":""},"categories":[23],"tags":[],"class_list":["post-249425","post","type-post","status-publish","format-standard","hentry","category-internacional"],"_links":{"self":[{"href":"https:\/\/diariodominicano.com\/index.php?rest_route=\/wp\/v2\/posts\/249425","targetHints":{"allow":["GET"]}}],"collection":[{"href":"https:\/\/diariodominicano.com\/index.php?rest_route=\/wp\/v2\/posts"}],"about":[{"href":"https:\/\/diariodominicano.com\/index.php?rest_route=\/wp\/v2\/types\/post"}],"author":[{"embeddable":true,"href":"https:\/\/diariodominicano.com\/index.php?rest_route=\/wp\/v2\/users\/3"}],"replies":[{"embeddable":true,"href":"https:\/\/diariodominicano.com\/index.php?rest_route=%2Fwp%2Fv2%2Fcomments&post=249425"}],"version-history":[{"count":0,"href":"https:\/\/diariodominicano.com\/index.php?rest_route=\/wp\/v2\/posts\/249425\/revisions"}],"wp:attachment":[{"href":"https:\/\/diariodominicano.com\/index.php?rest_route=%2Fwp%2Fv2%2Fmedia&parent=249425"}],"wp:term":[{"taxonomy":"category","embeddable":true,"href":"https:\/\/diariodominicano.com\/index.php?rest_route=%2Fwp%2Fv2%2Fcategories&post=249425"},{"taxonomy":"post_tag","embeddable":true,"href":"https:\/\/diariodominicano.com\/index.php?rest_route=%2Fwp%2Fv2%2Ftags&post=249425"}],"curies":[{"name":"wp","href":"https:\/\/api.w.org\/{rel}","templated":true}]}}