{"id":249423,"date":"2016-07-11T15:34:51","date_gmt":"2016-07-11T15:34:51","guid":{"rendered":"http:\/\/diariodominicano.ddns.net\/?p=249423"},"modified":"2016-07-11T15:34:51","modified_gmt":"2016-07-11T15:34:51","slug":"la-eurozona-declarara-a-espana-y-portugal-en-infraccion-por-las-reglas-del-deficit","status":"publish","type":"post","link":"https:\/\/diariodominicano.com\/?p=249423","title":{"rendered":"La eurozona declarar\u00e1 a Espa\u00f1a y Portugal en infracci\u00f3n por las reglas del d\u00e9ficit"},"content":{"rendered":"<p><body><\/p>\n<p><img decoding=\"async\" src=\"img3\/81d8178dc84acf4c874a890ddbf83778b951d33a.jpg\" \/>  <\/p>\n<p>11 Jul 2016<\/p>\n<\/p>\n<p>AFP \/ John Thys<\/p>\n<p><strong>El presidente del Eurogrupo, Jeroen Dijsselbloem (dcha.), habla con el comisario de Asuntos Econ\u00f3micos y Financieros, Pierre Moscovici, el 11 de julio de 2016 en una reuni\u00f3n del Eurogrupo en Bruselas<\/strong><\/p>\n<p>Los ministros de Finanzas de la zona euro declarar\u00e1n el martes el incumplimiento por parte de Espa\u00f1a y Portugal de las reglas del d\u00e9ficit fiscal, dijo este lunes el presidente del Eurogrupo, Jeroen Dijsselbloem.<\/p>\n<p>\u00abLos miembros de la eurozona dar\u00e1n por lo tanto ma\u00f1ana [martes] el apoyo un\u00e1nime a las recomendaciones de la Comisi\u00f3n\u00bb, dijo Dijsselbloem en una rueda de prensa al t\u00e9rmino de una reuni\u00f3n ministerial en Bruselas.<\/p>\n<p>La Comisi\u00f3n hab\u00eda declarado el jueves que Espa\u00f1a y Portugal hab\u00edan incumplido los objetivos de d\u00e9ficit y no hab\u00eda implementado las medidas recomendadas para cumplirlos.<\/p>\n<p>El comisario europeo de Asuntos Econ\u00f3micos, Pierre Moscovici, precis\u00f3 en la misma rueda de prensa que \u00abdesde el momento en que (los ministros) van en nuestro sentido, se abre un periodo de 20 d\u00edas que es importante acortar\u00bb.<\/p>\n<p>\u00abVamos a iniciar un proceso de di\u00e1logo con los ministros de los pa\u00edses concernidos\u00bb para que argumenten las razones de los incumplientos del d\u00e9ficit, a\u00f1adi\u00f3.<\/p>\n<p>Estos argumentos \u00abdeben llegar lo m\u00e1s r\u00e1pidamente posible para que la decisi\u00f3n sea r\u00e1pida\u00bb, precis\u00f3.<\/p>\n<p>Las sanciones pueden llegar al 0,2% del PIB \u00abcomo m\u00e1ximo, y como m\u00ednimo a cero\u00bb, record\u00f3.<\/p>\n<p>ANTERIOR\tRETORNAR<\/p>\n<h6> 2016-07-11 15:34:51 <\/h6>\n<p><!--\n<link rel=\"stylesheet\" href=\"css\/bootstrap.min.css\">\n\n\n<ul class=\"pagination\">\n\t    \n\t\n\n<li >\n\t<a href='?page_no=19067'>Previous<\/a>\n\t<\/li>\n\n\n       \n    \n\n<li><a href='?page_no=1'>1<\/a><\/li>\n\n\n\n<li><a href='?page_no=2'>2<\/a><\/li>\n\n\n\n<li><a>...<\/a><\/li>\n\n\n\n<li><a href='?page_no=19066'>19066<\/a><\/li>\n\n\n\n<li><a href='?page_no=19067'>19067<\/a><\/li>\n\n\n\n<li class='active'><a>19068<\/a><\/li>\n\n\n\n<li><a href='?page_no=19069'>19069<\/a><\/li>\n\n\n\n<li><a href='?page_no=19070'>19070<\/a><\/li>\n\n\n\n<li><a>...<\/a><\/li>\n\n\n\n<li><a href='?page_no=51012'>51012<\/a><\/li>\n\n\n\n<li><a href='?page_no=51013'>51013<\/a><\/li>\n\n    \n\t\n\n<li >\n\t<a href='?page_no=19069'>Next<\/a>\n\t<\/li>\n\n\n    \n\n<li><a href='?page_no=51013'>Last &rsaquo;&rsaquo;<\/a><\/li>\n\n<\/ul>\n\n\n--><br \/>\n<\/body><\/p>\n","protected":false},"excerpt":{"rendered":"<p>11 Jul 2016 AFP \/ John Thys El presidente del Eurogrupo, Jeroen Dijsselbloem (dcha.), habla con el comisario de Asuntos Econ\u00f3micos y Financieros, Pierre Moscovici, el 11 de julio de 2016 en una reuni\u00f3n del Eurogrupo en Bruselas Los ministros de Finanzas de la zona euro declarar\u00e1n el martes el incumplimiento por parte de Espa\u00f1a [&hellip;]<\/p>\n","protected":false},"author":3,"featured_media":0,"comment_status":"open","ping_status":"open","sticky":false,"template":"","format":"standard","meta":{"footnotes":""},"categories":[23],"tags":[],"class_list":["post-249423","post","type-post","status-publish","format-standard","hentry","category-internacional"],"_links":{"self":[{"href":"https:\/\/diariodominicano.com\/index.php?rest_route=\/wp\/v2\/posts\/249423","targetHints":{"allow":["GET"]}}],"collection":[{"href":"https:\/\/diariodominicano.com\/index.php?rest_route=\/wp\/v2\/posts"}],"about":[{"href":"https:\/\/diariodominicano.com\/index.php?rest_route=\/wp\/v2\/types\/post"}],"author":[{"embeddable":true,"href":"https:\/\/diariodominicano.com\/index.php?rest_route=\/wp\/v2\/users\/3"}],"replies":[{"embeddable":true,"href":"https:\/\/diariodominicano.com\/index.php?rest_route=%2Fwp%2Fv2%2Fcomments&post=249423"}],"version-history":[{"count":0,"href":"https:\/\/diariodominicano.com\/index.php?rest_route=\/wp\/v2\/posts\/249423\/revisions"}],"wp:attachment":[{"href":"https:\/\/diariodominicano.com\/index.php?rest_route=%2Fwp%2Fv2%2Fmedia&parent=249423"}],"wp:term":[{"taxonomy":"category","embeddable":true,"href":"https:\/\/diariodominicano.com\/index.php?rest_route=%2Fwp%2Fv2%2Fcategories&post=249423"},{"taxonomy":"post_tag","embeddable":true,"href":"https:\/\/diariodominicano.com\/index.php?rest_route=%2Fwp%2Fv2%2Ftags&post=249423"}],"curies":[{"name":"wp","href":"https:\/\/api.w.org\/{rel}","templated":true}]}}