{"id":249421,"date":"2016-07-12T08:02:23","date_gmt":"2016-07-12T08:02:23","guid":{"rendered":"http:\/\/diariodominicano.ddns.net\/?p=249421"},"modified":"2016-07-12T08:02:23","modified_gmt":"2016-07-12T08:02:23","slug":"asesinato-escritor-y-editor-wilhems-edouard-preocupa-a-haitianos","status":"publish","type":"post","link":"https:\/\/diariodominicano.com\/?p=249421","title":{"rendered":"Asesinato escritor y editor Wilhems Edouard preocupa a haitianos"},"content":{"rendered":"<p><body><\/p>\n<p><img decoding=\"async\" src=\"img3\/Haitivilencia12-7.jpg\" \/>  <\/p>\n<p><span class=\"text1noticias\">Puerto Pr\u00edncipe, 12 jul (PL) El reciente asesinato del escritor y editor Wilhems Edouard impacta hoy en la sociedad haitiana cada vez m\u00e1s preocupada por la crisis pol\u00edtica que destap\u00f3 una mayor inseguridad en el pa\u00eds.<\/span><\/p>\n<p><span class=\"text1noticias\"> <\/span><\/p>\n<p><span class=\"text1noticias\">El Ministro de Justicia, Camille Edward, anunci\u00f3 una reuni\u00f3n del Consejo de la Polic\u00eda Nacional para esta semana y orient\u00f3 rigurosos controles en las motocicletas taxis que participan en casi todos los robos y asaltos.<\/span><\/p>\n<p><span class=\"text1noticias\"> <\/span><\/p>\n<p><span class=\"text1noticias\">Hace cuatro d\u00edas desconocidos que se trasladaban en motos abatieron a tiros a Edouard, de 51 a\u00f1os de edad, cuando regresaba de una sucursal del Banco Popular en Petionville.<\/span><\/p>\n<p><span class=\"text1noticias\"> <\/span><\/p>\n<p><span class=\"text1noticias\">El portavoz de la Presidencia de la Rep\u00fablica, Eddy Jackson Alexis, consider\u00f3 que se trata de una gran p\u00e9rdida para el pa\u00eds pues el intelectual fue director de la Imprenta Nacional y de Derechos de Autor, y deplor\u00f3 la violencia.<\/span><\/p>\n<p><span class=\"text1noticias\"> <\/span><\/p>\n<p><span class=\"text1noticias\">En tanto, el primer ministro Jean Charles Enex confirm\u00f3 que ser\u00e1 celebrada una reuni\u00f3n ampliada del Consejo de la Polic\u00eda Nacional que proporcione una garant\u00eda de que ser\u00e1n adoptadas nuevas disposiciones para enfrentar la violencia e inseguridad.<\/span><\/p>\n<p><span class=\"text1noticias\"> <\/span><\/p>\n<p><span class=\"text1noticias\">El presidente del Comit\u00e9 de Justicia de la C\u00e1mara de Representantes, Precio Cyprien, tambi\u00e9n manifest\u00f3 preocupaci\u00f3n por la inseguridad despu\u00e9s de haber escapado de un ataque de bandidos e inst\u00f3 a las autoridades a restaurar el orden.<\/span><\/p>\n<p><span class=\"text1noticias\"> <\/span><\/p>\n<p><span class=\"text1noticias\">Cyprien expres\u00f3 adem\u00e1s su preocupaci\u00f3n por la liberaci\u00f3n de delincuentes, ya que el comisario del Gobierno (jefe de la fiscal\u00eda), Jean Danton L\u00e9ger, lucha contra la detenci\u00f3n preventiva prolongada y por la libertad de quien no sea juzgado a tiempo.<\/span><\/p>\n<p><span class=\"text1noticias\"> <\/span><\/p>\n<p><span class=\"text1noticias\">El Director Ejecutivo de la Comisi\u00f3n Nacional de Derechos Humanos, Pierre Esperance, discrep\u00f3 de la declaraci\u00f3n de Cyprien, y dijo que lo que hay que poner son m\u00e1s recursos a disposici\u00f3n de la polic\u00eda para luchar contra la inseguridad.<\/span><\/p>\n<p><span class=\"text1noticias\"> <\/span><\/p>\n<p><span class=\"text1noticias\">Esperance critic\u00f3 a los parlamentarios por su lentitud para decidir sobre la transici\u00f3n que es vital para asegurar la estabilidad.<\/span><\/p>\n<p><span class=\"text1noticias\"> <\/span><\/p>\n<p><span class=\"text1noticias\">Ocurre que el parlamento ha dilatado tomar una decisi\u00f3n para definir si prorrogan o no el mandato del presidente interino Jocelerme Privert mientras opositores llaman a desobedecer las decisiones del jefe de Estado, lo que genera m\u00e1s caos.<\/span><\/p>\n<p><span class=\"text1noticias\"> <\/span><\/p>\n<p><span class=\"text1noticias\">Alexis, inform\u00f3 que en las \u00faltimas horas hubo numerosas reuniones entre el mandatario interino y los bloques parlamentarios para facilitar la continuaci\u00f3n de las sesiones de la Asamblea Nacional sobre el tema de la transici\u00f3n.<\/span><\/p>\n<p><span class=\"text1noticias\"> <\/span><\/p>\n<p><span class=\"text1noticias\">Sobre la decisi\u00f3n estadounidense de no financiar las nuevas elecciones, Alexis pidi\u00f3 a los contribuyentes cumplir con sus obligaciones fiscales para que el Estado disponga de fondos.<\/span><\/p>\n<p><span class=\"text1noticias\"> <\/span><\/p>\n<p><span class=\"text1noticias\">A\u00f1adi\u00f3 que el gobierno permanece abierto a la posibilidad de que otros pa\u00edses contribuyan con fondos para realizar l<\/span>os comicios.<\/p>\n<h6> 2016-07-12 08:02:23 <\/h6>\n<p><!--\n<link rel=\"stylesheet\" href=\"css\/bootstrap.min.css\">\n\n\n<ul class=\"pagination\">\n\t    \n\t\n\n<li >\n\t<a href='?page_no=19065'>Previous<\/a>\n\t<\/li>\n\n\n       \n    \n\n<li><a href='?page_no=1'>1<\/a><\/li>\n\n\n\n<li><a href='?page_no=2'>2<\/a><\/li>\n\n\n\n<li><a>...<\/a><\/li>\n\n\n\n<li><a href='?page_no=19064'>19064<\/a><\/li>\n\n\n\n<li><a href='?page_no=19065'>19065<\/a><\/li>\n\n\n\n<li class='active'><a>19066<\/a><\/li>\n\n\n\n<li><a href='?page_no=19067'>19067<\/a><\/li>\n\n\n\n<li><a href='?page_no=19068'>19068<\/a><\/li>\n\n\n\n<li><a>...<\/a><\/li>\n\n\n\n<li><a href='?page_no=51012'>51012<\/a><\/li>\n\n\n\n<li><a href='?page_no=51013'>51013<\/a><\/li>\n\n    \n\t\n\n<li >\n\t<a href='?page_no=19067'>Next<\/a>\n\t<\/li>\n\n\n    \n\n<li><a href='?page_no=51013'>Last &rsaquo;&rsaquo;<\/a><\/li>\n\n<\/ul>\n\n\n--><br \/>\n<\/body><\/p>\n","protected":false},"excerpt":{"rendered":"<p>Puerto Pr\u00edncipe, 12 jul (PL) El reciente asesinato del escritor y editor Wilhems Edouard impacta hoy en la sociedad haitiana cada vez m\u00e1s preocupada por la crisis pol\u00edtica que destap\u00f3 una mayor inseguridad en el pa\u00eds. El Ministro de Justicia, Camille Edward, anunci\u00f3 una reuni\u00f3n del Consejo de la Polic\u00eda Nacional para esta semana y [&hellip;]<\/p>\n","protected":false},"author":3,"featured_media":0,"comment_status":"open","ping_status":"open","sticky":false,"template":"","format":"standard","meta":{"footnotes":""},"categories":[23],"tags":[],"class_list":["post-249421","post","type-post","status-publish","format-standard","hentry","category-internacional"],"_links":{"self":[{"href":"https:\/\/diariodominicano.com\/index.php?rest_route=\/wp\/v2\/posts\/249421","targetHints":{"allow":["GET"]}}],"collection":[{"href":"https:\/\/diariodominicano.com\/index.php?rest_route=\/wp\/v2\/posts"}],"about":[{"href":"https:\/\/diariodominicano.com\/index.php?rest_route=\/wp\/v2\/types\/post"}],"author":[{"embeddable":true,"href":"https:\/\/diariodominicano.com\/index.php?rest_route=\/wp\/v2\/users\/3"}],"replies":[{"embeddable":true,"href":"https:\/\/diariodominicano.com\/index.php?rest_route=%2Fwp%2Fv2%2Fcomments&post=249421"}],"version-history":[{"count":0,"href":"https:\/\/diariodominicano.com\/index.php?rest_route=\/wp\/v2\/posts\/249421\/revisions"}],"wp:attachment":[{"href":"https:\/\/diariodominicano.com\/index.php?rest_route=%2Fwp%2Fv2%2Fmedia&parent=249421"}],"wp:term":[{"taxonomy":"category","embeddable":true,"href":"https:\/\/diariodominicano.com\/index.php?rest_route=%2Fwp%2Fv2%2Fcategories&post=249421"},{"taxonomy":"post_tag","embeddable":true,"href":"https:\/\/diariodominicano.com\/index.php?rest_route=%2Fwp%2Fv2%2Ftags&post=249421"}],"curies":[{"name":"wp","href":"https:\/\/api.w.org\/{rel}","templated":true}]}}