{"id":249418,"date":"2016-07-12T09:07:59","date_gmt":"2016-07-12T09:07:59","guid":{"rendered":"http:\/\/diariodominicano.ddns.net\/?p=249418"},"modified":"2016-07-12T09:07:59","modified_gmt":"2016-07-12T09:07:59","slug":"piden-chile-luchar-contra-concentracion-de-poder-en-los-medios","status":"publish","type":"post","link":"https:\/\/diariodominicano.com\/?p=249418","title":{"rendered":"Piden Chile luchar contra concentraci\u00f3n de poder en los medios"},"content":{"rendered":"<p><body><\/p>\n<p><img decoding=\"async\" src=\"img3\/javiera-olivares12-7.jpg\" \/>  <\/p>\n<p><span class=\"text1noticias\">Santiago de Chile, 12 jul (PL) La presidenta del Colegio de Periodistas de Chile, Javiera Olivares, pidi\u00f3 acentuar la batalla contra la concentraci\u00f3n de poder en los medios del pa\u00eds austral.<\/span><\/p>\n<p><span class=\"text1noticias\"> <\/span><\/p>\n<p><span class=\"text1noticias\">A prop\u00f3sito del 60 aniversario del Colegio de Periodistas y en una intensa velada en la que actu\u00f3 el afamado grupo Inti Illimani, Olivares subray\u00f3 que en la b\u00fasqueda de una sociedad inclusiva el papel de los medios es esencial.<\/span><\/p>\n<p><span class=\"text1noticias\"> <\/span><\/p>\n<p><span class=\"text1noticias\">Fustig\u00f3 en duros t\u00e9rminos al monopolio de El Mercurio y sus asociados, y en particular a su director Agust\u00edn Edwards Eastman, acusado de complicidad en el golpe de estado de Augusto Pinochet, en su campa\u00f1a contra el Gobierno de Salvador Allende.<\/span><\/p>\n<p><span class=\"text1noticias\"> <\/span><\/p>\n<p><span class=\"text1noticias\">Olivares se pronunci\u00f3 por la descentralizaci\u00f3n de los medios en Chile y asegur\u00f3 que la hoy llamada libertad de expresi\u00f3n es una libertad de empresas que a trav\u00e9s de sus \u00f3rganos de prensa discriminan a las mayor\u00edas.<\/span><\/p>\n<p><span class=\"text1noticias\"> <\/span><\/p>\n<p><span class=\"text1noticias\">La presidenta de la Rep\u00fablica, Michelle Bachelet, envi\u00f3 un mensaje a los periodistas chilenos destacando su importancia y proyecci\u00f3n en la sociedad que su Gobierno pretende dise\u00f1ar, con la educaci\u00f3n como prioridad dentro de sus reformas.<\/span><\/p>\n<p><span class=\"text1noticias\"> <\/span><\/p>\n<p><span class=\"text1noticias\">El texto fue le\u00eddo por el ministro secretario general del Gobierno, Marcelo D\u00edaz, quien a su vez aplaudi\u00f3 el papel de los medios y los invit\u00f3 a sumarse con objetividad y transparencia al proceso de cambios emprendido por su administraci\u00f3n.<\/span><\/p>\n<p><span class=\"text1noticias\"> <\/span><\/p>\n<p><span class=\"text1noticias\">D\u00edaz, quien es el portavoz oficial del Palacio de La Moneda, se\u00f1al\u00f3 que el proceso constituyente reci\u00e9n iniciado en todo el pa\u00eds es una oportunidad de los chilenos para dejar atr\u00e1s una Carta Magna heredada de la dictadura.<\/span><\/p>\n<p><span class=\"text1noticias\"> <\/span><\/p>\n<p><span class=\"text1noticias\">Varios ministros, embajadores, alcaldes y el presidente del Partido Comunista de Chile, Guillermo Teillier, estuvieron en la gala en la cual actu\u00f3 tambi\u00e9n el grupo A V\u00edctor sin V\u00edctor, homenaje al asesinado m\u00fasico V\u00edctor Jara.<\/span><\/p>\n<p><span class=\"text1noticias\"> <\/span><\/p>\n<p><span class=\"text1noticias\">En ocasi\u00f3n de la celebraci\u00f3n, el Colegio de Periodistas y la Unesco auspician desde hoy el seminario internacional Libertad de Expresi\u00f3n, Derecho a la Comunicaci\u00f3n Universal y Medios Plurales para las Democracias del Mundo.<\/span><\/p>\n<p><span class=\"text1noticias\"> <\/span><\/p>\n<p><span class=\"text1noticias\">Se espera la participaci\u00f3n de Julian Assange, el fundador de Wikileaks, en streaming desde Londres, Francisco Sierra (Ecuador), Gustavo G\u00f3mez (Uruguay), Dami\u00e1n Loreti y Guillermo Mastrini, ambosde Argentina, y Beatriz Costa (Brasil).<\/span><\/p>\n<p><span class=\"text1noticias\"> <\/span><\/p>\n<p><span class=\"text1noticias\">Por Chile estar\u00e1n la catedr\u00e1tica Mar\u00eda Olivia Monckeberg, Alejandra Matus, Alejandro Guillier, Carolina Robino (BBC), Bruno Sommer, Javiera Olivares, Pedro Cayuqueo, P\u00eda Matta y Javier <\/span>Rebolledo.<\/p>\n<h6> 2016-07-12 09:07:59 <\/h6>\n<p><!--\n<link rel=\"stylesheet\" href=\"css\/bootstrap.min.css\">\n\n\n<ul class=\"pagination\">\n\t    \n\t\n\n<li >\n\t<a href='?page_no=19062'>Previous<\/a>\n\t<\/li>\n\n\n       \n    \n\n<li><a href='?page_no=1'>1<\/a><\/li>\n\n\n\n<li><a href='?page_no=2'>2<\/a><\/li>\n\n\n\n<li><a>...<\/a><\/li>\n\n\n\n<li><a href='?page_no=19061'>19061<\/a><\/li>\n\n\n\n<li><a href='?page_no=19062'>19062<\/a><\/li>\n\n\n\n<li class='active'><a>19063<\/a><\/li>\n\n\n\n<li><a href='?page_no=19064'>19064<\/a><\/li>\n\n\n\n<li><a href='?page_no=19065'>19065<\/a><\/li>\n\n\n\n<li><a>...<\/a><\/li>\n\n\n\n<li><a href='?page_no=51012'>51012<\/a><\/li>\n\n\n\n<li><a href='?page_no=51013'>51013<\/a><\/li>\n\n    \n\t\n\n<li >\n\t<a href='?page_no=19064'>Next<\/a>\n\t<\/li>\n\n\n    \n\n<li><a href='?page_no=51013'>Last &rsaquo;&rsaquo;<\/a><\/li>\n\n<\/ul>\n\n\n--><br \/>\n<\/body><\/p>\n","protected":false},"excerpt":{"rendered":"<p>Santiago de Chile, 12 jul (PL) La presidenta del Colegio de Periodistas de Chile, Javiera Olivares, pidi\u00f3 acentuar la batalla contra la concentraci\u00f3n de poder en los medios del pa\u00eds austral. A prop\u00f3sito del 60 aniversario del Colegio de Periodistas y en una intensa velada en la que actu\u00f3 el afamado grupo Inti Illimani, Olivares [&hellip;]<\/p>\n","protected":false},"author":3,"featured_media":0,"comment_status":"open","ping_status":"open","sticky":false,"template":"","format":"standard","meta":{"footnotes":""},"categories":[23],"tags":[],"class_list":["post-249418","post","type-post","status-publish","format-standard","hentry","category-internacional"],"_links":{"self":[{"href":"https:\/\/diariodominicano.com\/index.php?rest_route=\/wp\/v2\/posts\/249418","targetHints":{"allow":["GET"]}}],"collection":[{"href":"https:\/\/diariodominicano.com\/index.php?rest_route=\/wp\/v2\/posts"}],"about":[{"href":"https:\/\/diariodominicano.com\/index.php?rest_route=\/wp\/v2\/types\/post"}],"author":[{"embeddable":true,"href":"https:\/\/diariodominicano.com\/index.php?rest_route=\/wp\/v2\/users\/3"}],"replies":[{"embeddable":true,"href":"https:\/\/diariodominicano.com\/index.php?rest_route=%2Fwp%2Fv2%2Fcomments&post=249418"}],"version-history":[{"count":0,"href":"https:\/\/diariodominicano.com\/index.php?rest_route=\/wp\/v2\/posts\/249418\/revisions"}],"wp:attachment":[{"href":"https:\/\/diariodominicano.com\/index.php?rest_route=%2Fwp%2Fv2%2Fmedia&parent=249418"}],"wp:term":[{"taxonomy":"category","embeddable":true,"href":"https:\/\/diariodominicano.com\/index.php?rest_route=%2Fwp%2Fv2%2Fcategories&post=249418"},{"taxonomy":"post_tag","embeddable":true,"href":"https:\/\/diariodominicano.com\/index.php?rest_route=%2Fwp%2Fv2%2Ftags&post=249418"}],"curies":[{"name":"wp","href":"https:\/\/api.w.org\/{rel}","templated":true}]}}