{"id":249417,"date":"2016-07-12T10:16:25","date_gmt":"2016-07-12T10:16:25","guid":{"rendered":"http:\/\/diariodominicano.ddns.net\/?p=249417"},"modified":"2016-07-12T10:16:25","modified_gmt":"2016-07-12T10:16:25","slug":"al-menos-11-muertos-y-decenas-de-heridos-colision-frontal-de-trenes","status":"publish","type":"post","link":"https:\/\/diariodominicano.com\/?p=249417","title":{"rendered":"Al menos 11 muertos y decenas de heridos colisi\u00f3n frontal de trenes"},"content":{"rendered":"<p><body><\/p>\n<p><img decoding=\"async\" src=\"img3\/Italaiacolision12-7.jpg\" \/><br \/><img decoding=\"async\" src=\"img3\/colicionItalia12-7.jpg\" \/><br \/><img decoding=\"async\" src=\"img3\/italyavion12-7.jpg\" \/>  <\/p>\n<p><span class=\"text1noticias\">  ROMA, 12 jul (Xinhua) &#8212; Al menos 11 pasajeros murieron y decenas m\u00e1s resultaron heridos este martes por una colisi\u00f3n frontal de trenes en la regi\u00f3n de Apulia, en el sur de Italia, de acuerdo con la agencia de noticias ANSA.<\/span><\/p>\n<p><span class=\"text1noticias\"> <\/span><\/p>\n<p><span class=\"text1noticias\">     Los bomberos est\u00e1n trabajando para sacar a los pasajeros del amasijo met\u00e1lico al que han quedado reducidos los vagones de cada tren. Los efectivos de rescate salvaron a un ni\u00f1o y lo transportaron por v\u00eda a\u00e9rea al hospital, seg\u00fan ANSA.<\/span><\/p>\n<p><span class=\"text1noticias\"> <\/span><\/p>\n<p><span class=\"text1noticias\">     Seg\u00fan efectivos de rescate, la cifra de las v\u00edctimas podr\u00eda aumentar. El accidente tuvo lugar en una v\u00eda \u00fanica entre los poblados de Ruvo di Puglia y Corato<\/span>. <\/p>\n<h6> 2016-07-12 10:16:25 <\/h6>\n<p><!--\n<link rel=\"stylesheet\" href=\"css\/bootstrap.min.css\">\n\n\n<ul class=\"pagination\">\n\t    \n\t\n\n<li >\n\t<a href='?page_no=19061'>Previous<\/a>\n\t<\/li>\n\n\n       \n    \n\n<li><a href='?page_no=1'>1<\/a><\/li>\n\n\n\n<li><a href='?page_no=2'>2<\/a><\/li>\n\n\n\n<li><a>...<\/a><\/li>\n\n\n\n<li><a href='?page_no=19060'>19060<\/a><\/li>\n\n\n\n<li><a href='?page_no=19061'>19061<\/a><\/li>\n\n\n\n<li class='active'><a>19062<\/a><\/li>\n\n\n\n<li><a href='?page_no=19063'>19063<\/a><\/li>\n\n\n\n<li><a href='?page_no=19064'>19064<\/a><\/li>\n\n\n\n<li><a>...<\/a><\/li>\n\n\n\n<li><a href='?page_no=51012'>51012<\/a><\/li>\n\n\n\n<li><a href='?page_no=51013'>51013<\/a><\/li>\n\n    \n\t\n\n<li >\n\t<a href='?page_no=19063'>Next<\/a>\n\t<\/li>\n\n\n    \n\n<li><a href='?page_no=51013'>Last &rsaquo;&rsaquo;<\/a><\/li>\n\n<\/ul>\n\n\n--><br \/>\n<\/body><\/p>\n","protected":false},"excerpt":{"rendered":"<p>ROMA, 12 jul (Xinhua) &#8212; Al menos 11 pasajeros murieron y decenas m\u00e1s resultaron heridos este martes por una colisi\u00f3n frontal de trenes en la regi\u00f3n de Apulia, en el sur de Italia, de acuerdo con la agencia de noticias ANSA. Los bomberos est\u00e1n trabajando para sacar a los pasajeros del amasijo met\u00e1lico al que [&hellip;]<\/p>\n","protected":false},"author":3,"featured_media":0,"comment_status":"open","ping_status":"open","sticky":false,"template":"","format":"standard","meta":{"footnotes":""},"categories":[23],"tags":[],"class_list":["post-249417","post","type-post","status-publish","format-standard","hentry","category-internacional"],"_links":{"self":[{"href":"https:\/\/diariodominicano.com\/index.php?rest_route=\/wp\/v2\/posts\/249417","targetHints":{"allow":["GET"]}}],"collection":[{"href":"https:\/\/diariodominicano.com\/index.php?rest_route=\/wp\/v2\/posts"}],"about":[{"href":"https:\/\/diariodominicano.com\/index.php?rest_route=\/wp\/v2\/types\/post"}],"author":[{"embeddable":true,"href":"https:\/\/diariodominicano.com\/index.php?rest_route=\/wp\/v2\/users\/3"}],"replies":[{"embeddable":true,"href":"https:\/\/diariodominicano.com\/index.php?rest_route=%2Fwp%2Fv2%2Fcomments&post=249417"}],"version-history":[{"count":0,"href":"https:\/\/diariodominicano.com\/index.php?rest_route=\/wp\/v2\/posts\/249417\/revisions"}],"wp:attachment":[{"href":"https:\/\/diariodominicano.com\/index.php?rest_route=%2Fwp%2Fv2%2Fmedia&parent=249417"}],"wp:term":[{"taxonomy":"category","embeddable":true,"href":"https:\/\/diariodominicano.com\/index.php?rest_route=%2Fwp%2Fv2%2Fcategories&post=249417"},{"taxonomy":"post_tag","embeddable":true,"href":"https:\/\/diariodominicano.com\/index.php?rest_route=%2Fwp%2Fv2%2Ftags&post=249417"}],"curies":[{"name":"wp","href":"https:\/\/api.w.org\/{rel}","templated":true}]}}