{"id":249416,"date":"2016-07-12T10:48:32","date_gmt":"2016-07-12T10:48:32","guid":{"rendered":"http:\/\/diariodominicano.ddns.net\/?p=249416"},"modified":"2016-07-12T10:48:32","modified_gmt":"2016-07-12T10:48:32","slug":"ejercito-sirio-recupera-localidad-cercana-a-damasco","status":"publish","type":"post","link":"https:\/\/diariodominicano.com\/?p=249416","title":{"rendered":"Ej\u00e9rcito sirio recupera localidad cercana a Damasco"},"content":{"rendered":"<p><body><\/p>\n<p><img decoding=\"async\" src=\"img3\/siria-ejercito12.jpg\" \/>  <\/p>\n<p><span class=\"text1noticias\">Damasco, 12 jul (PL) Unidades del Ej\u00e9rcito sirio recuperaron el control sobre la localidad de Meydah, en la zona de Gutta Oriental, a unos 30 kil\u00f3metros al este de Damasco, seg\u00fan partes militares de \u00faltima hora.<\/span><\/p>\n<p><span class=\"text1noticias\"> <\/span><\/p>\n<p><span class=\"text1noticias\">A\u00fan sin precisar bajas en las acciones, las informaciones indicaron que los combates fueron calle por calle en medio de \u00e1reas casi deshabitadas por el \u00e9xodo de pobladores, una de las caracter\u00edsticas de la guerra irregular actual en Siria.<\/span><\/p>\n<p><span class=\"text1noticias\"> <\/span><\/p>\n<p><span class=\"text1noticias\">Ahora, agregaron, los zapadores desminan el terreno luego de incautar armas y municiones a efectivos del llamado Batall\u00f3n del Isl\u00e1m, a los cuales se les cortaron vitales v\u00edas de suministros.<\/span><\/p>\n<p><span class=\"text1noticias\"> <\/span><\/p>\n<p><span class=\"text1noticias\">La regi\u00f3n de Gutta, perteneciente a la provincia de Damasco, es el cintur\u00f3n agr\u00edcola que rodea el este de la capital siria y \u00faltima barrera natural antes del extenso desierto del pa\u00eds que se extiende hasta la frontera con Ir<\/span>aq.<\/p>\n<h6> 2016-07-12 10:48:32 <\/h6>\n<p><!--\n<link rel=\"stylesheet\" href=\"css\/bootstrap.min.css\">\n\n\n<ul class=\"pagination\">\n\t    \n\t\n\n<li >\n\t<a href='?page_no=19060'>Previous<\/a>\n\t<\/li>\n\n\n       \n    \n\n<li><a href='?page_no=1'>1<\/a><\/li>\n\n\n\n<li><a href='?page_no=2'>2<\/a><\/li>\n\n\n\n<li><a>...<\/a><\/li>\n\n\n\n<li><a href='?page_no=19059'>19059<\/a><\/li>\n\n\n\n<li><a href='?page_no=19060'>19060<\/a><\/li>\n\n\n\n<li class='active'><a>19061<\/a><\/li>\n\n\n\n<li><a href='?page_no=19062'>19062<\/a><\/li>\n\n\n\n<li><a href='?page_no=19063'>19063<\/a><\/li>\n\n\n\n<li><a>...<\/a><\/li>\n\n\n\n<li><a href='?page_no=51012'>51012<\/a><\/li>\n\n\n\n<li><a href='?page_no=51013'>51013<\/a><\/li>\n\n    \n\t\n\n<li >\n\t<a href='?page_no=19062'>Next<\/a>\n\t<\/li>\n\n\n    \n\n<li><a href='?page_no=51013'>Last &rsaquo;&rsaquo;<\/a><\/li>\n\n<\/ul>\n\n\n--><br \/>\n<\/body><\/p>\n","protected":false},"excerpt":{"rendered":"<p>Damasco, 12 jul (PL) Unidades del Ej\u00e9rcito sirio recuperaron el control sobre la localidad de Meydah, en la zona de Gutta Oriental, a unos 30 kil\u00f3metros al este de Damasco, seg\u00fan partes militares de \u00faltima hora. A\u00fan sin precisar bajas en las acciones, las informaciones indicaron que los combates fueron calle por calle en medio [&hellip;]<\/p>\n","protected":false},"author":3,"featured_media":0,"comment_status":"open","ping_status":"open","sticky":false,"template":"","format":"standard","meta":{"footnotes":""},"categories":[23],"tags":[],"class_list":["post-249416","post","type-post","status-publish","format-standard","hentry","category-internacional"],"_links":{"self":[{"href":"https:\/\/diariodominicano.com\/index.php?rest_route=\/wp\/v2\/posts\/249416","targetHints":{"allow":["GET"]}}],"collection":[{"href":"https:\/\/diariodominicano.com\/index.php?rest_route=\/wp\/v2\/posts"}],"about":[{"href":"https:\/\/diariodominicano.com\/index.php?rest_route=\/wp\/v2\/types\/post"}],"author":[{"embeddable":true,"href":"https:\/\/diariodominicano.com\/index.php?rest_route=\/wp\/v2\/users\/3"}],"replies":[{"embeddable":true,"href":"https:\/\/diariodominicano.com\/index.php?rest_route=%2Fwp%2Fv2%2Fcomments&post=249416"}],"version-history":[{"count":0,"href":"https:\/\/diariodominicano.com\/index.php?rest_route=\/wp\/v2\/posts\/249416\/revisions"}],"wp:attachment":[{"href":"https:\/\/diariodominicano.com\/index.php?rest_route=%2Fwp%2Fv2%2Fmedia&parent=249416"}],"wp:term":[{"taxonomy":"category","embeddable":true,"href":"https:\/\/diariodominicano.com\/index.php?rest_route=%2Fwp%2Fv2%2Fcategories&post=249416"},{"taxonomy":"post_tag","embeddable":true,"href":"https:\/\/diariodominicano.com\/index.php?rest_route=%2Fwp%2Fv2%2Ftags&post=249416"}],"curies":[{"name":"wp","href":"https:\/\/api.w.org\/{rel}","templated":true}]}}